{"id":7435,"date":"2026-03-06T12:24:01","date_gmt":"2026-03-06T11:24:01","guid":{"rendered":"https:\/\/www.cfg.edu.pl\/?p=7435"},"modified":"2026-03-06T12:24:03","modified_gmt":"2026-03-06T11:24:03","slug":"swiatowy-dzien-wody-2026-konferencja-o-rownym-dostepie-do-wody-z-naszym-udzialem","status":"publish","type":"post","link":"http:\/\/www.cfg.edu.pl\/eng\/blog\/swiatowy-dzien-wody-2026-konferencja-o-rownym-dostepie-do-wody-z-naszym-udzialem\/","title":{"rendered":"World Water Day 2026: Conference on Equal Access to Water with Our Participation"},"content":{"rendered":"<h3 style=\"text-align: justify;\" data-start=\"69\" data-end=\"365\">Z okazji \u015awiatowego Dnia Wody <strong data-start=\"206\" data-end=\"258\">w Pa\u0142acu Staszica w Warszawie<\/strong>, w Sali im. Marii Sk\u0142odowskiej-Curie,\u00a0odb\u0119dzie si\u0119 konferencja pt. <strong data-start=\"128\" data-end=\"179\">\u201eWoda dla wszystkich: R\u00f3wne prawa i mo\u017cliwo\u015bci\u201d<\/strong>. Spotkanie zaplanowano na <strong data-start=\"206\" data-end=\"258\">20 marca 2026 roku<\/strong>. Wydarzenie organizuje <strong data-start=\"319\" data-end=\"364\">Instytut Geofizyki Polskiej Akademii Nauk<\/strong>.<\/h3>\n<p style=\"text-align: justify;\" data-start=\"367\" data-end=\"670\">Celem konferencji jest zwr\u00f3cenie uwagi na znaczenie wody jako wsp\u00f3lnego zasobu oraz na kwestie r\u00f3wnego dost\u0119pu do wody, us\u0142ug sanitarnych i bezpiecze\u0144stwa wodnego. Tematy te s\u0105 szczeg\u00f3lnie istotne w kontek\u015bcie zmiany klimatu, rosn\u0105cych potrzeb spo\u0142ecznych oraz zagro\u017ce\u0144 zwi\u0105zanych z suszami i powodziami.<\/p>\n<p style=\"text-align: justify;\" data-start=\"672\" data-end=\"897\">Program wydarzenia rozpocznie si\u0119 o godz. <strong data-start=\"714\" data-end=\"738\">11.30 kaw\u0105 powitaln\u0105<\/strong>, a o <strong data-start=\"744\" data-end=\"753\">12.00<\/strong> zaplanowano oficjalne otwarcie konferencji. Wprowadzenie wyg\u0142osz\u0105 <strong data-start=\"820\" data-end=\"852\">prof. dr hab. Pawe\u0142 Rowi\u0144ski<\/strong> will provide expert support <strong data-start=\"858\" data-end=\"896\">prof. dr hab. in\u017c. Tomasz Okruszko<\/strong>.<\/p>\n<p style=\"text-align: justify;\" data-start=\"899\" data-end=\"1127\">Nast\u0119pnie <strong data-start=\"909\" data-end=\"932\">dr in\u017c. Anna \u0141oboda<\/strong> przedstawi raport UNESCO dotycz\u0105cy wody zatytu\u0142owany <strong data-start=\"986\" data-end=\"1044\">\u201eWater for all people: Equal rights and opportunities\u201d<\/strong>, kt\u00f3ry po\u015bwi\u0119cony jest r\u00f3wnym prawom i mo\u017cliwo\u015bciom w dost\u0119pie do zasob\u00f3w wodnych.<\/p>\n<p style=\"text-align: justify;\" data-start=\"1129\" data-end=\"1357\">Centralnym punktem spotkania b\u0119dzie <strong data-start=\"1165\" data-end=\"1217\">panel dyskusyjny \u201eWoda, R\u00f3wno\u015b\u0107, Bezpiecze\u0144stwo\u201d<\/strong>, zaplanowany w godz. <strong data-start=\"1239\" data-end=\"1254\">12.45\u201314.30<\/strong>. W rozmowie wezm\u0105 udzia\u0142 eksperci zajmuj\u0105cy si\u0119 gospodark\u0105 wodn\u0105, ochron\u0105 \u015brodowiska i polityk\u0105 wodn\u0105:<\/p>\n<ul style=\"text-align: justify;\" data-start=\"1359\" data-end=\"1469\">\n<li data-section-id=\"f6bmsd\" data-start=\"1359\" data-end=\"1384\">\n<p data-start=\"1361\" data-end=\"1384\">dr in\u017c. Ilona Biedro\u0144<\/p>\n<\/li>\n<li data-section-id=\"1oc7k1m\" data-start=\"1385\" data-end=\"1405\">\n<p data-start=\"1387\" data-end=\"1405\">Piotr Niezna\u0144ski<\/p>\n<\/li>\n<li data-section-id=\"1nylsa5\" data-start=\"1406\" data-end=\"1428\">\n<p data-start=\"1408\" data-end=\"1428\">dr in\u017c. Klara Ramm<\/p>\n<\/li>\n<li data-section-id=\"2jsn3f\" data-start=\"1429\" data-end=\"1444\">\n<p data-start=\"1431\" data-end=\"1444\">Jacek Engel<\/p>\n<\/li>\n<li data-section-id=\"1a053pp\" data-start=\"1445\" data-end=\"1469\">\n<p data-start=\"1447\" data-end=\"1469\">dr hab. Iwona Wagner<\/p>\n<\/li>\n<\/ul>\n<p style=\"text-align: justify;\" data-start=\"1471\" data-end=\"1811\">Panel po\u015bwi\u0119cony b\u0119dzie wodzie jako wsp\u00f3lnemu zasobowi, kt\u00f3ry mo\u017ce zar\u00f3wno chroni\u0107 spo\u0142eczno\u015bci, jak i \u2013 w przypadku braku dost\u0119pu lub zagro\u017ce\u0144 wodnych \u2013 prowadzi\u0107 do wykluczenia. Uczestnicy spojrz\u0105 na problem z perspektywy Polski, analizuj\u0105c m.in. dost\u0119p do wody i us\u0142ug sanitarnych oraz kwestie bezpiecze\u0144stwa w obliczu powodzi czy suszy.<\/p>\n<p style=\"text-align: justify;\" data-start=\"1813\" data-end=\"1931\"><a href=\"https:\/\/preview.mailerlite.io\/forms\/1483903\/180916460360566652\/share\">Udzia\u0142 w konferencji jest <strong data-start=\"1839\" data-end=\"1852\">bezp\u0142atny<\/strong>, jednak obowi\u0105zuje wcze\u015bniejsza rejestracja poprzez formularz dost\u0119pny online.<\/a><\/p>\n<p style=\"text-align: justify;\" data-start=\"1933\" data-end=\"2085\" data-is-last-node=\"\" data-is-only-node=\"\">Osoby, kt\u00f3re nie b\u0119d\u0105 mog\u0142y uczestniczy\u0107 w wydarzeniu w Warszawie, b\u0119d\u0105 mog\u0142y obejrze\u0107 <strong data-start=\"2020\" data-end=\"2084\">transmisj\u0119 na \u017cywo <a href=\"https:\/\/www.youtube.com\/@igfpan64\">na kanale YouTube Instytutu Geofizyki PAN<\/a><\/strong>.<\/p>\n\n\n<p>Wi\u0119cej o problematyce dost\u0119pu do wody przeczytasz tutaj: <\/p>\n\n\n\n<p><a href=\"https:\/\/www.unwater.org\/news\/progress-household-drinking-water-sanitation-and-hygiene-2000-2024-special-focus-inequalities?utm_source=chatgpt.com\">https:\/\/www.unwater.org\/news\/progress-household-drinking-water-sanitation-and-hygiene-2000-2024-special-focus-inequalities?utm_source=chatgpt.com<\/a><\/p>\n\n\n\n<p><a href=\"https:\/\/sdg.iisd.org\/news\/who-and-unicef-find-inequitable-access-to-water-and-sanitation-in-europe\/?utm_source=chatgpt.com\">https:\/\/sdg.iisd.org\/news\/who-and-unicef-find-inequitable-access-to-water-and-sanitation-in-europe\/?utm_source=chatgpt.com<\/a><\/p>\n\n\n\n<figure class=\"wp-block-embed is-type-video is-provider-youtube wp-block-embed-youtube wp-embed-aspect-16-9 wp-has-aspect-ratio\"><div class=\"wp-block-embed__wrapper\">\n<iframe title=\"The UN World Water Development Report 2026 - Water for All: Equal rights and Opportunities\" width=\"800\" height=\"450\" src=\"https:\/\/www.youtube.com\/embed\/3EPVEix7Od4?feature=oembed\" frameborder=\"0\" allow=\"accelerometer; autoplay; clipboard-write; encrypted-media; gyroscope; picture-in-picture; web-share\" referrerpolicy=\"strict-origin-when-cross-origin\" allowfullscreen><\/iframe>\n<\/div><\/figure>","protected":false},"excerpt":{"rendered":"<p>Z okazji \u015awiatowego Dnia Wody w Pa\u0142acu Staszica w Warszawie, w Sali im. Marii Sk\u0142odowskiej-Curie,\u00a0odb\u0119dzie si\u0119 konferencja pt. \u201eWoda dla wszystkich: R\u00f3wne prawa i mo\u017cliwo\u015bci\u201d. Spotkanie zaplanowano na 20 marca 2026 roku. Wydarzenie organizuje Instytut Geofizyki Polskiej Akademii Nauk. Celem konferencji jest zwr\u00f3cenie uwagi na znaczenie wody jako wsp\u00f3lnego zasobu oraz na kwestie r\u00f3wnego dost\u0119pu [&hellip;]<\/p>\n","protected":false},"author":8,"featured_media":7436,"comment_status":"closed","ping_status":"closed","sticky":false,"template":"","format":"standard","meta":{"_acf_changed":false,"footnotes":""},"categories":[1,68],"tags":[112,265,79,264],"class_list":["post-7435","post","type-post","status-publish","format-standard","has-post-thumbnail","hentry","category-aktualnosci","category-woda","tag-edukacja-o-wodzie","tag-instytut-geofizyki-polskiej-akademii-nauk","tag-piotr-nieznanski","tag-swiatowy-dzien-wody"],"acf":[],"yoast_head":"<!-- This site is optimized with the Yoast SEO Premium plugin v23.4 (Yoast SEO v27.4) - https:\/\/yoast.com\/product\/yoast-seo-premium-wordpress\/ -->\n<title>Dzie\u0144 Wody to dobra okazja, by porozmawia\u0107 o dost\u0119pie do niej<\/title>\n<meta name=\"description\" content=\"Czy w Polsce wszyscy mamy r\u00f3wny dost\u0119p do wody? Na pierwszy rzut oka odpowied\u017a wydaje si\u0119 oczywista \u2013 przecie\u017c woda p\u0142ynie z kranu.\" \/>\n<meta name=\"robots\" content=\"index, follow, max-snippet:-1, max-image-preview:large, max-video-preview:-1\" \/>\n<link rel=\"canonical\" href=\"https:\/\/www.cfg.edu.pl\/eng\/blog\/swiatowy-dzien-wody-2026-konferencja-o-rownym-dostepie-do-wody-z-naszym-udzialem\/\" \/>\n<meta property=\"og:locale\" content=\"en_GB\" \/>\n<meta property=\"og:type\" content=\"article\" \/>\n<meta property=\"og:title\" content=\"\u015awiatowy Dzie\u0144 Wody 2026. Konferencja o r\u00f3wnym dost\u0119pie do wody z naszym udzia\u0142em\" \/>\n<meta property=\"og:description\" content=\"Czy w Polsce wszyscy mamy r\u00f3wny dost\u0119p do wody? Na pierwszy rzut oka odpowied\u017a wydaje si\u0119 oczywista \u2013 przecie\u017c woda p\u0142ynie z kranu.\" \/>\n<meta property=\"og:url\" content=\"https:\/\/www.cfg.edu.pl\/eng\/blog\/swiatowy-dzien-wody-2026-konferencja-o-rownym-dostepie-do-wody-z-naszym-udzialem\/\" \/>\n<meta property=\"og:site_name\" content=\"Code for Green\" \/>\n<meta property=\"article:publisher\" content=\"https:\/\/www.facebook.com\/FundacjaForumInicjatywSpolecznych\/\" \/>\n<meta property=\"article:published_time\" content=\"2026-03-06T11:24:01+00:00\" \/>\n<meta property=\"article:modified_time\" content=\"2026-03-06T11:24:03+00:00\" \/>\n<meta property=\"og:image\" content=\"https:\/\/www.cfg.edu.pl\/wp-content\/uploads\/2026\/03\/woda_konferencja-Sredni.jpeg\" \/>\n\t<meta property=\"og:image:width\" content=\"455\" \/>\n\t<meta property=\"og:image:height\" content=\"640\" \/>\n\t<meta property=\"og:image:type\" content=\"image\/jpeg\" \/>\n<meta name=\"author\" content=\"Iwona Danilewicz\" \/>\n<meta name=\"twitter:card\" content=\"summary_large_image\" \/>\n<meta name=\"twitter:label1\" content=\"Written by\" \/>\n\t<meta name=\"twitter:data1\" content=\"Iwona Danilewicz\" \/>\n\t<meta name=\"twitter:label2\" content=\"Est. reading time\" \/>\n\t<meta name=\"twitter:data2\" content=\"2 minutes\" \/>\n<script type=\"application\/ld+json\" class=\"yoast-schema-graph\">{\"@context\":\"https:\\\/\\\/schema.org\",\"@graph\":[{\"@type\":\"Article\",\"@id\":\"https:\\\/\\\/www.cfg.edu.pl\\\/blog\\\/swiatowy-dzien-wody-2026-konferencja-o-rownym-dostepie-do-wody-z-naszym-udzialem\\\/#article\",\"isPartOf\":{\"@id\":\"https:\\\/\\\/www.cfg.edu.pl\\\/blog\\\/swiatowy-dzien-wody-2026-konferencja-o-rownym-dostepie-do-wody-z-naszym-udzialem\\\/\"},\"author\":{\"name\":\"Iwona Danilewicz\",\"@id\":\"https:\\\/\\\/www.cfg.edu.pl\\\/#\\\/schema\\\/person\\\/fdc9fdf7fb9849e5a56520737e800c31\"},\"headline\":\"\u015awiatowy Dzie\u0144 Wody 2026. Konferencja o r\u00f3wnym dost\u0119pie do wody z naszym udzia\u0142em\",\"datePublished\":\"2026-03-06T11:24:01+00:00\",\"dateModified\":\"2026-03-06T11:24:03+00:00\",\"mainEntityOfPage\":{\"@id\":\"https:\\\/\\\/www.cfg.edu.pl\\\/blog\\\/swiatowy-dzien-wody-2026-konferencja-o-rownym-dostepie-do-wody-z-naszym-udzialem\\\/\"},\"wordCount\":379,\"publisher\":{\"@id\":\"https:\\\/\\\/www.cfg.edu.pl\\\/#organization\"},\"image\":{\"@id\":\"https:\\\/\\\/www.cfg.edu.pl\\\/blog\\\/swiatowy-dzien-wody-2026-konferencja-o-rownym-dostepie-do-wody-z-naszym-udzialem\\\/#primaryimage\"},\"thumbnailUrl\":\"https:\\\/\\\/www.cfg.edu.pl\\\/wp-content\\\/uploads\\\/2026\\\/03\\\/woda_konferencja-Sredni.jpeg\",\"keywords\":[\"edukacja o wodzie\",\"Instytut Geofizyki Polskiej Akademii Nauk\",\"Piotr Niezna\u0144ski\",\"\u015awiatowy Dzie\u0144 Wody\"],\"articleSection\":[\"Aktualno\u015bci\",\"Woda\"],\"inLanguage\":\"en-GB\"},{\"@type\":\"WebPage\",\"@id\":\"https:\\\/\\\/www.cfg.edu.pl\\\/blog\\\/swiatowy-dzien-wody-2026-konferencja-o-rownym-dostepie-do-wody-z-naszym-udzialem\\\/\",\"url\":\"https:\\\/\\\/www.cfg.edu.pl\\\/blog\\\/swiatowy-dzien-wody-2026-konferencja-o-rownym-dostepie-do-wody-z-naszym-udzialem\\\/\",\"name\":\"Dzie\u0144 Wody to dobra okazja, by porozmawia\u0107 o dost\u0119pie do niej\",\"isPartOf\":{\"@id\":\"https:\\\/\\\/www.cfg.edu.pl\\\/#website\"},\"primaryImageOfPage\":{\"@id\":\"https:\\\/\\\/www.cfg.edu.pl\\\/blog\\\/swiatowy-dzien-wody-2026-konferencja-o-rownym-dostepie-do-wody-z-naszym-udzialem\\\/#primaryimage\"},\"image\":{\"@id\":\"https:\\\/\\\/www.cfg.edu.pl\\\/blog\\\/swiatowy-dzien-wody-2026-konferencja-o-rownym-dostepie-do-wody-z-naszym-udzialem\\\/#primaryimage\"},\"thumbnailUrl\":\"https:\\\/\\\/www.cfg.edu.pl\\\/wp-content\\\/uploads\\\/2026\\\/03\\\/woda_konferencja-Sredni.jpeg\",\"datePublished\":\"2026-03-06T11:24:01+00:00\",\"dateModified\":\"2026-03-06T11:24:03+00:00\",\"description\":\"Czy w Polsce wszyscy mamy r\u00f3wny dost\u0119p do wody? Na pierwszy rzut oka odpowied\u017a wydaje si\u0119 oczywista \u2013 przecie\u017c woda p\u0142ynie z kranu.\",\"breadcrumb\":{\"@id\":\"https:\\\/\\\/www.cfg.edu.pl\\\/blog\\\/swiatowy-dzien-wody-2026-konferencja-o-rownym-dostepie-do-wody-z-naszym-udzialem\\\/#breadcrumb\"},\"inLanguage\":\"en-GB\",\"potentialAction\":[{\"@type\":\"ReadAction\",\"target\":[\"https:\\\/\\\/www.cfg.edu.pl\\\/blog\\\/swiatowy-dzien-wody-2026-konferencja-o-rownym-dostepie-do-wody-z-naszym-udzialem\\\/\"]}]},{\"@type\":\"ImageObject\",\"inLanguage\":\"en-GB\",\"@id\":\"https:\\\/\\\/www.cfg.edu.pl\\\/blog\\\/swiatowy-dzien-wody-2026-konferencja-o-rownym-dostepie-do-wody-z-naszym-udzialem\\\/#primaryimage\",\"url\":\"https:\\\/\\\/www.cfg.edu.pl\\\/wp-content\\\/uploads\\\/2026\\\/03\\\/woda_konferencja-Sredni.jpeg\",\"contentUrl\":\"https:\\\/\\\/www.cfg.edu.pl\\\/wp-content\\\/uploads\\\/2026\\\/03\\\/woda_konferencja-Sredni.jpeg\",\"width\":455,\"height\":640},{\"@type\":\"BreadcrumbList\",\"@id\":\"https:\\\/\\\/www.cfg.edu.pl\\\/blog\\\/swiatowy-dzien-wody-2026-konferencja-o-rownym-dostepie-do-wody-z-naszym-udzialem\\\/#breadcrumb\",\"itemListElement\":[{\"@type\":\"ListItem\",\"position\":1,\"name\":\"Home\",\"item\":\"https:\\\/\\\/www.cfg.edu.pl\\\/\"},{\"@type\":\"ListItem\",\"position\":2,\"name\":\"\u015awiatowy Dzie\u0144 Wody 2026. Konferencja o r\u00f3wnym dost\u0119pie do wody z naszym udzia\u0142em\"}]},{\"@type\":\"WebSite\",\"@id\":\"https:\\\/\\\/www.cfg.edu.pl\\\/#website\",\"url\":\"https:\\\/\\\/www.cfg.edu.pl\\\/\",\"name\":\"Fundacja Code for Green\",\"description\":\"Edukacja, \u015arodowisko, Sprawczo\u015b\u0107, Technologia\",\"publisher\":{\"@id\":\"https:\\\/\\\/www.cfg.edu.pl\\\/#organization\"},\"alternateName\":\"Code for Green\",\"potentialAction\":[{\"@type\":\"SearchAction\",\"target\":{\"@type\":\"EntryPoint\",\"urlTemplate\":\"https:\\\/\\\/www.cfg.edu.pl\\\/?s={search_term_string}\"},\"query-input\":{\"@type\":\"PropertyValueSpecification\",\"valueRequired\":true,\"valueName\":\"search_term_string\"}}],\"inLanguage\":\"en-GB\"},{\"@type\":\"Organization\",\"@id\":\"https:\\\/\\\/www.cfg.edu.pl\\\/#organization\",\"name\":\"Code for Green\",\"alternateName\":\"Fundacja Forum Inicjatyw Spo\u0142ecznych\",\"url\":\"https:\\\/\\\/www.cfg.edu.pl\\\/\",\"logo\":{\"@type\":\"ImageObject\",\"inLanguage\":\"en-GB\",\"@id\":\"https:\\\/\\\/www.cfg.edu.pl\\\/#\\\/schema\\\/logo\\\/image\\\/\",\"url\":\"https:\\\/\\\/www.cfg.edu.pl\\\/wp-content\\\/uploads\\\/2024\\\/02\\\/FUNDACJA_Code_for_Green_logo.svg\",\"contentUrl\":\"https:\\\/\\\/www.cfg.edu.pl\\\/wp-content\\\/uploads\\\/2024\\\/02\\\/FUNDACJA_Code_for_Green_logo.svg\",\"width\":236,\"height\":111,\"caption\":\"Code for Green\"},\"image\":{\"@id\":\"https:\\\/\\\/www.cfg.edu.pl\\\/#\\\/schema\\\/logo\\\/image\\\/\"},\"sameAs\":[\"https:\\\/\\\/www.facebook.com\\\/FundacjaForumInicjatywSpolecznych\\\/\",\"https:\\\/\\\/www.youtube.com\\\/@fundacjaforuminicjatywspoe6910\\\/featured\"],\"description\":\"Jeste\u015bmy polsk\u0105 organizacj\u0105 non-profit, kt\u00f3ra od 2018 roku aktywnie wprowadza sprawcza edukacj\u0119 \u015brodowiskow\u0105 do szk\u00f3\u0142, by m\u0142odzi potrafili rozwi\u0105zywa\u0107 lokalne problemy wykorzystuj\u0105c technologie cyfrowe. Kszta\u0142cimy nauczycieli \u2013 przekszta\u0142camy szko\u0142\u0119 w centrum edukacji \u015brodowiskowej.\",\"email\":\"biuro@ffis.edu.pl\",\"legalName\":\"Fundacja Forum Inicjatyw Spo\u0142ecznych\",\"vatID\":\"PL8442359966\",\"taxID\":\"8442359966\"},{\"@type\":\"Person\",\"@id\":\"https:\\\/\\\/www.cfg.edu.pl\\\/#\\\/schema\\\/person\\\/fdc9fdf7fb9849e5a56520737e800c31\",\"name\":\"Iwona Danilewicz\",\"image\":{\"@type\":\"ImageObject\",\"inLanguage\":\"en-GB\",\"@id\":\"https:\\\/\\\/secure.gravatar.com\\\/avatar\\\/2ae8921d776b718c1a50fff3daae571e64f82b2a3f1f3de3f168bdd28d48343d?s=96&d=mm&r=g\",\"url\":\"https:\\\/\\\/secure.gravatar.com\\\/avatar\\\/2ae8921d776b718c1a50fff3daae571e64f82b2a3f1f3de3f168bdd28d48343d?s=96&d=mm&r=g\",\"contentUrl\":\"https:\\\/\\\/secure.gravatar.com\\\/avatar\\\/2ae8921d776b718c1a50fff3daae571e64f82b2a3f1f3de3f168bdd28d48343d?s=96&d=mm&r=g\",\"caption\":\"Iwona Danilewicz\"}}]}<\/script>\n<!-- \/ Yoast SEO Premium plugin. -->","yoast_head_json":{"title":"Dzie\u0144 Wody to dobra okazja, by porozmawia\u0107 o dost\u0119pie do niej","description":"Czy w Polsce wszyscy mamy r\u00f3wny dost\u0119p do wody? Na pierwszy rzut oka odpowied\u017a wydaje si\u0119 oczywista \u2013 przecie\u017c woda p\u0142ynie z kranu.","robots":{"index":"index","follow":"follow","max-snippet":"max-snippet:-1","max-image-preview":"max-image-preview:large","max-video-preview":"max-video-preview:-1"},"canonical":"https:\/\/www.cfg.edu.pl\/eng\/blog\/swiatowy-dzien-wody-2026-konferencja-o-rownym-dostepie-do-wody-z-naszym-udzialem\/","og_locale":"en_GB","og_type":"article","og_title":"\u015awiatowy Dzie\u0144 Wody 2026. Konferencja o r\u00f3wnym dost\u0119pie do wody z naszym udzia\u0142em","og_description":"Czy w Polsce wszyscy mamy r\u00f3wny dost\u0119p do wody? Na pierwszy rzut oka odpowied\u017a wydaje si\u0119 oczywista \u2013 przecie\u017c woda p\u0142ynie z kranu.","og_url":"https:\/\/www.cfg.edu.pl\/eng\/blog\/swiatowy-dzien-wody-2026-konferencja-o-rownym-dostepie-do-wody-z-naszym-udzialem\/","og_site_name":"Code for Green","article_publisher":"https:\/\/www.facebook.com\/FundacjaForumInicjatywSpolecznych\/","article_published_time":"2026-03-06T11:24:01+00:00","article_modified_time":"2026-03-06T11:24:03+00:00","og_image":[{"width":455,"height":640,"url":"https:\/\/www.cfg.edu.pl\/wp-content\/uploads\/2026\/03\/woda_konferencja-Sredni.jpeg","type":"image\/jpeg"}],"author":"Iwona Danilewicz","twitter_card":"summary_large_image","twitter_misc":{"Written by":"Iwona Danilewicz","Est. reading time":"2 minutes"},"schema":{"@context":"https:\/\/schema.org","@graph":[{"@type":"Article","@id":"https:\/\/www.cfg.edu.pl\/blog\/swiatowy-dzien-wody-2026-konferencja-o-rownym-dostepie-do-wody-z-naszym-udzialem\/#article","isPartOf":{"@id":"https:\/\/www.cfg.edu.pl\/blog\/swiatowy-dzien-wody-2026-konferencja-o-rownym-dostepie-do-wody-z-naszym-udzialem\/"},"author":{"name":"Iwona Danilewicz","@id":"https:\/\/www.cfg.edu.pl\/#\/schema\/person\/fdc9fdf7fb9849e5a56520737e800c31"},"headline":"\u015awiatowy Dzie\u0144 Wody 2026. Konferencja o r\u00f3wnym dost\u0119pie do wody z naszym udzia\u0142em","datePublished":"2026-03-06T11:24:01+00:00","dateModified":"2026-03-06T11:24:03+00:00","mainEntityOfPage":{"@id":"https:\/\/www.cfg.edu.pl\/blog\/swiatowy-dzien-wody-2026-konferencja-o-rownym-dostepie-do-wody-z-naszym-udzialem\/"},"wordCount":379,"publisher":{"@id":"https:\/\/www.cfg.edu.pl\/#organization"},"image":{"@id":"https:\/\/www.cfg.edu.pl\/blog\/swiatowy-dzien-wody-2026-konferencja-o-rownym-dostepie-do-wody-z-naszym-udzialem\/#primaryimage"},"thumbnailUrl":"https:\/\/www.cfg.edu.pl\/wp-content\/uploads\/2026\/03\/woda_konferencja-Sredni.jpeg","keywords":["edukacja o wodzie","Instytut Geofizyki Polskiej Akademii Nauk","Piotr Niezna\u0144ski","\u015awiatowy Dzie\u0144 Wody"],"articleSection":["Aktualno\u015bci","Woda"],"inLanguage":"en-GB"},{"@type":"WebPage","@id":"https:\/\/www.cfg.edu.pl\/blog\/swiatowy-dzien-wody-2026-konferencja-o-rownym-dostepie-do-wody-z-naszym-udzialem\/","url":"https:\/\/www.cfg.edu.pl\/blog\/swiatowy-dzien-wody-2026-konferencja-o-rownym-dostepie-do-wody-z-naszym-udzialem\/","name":"Dzie\u0144 Wody to dobra okazja, by porozmawia\u0107 o dost\u0119pie do niej","isPartOf":{"@id":"https:\/\/www.cfg.edu.pl\/#website"},"primaryImageOfPage":{"@id":"https:\/\/www.cfg.edu.pl\/blog\/swiatowy-dzien-wody-2026-konferencja-o-rownym-dostepie-do-wody-z-naszym-udzialem\/#primaryimage"},"image":{"@id":"https:\/\/www.cfg.edu.pl\/blog\/swiatowy-dzien-wody-2026-konferencja-o-rownym-dostepie-do-wody-z-naszym-udzialem\/#primaryimage"},"thumbnailUrl":"https:\/\/www.cfg.edu.pl\/wp-content\/uploads\/2026\/03\/woda_konferencja-Sredni.jpeg","datePublished":"2026-03-06T11:24:01+00:00","dateModified":"2026-03-06T11:24:03+00:00","description":"Czy w Polsce wszyscy mamy r\u00f3wny dost\u0119p do wody? Na pierwszy rzut oka odpowied\u017a wydaje si\u0119 oczywista \u2013 przecie\u017c woda p\u0142ynie z kranu.","breadcrumb":{"@id":"https:\/\/www.cfg.edu.pl\/blog\/swiatowy-dzien-wody-2026-konferencja-o-rownym-dostepie-do-wody-z-naszym-udzialem\/#breadcrumb"},"inLanguage":"en-GB","potentialAction":[{"@type":"ReadAction","target":["https:\/\/www.cfg.edu.pl\/blog\/swiatowy-dzien-wody-2026-konferencja-o-rownym-dostepie-do-wody-z-naszym-udzialem\/"]}]},{"@type":"ImageObject","inLanguage":"en-GB","@id":"https:\/\/www.cfg.edu.pl\/blog\/swiatowy-dzien-wody-2026-konferencja-o-rownym-dostepie-do-wody-z-naszym-udzialem\/#primaryimage","url":"https:\/\/www.cfg.edu.pl\/wp-content\/uploads\/2026\/03\/woda_konferencja-Sredni.jpeg","contentUrl":"https:\/\/www.cfg.edu.pl\/wp-content\/uploads\/2026\/03\/woda_konferencja-Sredni.jpeg","width":455,"height":640},{"@type":"BreadcrumbList","@id":"https:\/\/www.cfg.edu.pl\/blog\/swiatowy-dzien-wody-2026-konferencja-o-rownym-dostepie-do-wody-z-naszym-udzialem\/#breadcrumb","itemListElement":[{"@type":"ListItem","position":1,"name":"Home","item":"https:\/\/www.cfg.edu.pl\/"},{"@type":"ListItem","position":2,"name":"\u015awiatowy Dzie\u0144 Wody 2026. Konferencja o r\u00f3wnym dost\u0119pie do wody z naszym udzia\u0142em"}]},{"@type":"WebSite","@id":"https:\/\/www.cfg.edu.pl\/#website","url":"https:\/\/www.cfg.edu.pl\/","name":"Code for Green Foundation","description":"Edukacja, \u015arodowisko, Sprawczo\u015b\u0107, Technologia","publisher":{"@id":"https:\/\/www.cfg.edu.pl\/#organization"},"alternateName":"Code for Green","potentialAction":[{"@type":"SearchAction","target":{"@type":"EntryPoint","urlTemplate":"https:\/\/www.cfg.edu.pl\/?s={search_term_string}"},"query-input":{"@type":"PropertyValueSpecification","valueRequired":true,"valueName":"search_term_string"}}],"inLanguage":"en-GB"},{"@type":"Organization","@id":"https:\/\/www.cfg.edu.pl\/#organization","name":"Code for Green","alternateName":"Fundacja Forum Inicjatyw Spo\u0142ecznych","url":"https:\/\/www.cfg.edu.pl\/","logo":{"@type":"ImageObject","inLanguage":"en-GB","@id":"https:\/\/www.cfg.edu.pl\/#\/schema\/logo\/image\/","url":"https:\/\/www.cfg.edu.pl\/wp-content\/uploads\/2024\/02\/FUNDACJA_Code_for_Green_logo.svg","contentUrl":"https:\/\/www.cfg.edu.pl\/wp-content\/uploads\/2024\/02\/FUNDACJA_Code_for_Green_logo.svg","width":236,"height":111,"caption":"Code for Green"},"image":{"@id":"https:\/\/www.cfg.edu.pl\/#\/schema\/logo\/image\/"},"sameAs":["https:\/\/www.facebook.com\/FundacjaForumInicjatywSpolecznych\/","https:\/\/www.youtube.com\/@fundacjaforuminicjatywspoe6910\/featured"],"description":"Jeste\u015bmy polsk\u0105 organizacj\u0105 non-profit, kt\u00f3ra od 2018 roku aktywnie wprowadza sprawcza edukacj\u0119 \u015brodowiskow\u0105 do szk\u00f3\u0142, by m\u0142odzi potrafili rozwi\u0105zywa\u0107 lokalne problemy wykorzystuj\u0105c technologie cyfrowe. Kszta\u0142cimy nauczycieli \u2013 przekszta\u0142camy szko\u0142\u0119 w centrum edukacji \u015brodowiskowej.","email":"biuro@ffis.edu.pl","legalName":"Fundacja Forum Inicjatyw Spo\u0142ecznych","vatID":"PL8442359966","taxID":"8442359966"},{"@type":"Person","@id":"https:\/\/www.cfg.edu.pl\/#\/schema\/person\/fdc9fdf7fb9849e5a56520737e800c31","name":"Iwona Danilewicz","image":{"@type":"ImageObject","inLanguage":"en-GB","@id":"https:\/\/secure.gravatar.com\/avatar\/2ae8921d776b718c1a50fff3daae571e64f82b2a3f1f3de3f168bdd28d48343d?s=96&d=mm&r=g","url":"https:\/\/secure.gravatar.com\/avatar\/2ae8921d776b718c1a50fff3daae571e64f82b2a3f1f3de3f168bdd28d48343d?s=96&d=mm&r=g","contentUrl":"https:\/\/secure.gravatar.com\/avatar\/2ae8921d776b718c1a50fff3daae571e64f82b2a3f1f3de3f168bdd28d48343d?s=96&d=mm&r=g","caption":"Iwona Danilewicz"}}]}},"_links":{"self":[{"href":"http:\/\/www.cfg.edu.pl\/eng\/wp-json\/wp\/v2\/posts\/7435","targetHints":{"allow":["GET"]}}],"collection":[{"href":"http:\/\/www.cfg.edu.pl\/eng\/wp-json\/wp\/v2\/posts"}],"about":[{"href":"http:\/\/www.cfg.edu.pl\/eng\/wp-json\/wp\/v2\/types\/post"}],"author":[{"embeddable":true,"href":"http:\/\/www.cfg.edu.pl\/eng\/wp-json\/wp\/v2\/users\/8"}],"replies":[{"embeddable":true,"href":"http:\/\/www.cfg.edu.pl\/eng\/wp-json\/wp\/v2\/comments?post=7435"}],"version-history":[{"count":1,"href":"http:\/\/www.cfg.edu.pl\/eng\/wp-json\/wp\/v2\/posts\/7435\/revisions"}],"predecessor-version":[{"id":7437,"href":"http:\/\/www.cfg.edu.pl\/eng\/wp-json\/wp\/v2\/posts\/7435\/revisions\/7437"}],"wp:featuredmedia":[{"embeddable":true,"href":"http:\/\/www.cfg.edu.pl\/eng\/wp-json\/wp\/v2\/media\/7436"}],"wp:attachment":[{"href":"http:\/\/www.cfg.edu.pl\/eng\/wp-json\/wp\/v2\/media?parent=7435"}],"wp:term":[{"taxonomy":"category","embeddable":true,"href":"http:\/\/www.cfg.edu.pl\/eng\/wp-json\/wp\/v2\/categories?post=7435"},{"taxonomy":"post_tag","embeddable":true,"href":"http:\/\/www.cfg.edu.pl\/eng\/wp-json\/wp\/v2\/tags?post=7435"}],"curies":[{"name":"wp","href":"https:\/\/api.w.org\/{rel}","templated":true}]}}