{"id":3528,"date":"2023-03-22T13:09:00","date_gmt":"2023-03-22T12:09:00","guid":{"rendered":"https:\/\/www.cfg.edu.pl\/?p=3528"},"modified":"2024-08-23T13:25:06","modified_gmt":"2024-08-23T11:25:06","slug":"young-dialogue-and-change-maker-budujemy-dialog-wokol-wyzwan-klimatycznych","status":"publish","type":"post","link":"https:\/\/www.cfg.edu.pl\/eng\/blog\/young-dialogue-and-change-maker-budujemy-dialog-wokol-wyzwan-klimatycznych\/","title":{"rendered":"YOUNG DIALOGUE AND CHANGE MAKER \u2013 BUILDING DIALOGUE AROUND CLIMATE CHALLENGES"},"content":{"rendered":"<p>Zapraszamy do zapoznania si\u0119 z g\u0142\u00f3wnymi informacjami o projekcie <a href=\"https:\/\/www.cfg.edu.pl\/wp-content\/uploads\/2024\/08\/o-projekcie.pdf\">Young Dialogue and Change Maker<\/a> \u2013 budujemy dialog wok\u00f3\u0142 wyzwa\u0144 klimatycznych skierowanym w pierwszej kolejno\u015bci do <a href=\"https:\/\/www.cfg.edu.pl\/wp-content\/uploads\/2024\/08\/dla-uczniow-1.pdf\" target=\"_blank\" rel=\"noreferrer noopener\">m\u0142odzie\u017cy<\/a>, <a href=\"https:\/\/www.cfg.edu.pl\/wp-content\/uploads\/2024\/08\/dla-nauczycieli.pdf\" target=\"_blank\" rel=\"noreferrer noopener\">nauczycieli<\/a>, <a href=\"https:\/\/www.cfg.edu.pl\/wp-content\/uploads\/2024\/08\/dla-JST.pdf\" target=\"_blank\" rel=\"noreferrer noopener\">pracownik\u00f3w Urz\u0119du Gminy Polkowice<\/a>. Zapraszamy r\u00f3wnie\u017c <a href=\"https:\/\/www.cfg.edu.pl\/wp-content\/uploads\/2024\/08\/dla-mnieszkancow.pdf\" target=\"_blank\" rel=\"noreferrer noopener\">mieszka\u0144c\u00f3w<\/a>, lokalne organizacje pozarz\u0105dowe oraz przedstawicieli biznesu do udzia\u0142u w 1.Polkowickim Dialogu Klimatycznym<\/p>\n\n\n\n<p>Dzia\u0142ania realizuj\u0105: <a href=\"https:\/\/www.cfg.edu.pl\/wp-content\/uploads\/2024\/08\/o-FFIS.pdf\" target=\"_blank\" rel=\"noreferrer noopener\">Fundacja Forum Inicjatyw Spo\u0142ecznych<\/a>, lider projektu oraz partnerzy: <a href=\"https:\/\/www.cfg.edu.pl\/wp-content\/uploads\/2024\/08\/o-GP.pdf\" target=\"_blank\" rel=\"noreferrer noopener\">Urz\u0105d Gminy Polkowice<\/a>, Uniwersytet Wroc\u0142awski oraz <a href=\"https:\/\/www.cfg.edu.pl\/wp-content\/uploads\/2024\/08\/o-NINA.pdf\" target=\"_blank\" rel=\"noreferrer noopener\">Norweski Instytut Bada\u0144 Przyrodniczych NINA<\/a> w ramach wsp\u00f3\u0142pracy dwustronnej i mo\u017ce si\u0119 odby\u0107 dzi\u0119ki sfinansowaniu przez Islandi\u0119, Liechtenstein i Norwegi\u0119 z Funduszy EOG i Funduszy Norweskich w ramach Programu Aktywni Obywatele \u2013 Fundusz Regionalny.<\/p>\n\n\n\n<p>Wsparcie proponowane przez realizator\u00f3w to szereg warsztat\u00f3w, webinari\u00f3w, debaty. Wszystko finalizowane praktyk\u0105 podczas Polkowickiego Dialogu Klimatycznego oraz m\u0142odzie\u017cowych inicjatyw spo\u0142ecznych. Mog\u0105 odby\u0107 si\u0119 dzi\u0119ki wyk\u0142adowcom, trenerom i szkol\u0105cym z: Fundacji Forum Inicjatyw Spo\u0142ecznych \u2013 <a href=\"https:\/\/www.cfg.edu.pl\/wp-content\/uploads\/2024\/08\/Justyna-Jozefowicz.pdf\" target=\"_blank\" rel=\"noreferrer noopener\">Justynie J\u00f3zefowicz<\/a>, <a href=\"https:\/\/www.cfg.edu.pl\/wp-content\/uploads\/2024\/08\/Malgorzata-Lewandowska.pdf\" target=\"_blank\" rel=\"noreferrer noopener\">Ma\u0142gorzacie Lewandowskiej<\/a>; Uniwersytetu Wroc\u0142awskiego \u2013<a href=\"https:\/\/www.cfg.edu.pl\/wp-content\/uploads\/2024\/08\/Katarzyna-Kobielska.pdf\" target=\"_blank\" rel=\"noreferrer noopener\"> dr Katarzynie Kobielskiej<\/a>, <a href=\"https:\/\/www.cfg.edu.pl\/wp-content\/uploads\/2024\/08\/Monika-Wichlacz.pdf\" target=\"_blank\" rel=\"noreferrer noopener\">dr Monice Wichlacz<\/a>, <a href=\"https:\/\/www.cfg.edu.pl\/wp-content\/uploads\/2024\/08\/Alicja-Lisowska.pdf\" target=\"_blank\" rel=\"noreferrer noopener\">dr Alicji Lisowskiej<\/a>, <a href=\"https:\/\/www.cfg.edu.pl\/wp-content\/uploads\/2024\/08\/Andrzej-Ferens.pdf\" target=\"_blank\" rel=\"noreferrer noopener\">dr Andrzejowi Ferencowi<\/a> oraz NINA \u2013 <a href=\"https:\/\/www.cfg.edu.pl\/wp-content\/uploads\/2024\/08\/GRACIELA-MONICA-RUSCH.pdf\" target=\"_blank\" rel=\"noreferrer noopener\">Gracieli Rusch<\/a>.<\/p>\n\n\n\n<p>Przydatne informacje:<\/p>\n\n\n\n<ul class=\"wp-block-list\">\n<li><a href=\"https:\/\/www.cfg.edu.pl\/wp-content\/uploads\/2024\/08\/Szkolenia-YDCM.pdf\" target=\"_blank\" rel=\"noreferrer noopener\">Harmonogram dzia\u0142a\u0144<\/a><\/li>\n\n\n\n<li><a href=\"https:\/\/www.cfg.edu.pl\/wp-content\/uploads\/2024\/08\/szkolenie-mlodziezy.pdf\" target=\"_blank\" rel=\"noreferrer noopener\">Harmonogram dla uczni\u00f3w<\/a><\/li>\n\n\n\n<li><a href=\"https:\/\/www.cfg.edu.pl\/wp-content\/uploads\/2024\/08\/szkolenie-nauczycieli.pdf\" target=\"_blank\" rel=\"noreferrer noopener\">Harmonogram dla nauczycieli<\/a><\/li>\n\n\n\n<li><a href=\"https:\/\/www.cfg.edu.pl\/wp-content\/uploads\/2024\/08\/szkolenie-urzednikow.pdf\" target=\"_blank\" rel=\"noreferrer noopener\">Harmonogram dla JST<\/a><\/li>\n<\/ul>","protected":false},"excerpt":{"rendered":"<p>Zapraszamy do zapoznania si\u0119 z g\u0142\u00f3wnymi informacjami o projekcie Young Dialogue and Change Maker \u2013 budujemy dialog wok\u00f3\u0142 wyzwa\u0144 klimatycznych skierowanym w pierwszej kolejno\u015bci do m\u0142odzie\u017cy, nauczycieli, pracownik\u00f3w Urz\u0119du Gminy Polkowice. Zapraszamy r\u00f3wnie\u017c mieszka\u0144c\u00f3w, lokalne organizacje pozarz\u0105dowe oraz przedstawicieli biznesu do udzia\u0142u w 1.Polkowickim Dialogu Klimatycznym Dzia\u0142ania realizuj\u0105: Fundacja Forum Inicjatyw Spo\u0142ecznych, lider projektu oraz [&hellip;]<\/p>\n","protected":false},"author":5,"featured_media":3529,"comment_status":"closed","ping_status":"closed","sticky":false,"template":"","format":"standard","meta":{"_acf_changed":false,"footnotes":""},"categories":[70,67,38],"tags":[],"class_list":["post-3528","post","type-post","status-publish","format-standard","has-post-thumbnail","hentry","category-klimat","category-partycypacja-mlodych","category-young-dialogue-maker"],"acf":[],"yoast_head":"<!-- This site is optimized with the Yoast SEO Premium plugin v23.4 (Yoast SEO v27.4) - https:\/\/yoast.com\/product\/yoast-seo-premium-wordpress\/ -->\n<title>YOUNG DIALOGUE AND CHANGE MAKER \u2013 BUDUJEMY DIALOG WOK\u00d3\u0141 WYZWA\u0143 KLIMATYCZNYCH - Code for Green<\/title>\n<meta name=\"robots\" content=\"index, follow, max-snippet:-1, max-image-preview:large, max-video-preview:-1\" \/>\n<link rel=\"canonical\" href=\"https:\/\/www.cfg.edu.pl\/eng\/blog\/young-dialogue-and-change-maker-budujemy-dialog-wokol-wyzwan-klimatycznych\/\" \/>\n<meta property=\"og:locale\" content=\"en_GB\" \/>\n<meta property=\"og:type\" content=\"article\" \/>\n<meta property=\"og:title\" content=\"YOUNG DIALOGUE AND CHANGE MAKER \u2013 BUDUJEMY DIALOG WOK\u00d3\u0141 WYZWA\u0143 KLIMATYCZNYCH\" \/>\n<meta property=\"og:description\" content=\"Zapraszamy do zapoznania si\u0119 z g\u0142\u00f3wnymi informacjami o projekcie Young Dialogue and Change Maker \u2013 budujemy dialog wok\u00f3\u0142 wyzwa\u0144 klimatycznych skierowanym w pierwszej kolejno\u015bci do m\u0142odzie\u017cy, nauczycieli, pracownik\u00f3w Urz\u0119du Gminy Polkowice. Zapraszamy r\u00f3wnie\u017c mieszka\u0144c\u00f3w, lokalne organizacje pozarz\u0105dowe oraz przedstawicieli biznesu do udzia\u0142u w 1.Polkowickim Dialogu Klimatycznym Dzia\u0142ania realizuj\u0105: Fundacja Forum Inicjatyw Spo\u0142ecznych, lider projektu oraz [&hellip;]\" \/>\n<meta property=\"og:url\" content=\"https:\/\/www.cfg.edu.pl\/eng\/blog\/young-dialogue-and-change-maker-budujemy-dialog-wokol-wyzwan-klimatycznych\/\" \/>\n<meta property=\"og:site_name\" content=\"Code for Green\" \/>\n<meta property=\"article:publisher\" content=\"https:\/\/www.facebook.com\/FundacjaForumInicjatywSpolecznych\/\" \/>\n<meta property=\"article:published_time\" content=\"2023-03-22T12:09:00+00:00\" \/>\n<meta property=\"article:modified_time\" content=\"2024-08-23T11:25:06+00:00\" \/>\n<meta property=\"og:image\" content=\"https:\/\/www.cfg.edu.pl\/wp-content\/uploads\/2024\/05\/norweski-03-1053x509-1.png\" \/>\n\t<meta property=\"og:image:width\" content=\"1053\" \/>\n\t<meta property=\"og:image:height\" content=\"509\" \/>\n\t<meta property=\"og:image:type\" content=\"image\/png\" \/>\n<meta name=\"author\" content=\"adam.turkot\" \/>\n<meta name=\"twitter:card\" content=\"summary_large_image\" \/>\n<meta name=\"twitter:label1\" content=\"Written by\" \/>\n\t<meta name=\"twitter:data1\" content=\"adam.turkot\" \/>\n\t<meta name=\"twitter:label2\" content=\"Est. reading time\" \/>\n\t<meta name=\"twitter:data2\" content=\"2 minutes\" \/>\n<script type=\"application\/ld+json\" class=\"yoast-schema-graph\">{\"@context\":\"https:\\\/\\\/schema.org\",\"@graph\":[{\"@type\":\"Article\",\"@id\":\"https:\\\/\\\/www.cfg.edu.pl\\\/blog\\\/young-dialogue-and-change-maker-budujemy-dialog-wokol-wyzwan-klimatycznych\\\/#article\",\"isPartOf\":{\"@id\":\"https:\\\/\\\/www.cfg.edu.pl\\\/blog\\\/young-dialogue-and-change-maker-budujemy-dialog-wokol-wyzwan-klimatycznych\\\/\"},\"author\":{\"name\":\"adam.turkot\",\"@id\":\"https:\\\/\\\/www.cfg.edu.pl\\\/#\\\/schema\\\/person\\\/d5c7ec6eb6b158a9d92927d27882a728\"},\"headline\":\"YOUNG DIALOGUE AND CHANGE MAKER \u2013 BUDUJEMY DIALOG WOK\u00d3\u0141 WYZWA\u0143 KLIMATYCZNYCH\",\"datePublished\":\"2023-03-22T12:09:00+00:00\",\"dateModified\":\"2024-08-23T11:25:06+00:00\",\"mainEntityOfPage\":{\"@id\":\"https:\\\/\\\/www.cfg.edu.pl\\\/blog\\\/young-dialogue-and-change-maker-budujemy-dialog-wokol-wyzwan-klimatycznych\\\/\"},\"wordCount\":205,\"publisher\":{\"@id\":\"https:\\\/\\\/www.cfg.edu.pl\\\/#organization\"},\"image\":{\"@id\":\"https:\\\/\\\/www.cfg.edu.pl\\\/blog\\\/young-dialogue-and-change-maker-budujemy-dialog-wokol-wyzwan-klimatycznych\\\/#primaryimage\"},\"thumbnailUrl\":\"https:\\\/\\\/www.cfg.edu.pl\\\/wp-content\\\/uploads\\\/2024\\\/05\\\/norweski-03-1053x509-1.png\",\"articleSection\":[\"Klimat\",\"Partycypacja m\u0142odych\",\"Young Dialogue Maker\"],\"inLanguage\":\"en-GB\"},{\"@type\":\"WebPage\",\"@id\":\"https:\\\/\\\/www.cfg.edu.pl\\\/blog\\\/young-dialogue-and-change-maker-budujemy-dialog-wokol-wyzwan-klimatycznych\\\/\",\"url\":\"https:\\\/\\\/www.cfg.edu.pl\\\/blog\\\/young-dialogue-and-change-maker-budujemy-dialog-wokol-wyzwan-klimatycznych\\\/\",\"name\":\"YOUNG DIALOGUE AND CHANGE MAKER \u2013 BUDUJEMY DIALOG WOK\u00d3\u0141 WYZWA\u0143 KLIMATYCZNYCH - Code for Green\",\"isPartOf\":{\"@id\":\"https:\\\/\\\/www.cfg.edu.pl\\\/#website\"},\"primaryImageOfPage\":{\"@id\":\"https:\\\/\\\/www.cfg.edu.pl\\\/blog\\\/young-dialogue-and-change-maker-budujemy-dialog-wokol-wyzwan-klimatycznych\\\/#primaryimage\"},\"image\":{\"@id\":\"https:\\\/\\\/www.cfg.edu.pl\\\/blog\\\/young-dialogue-and-change-maker-budujemy-dialog-wokol-wyzwan-klimatycznych\\\/#primaryimage\"},\"thumbnailUrl\":\"https:\\\/\\\/www.cfg.edu.pl\\\/wp-content\\\/uploads\\\/2024\\\/05\\\/norweski-03-1053x509-1.png\",\"datePublished\":\"2023-03-22T12:09:00+00:00\",\"dateModified\":\"2024-08-23T11:25:06+00:00\",\"breadcrumb\":{\"@id\":\"https:\\\/\\\/www.cfg.edu.pl\\\/blog\\\/young-dialogue-and-change-maker-budujemy-dialog-wokol-wyzwan-klimatycznych\\\/#breadcrumb\"},\"inLanguage\":\"en-GB\",\"potentialAction\":[{\"@type\":\"ReadAction\",\"target\":[\"https:\\\/\\\/www.cfg.edu.pl\\\/blog\\\/young-dialogue-and-change-maker-budujemy-dialog-wokol-wyzwan-klimatycznych\\\/\"]}]},{\"@type\":\"ImageObject\",\"inLanguage\":\"en-GB\",\"@id\":\"https:\\\/\\\/www.cfg.edu.pl\\\/blog\\\/young-dialogue-and-change-maker-budujemy-dialog-wokol-wyzwan-klimatycznych\\\/#primaryimage\",\"url\":\"https:\\\/\\\/www.cfg.edu.pl\\\/wp-content\\\/uploads\\\/2024\\\/05\\\/norweski-03-1053x509-1.png\",\"contentUrl\":\"https:\\\/\\\/www.cfg.edu.pl\\\/wp-content\\\/uploads\\\/2024\\\/05\\\/norweski-03-1053x509-1.png\",\"width\":1053,\"height\":509},{\"@type\":\"BreadcrumbList\",\"@id\":\"https:\\\/\\\/www.cfg.edu.pl\\\/blog\\\/young-dialogue-and-change-maker-budujemy-dialog-wokol-wyzwan-klimatycznych\\\/#breadcrumb\",\"itemListElement\":[{\"@type\":\"ListItem\",\"position\":1,\"name\":\"Home\",\"item\":\"https:\\\/\\\/www.cfg.edu.pl\\\/\"},{\"@type\":\"ListItem\",\"position\":2,\"name\":\"YOUNG DIALOGUE AND CHANGE MAKER \u2013 BUDUJEMY DIALOG WOK\u00d3\u0141 WYZWA\u0143 KLIMATYCZNYCH\"}]},{\"@type\":\"WebSite\",\"@id\":\"https:\\\/\\\/www.cfg.edu.pl\\\/#website\",\"url\":\"https:\\\/\\\/www.cfg.edu.pl\\\/\",\"name\":\"Fundacja Code for Green\",\"description\":\"Edukacja, \u015arodowisko, Sprawczo\u015b\u0107, Technologia\",\"publisher\":{\"@id\":\"https:\\\/\\\/www.cfg.edu.pl\\\/#organization\"},\"alternateName\":\"Code for Green\",\"potentialAction\":[{\"@type\":\"SearchAction\",\"target\":{\"@type\":\"EntryPoint\",\"urlTemplate\":\"https:\\\/\\\/www.cfg.edu.pl\\\/?s={search_term_string}\"},\"query-input\":{\"@type\":\"PropertyValueSpecification\",\"valueRequired\":true,\"valueName\":\"search_term_string\"}}],\"inLanguage\":\"en-GB\"},{\"@type\":\"Organization\",\"@id\":\"https:\\\/\\\/www.cfg.edu.pl\\\/#organization\",\"name\":\"Code for Green\",\"alternateName\":\"Fundacja Forum Inicjatyw Spo\u0142ecznych\",\"url\":\"https:\\\/\\\/www.cfg.edu.pl\\\/\",\"logo\":{\"@type\":\"ImageObject\",\"inLanguage\":\"en-GB\",\"@id\":\"https:\\\/\\\/www.cfg.edu.pl\\\/#\\\/schema\\\/logo\\\/image\\\/\",\"url\":\"https:\\\/\\\/www.cfg.edu.pl\\\/wp-content\\\/uploads\\\/2024\\\/02\\\/FUNDACJA_Code_for_Green_logo.svg\",\"contentUrl\":\"https:\\\/\\\/www.cfg.edu.pl\\\/wp-content\\\/uploads\\\/2024\\\/02\\\/FUNDACJA_Code_for_Green_logo.svg\",\"width\":236,\"height\":111,\"caption\":\"Code for Green\"},\"image\":{\"@id\":\"https:\\\/\\\/www.cfg.edu.pl\\\/#\\\/schema\\\/logo\\\/image\\\/\"},\"sameAs\":[\"https:\\\/\\\/www.facebook.com\\\/FundacjaForumInicjatywSpolecznych\\\/\",\"https:\\\/\\\/www.youtube.com\\\/@fundacjaforuminicjatywspoe6910\\\/featured\"],\"description\":\"Jeste\u015bmy polsk\u0105 organizacj\u0105 non-profit, kt\u00f3ra od 2018 roku aktywnie wprowadza sprawcza edukacj\u0119 \u015brodowiskow\u0105 do szk\u00f3\u0142, by m\u0142odzi potrafili rozwi\u0105zywa\u0107 lokalne problemy wykorzystuj\u0105c technologie cyfrowe. Kszta\u0142cimy nauczycieli \u2013 przekszta\u0142camy szko\u0142\u0119 w centrum edukacji \u015brodowiskowej.\",\"email\":\"biuro@ffis.edu.pl\",\"legalName\":\"Fundacja Forum Inicjatyw Spo\u0142ecznych\",\"vatID\":\"PL8442359966\",\"taxID\":\"8442359966\"},{\"@type\":\"Person\",\"@id\":\"https:\\\/\\\/www.cfg.edu.pl\\\/#\\\/schema\\\/person\\\/d5c7ec6eb6b158a9d92927d27882a728\",\"name\":\"adam.turkot\",\"image\":{\"@type\":\"ImageObject\",\"inLanguage\":\"en-GB\",\"@id\":\"https:\\\/\\\/secure.gravatar.com\\\/avatar\\\/69c226c1542fe029ab9289a2948fce296a9e50aa30394261c248761c9759631b?s=96&d=mm&r=g\",\"url\":\"https:\\\/\\\/secure.gravatar.com\\\/avatar\\\/69c226c1542fe029ab9289a2948fce296a9e50aa30394261c248761c9759631b?s=96&d=mm&r=g\",\"contentUrl\":\"https:\\\/\\\/secure.gravatar.com\\\/avatar\\\/69c226c1542fe029ab9289a2948fce296a9e50aa30394261c248761c9759631b?s=96&d=mm&r=g\",\"caption\":\"adam.turkot\"}}]}<\/script>\n<!-- \/ Yoast SEO Premium plugin. -->","yoast_head_json":{"title":"YOUNG DIALOGUE AND CHANGE MAKER \u2013 BUDUJEMY DIALOG WOK\u00d3\u0141 WYZWA\u0143 KLIMATYCZNYCH - Code for Green","robots":{"index":"index","follow":"follow","max-snippet":"max-snippet:-1","max-image-preview":"max-image-preview:large","max-video-preview":"max-video-preview:-1"},"canonical":"https:\/\/www.cfg.edu.pl\/eng\/blog\/young-dialogue-and-change-maker-budujemy-dialog-wokol-wyzwan-klimatycznych\/","og_locale":"en_GB","og_type":"article","og_title":"YOUNG DIALOGUE AND CHANGE MAKER \u2013 BUDUJEMY DIALOG WOK\u00d3\u0141 WYZWA\u0143 KLIMATYCZNYCH","og_description":"Zapraszamy do zapoznania si\u0119 z g\u0142\u00f3wnymi informacjami o projekcie Young Dialogue and Change Maker \u2013 budujemy dialog wok\u00f3\u0142 wyzwa\u0144 klimatycznych skierowanym w pierwszej kolejno\u015bci do m\u0142odzie\u017cy, nauczycieli, pracownik\u00f3w Urz\u0119du Gminy Polkowice. Zapraszamy r\u00f3wnie\u017c mieszka\u0144c\u00f3w, lokalne organizacje pozarz\u0105dowe oraz przedstawicieli biznesu do udzia\u0142u w 1.Polkowickim Dialogu Klimatycznym Dzia\u0142ania realizuj\u0105: Fundacja Forum Inicjatyw Spo\u0142ecznych, lider projektu oraz [&hellip;]","og_url":"https:\/\/www.cfg.edu.pl\/eng\/blog\/young-dialogue-and-change-maker-budujemy-dialog-wokol-wyzwan-klimatycznych\/","og_site_name":"Code for Green","article_publisher":"https:\/\/www.facebook.com\/FundacjaForumInicjatywSpolecznych\/","article_published_time":"2023-03-22T12:09:00+00:00","article_modified_time":"2024-08-23T11:25:06+00:00","og_image":[{"width":1053,"height":509,"url":"https:\/\/www.cfg.edu.pl\/wp-content\/uploads\/2024\/05\/norweski-03-1053x509-1.png","type":"image\/png"}],"author":"adam.turkot","twitter_card":"summary_large_image","twitter_misc":{"Written by":"adam.turkot","Est. reading time":"2 minutes"},"schema":{"@context":"https:\/\/schema.org","@graph":[{"@type":"Article","@id":"https:\/\/www.cfg.edu.pl\/blog\/young-dialogue-and-change-maker-budujemy-dialog-wokol-wyzwan-klimatycznych\/#article","isPartOf":{"@id":"https:\/\/www.cfg.edu.pl\/blog\/young-dialogue-and-change-maker-budujemy-dialog-wokol-wyzwan-klimatycznych\/"},"author":{"name":"adam.turkot","@id":"https:\/\/www.cfg.edu.pl\/#\/schema\/person\/d5c7ec6eb6b158a9d92927d27882a728"},"headline":"YOUNG DIALOGUE AND CHANGE MAKER \u2013 BUDUJEMY DIALOG WOK\u00d3\u0141 WYZWA\u0143 KLIMATYCZNYCH","datePublished":"2023-03-22T12:09:00+00:00","dateModified":"2024-08-23T11:25:06+00:00","mainEntityOfPage":{"@id":"https:\/\/www.cfg.edu.pl\/blog\/young-dialogue-and-change-maker-budujemy-dialog-wokol-wyzwan-klimatycznych\/"},"wordCount":205,"publisher":{"@id":"https:\/\/www.cfg.edu.pl\/#organization"},"image":{"@id":"https:\/\/www.cfg.edu.pl\/blog\/young-dialogue-and-change-maker-budujemy-dialog-wokol-wyzwan-klimatycznych\/#primaryimage"},"thumbnailUrl":"https:\/\/www.cfg.edu.pl\/wp-content\/uploads\/2024\/05\/norweski-03-1053x509-1.png","articleSection":["Klimat","Partycypacja m\u0142odych","Young Dialogue Maker"],"inLanguage":"en-GB"},{"@type":"WebPage","@id":"https:\/\/www.cfg.edu.pl\/blog\/young-dialogue-and-change-maker-budujemy-dialog-wokol-wyzwan-klimatycznych\/","url":"https:\/\/www.cfg.edu.pl\/blog\/young-dialogue-and-change-maker-budujemy-dialog-wokol-wyzwan-klimatycznych\/","name":"YOUNG DIALOGUE AND CHANGE MAKER \u2013 BUDUJEMY DIALOG WOK\u00d3\u0141 WYZWA\u0143 KLIMATYCZNYCH - Code for Green","isPartOf":{"@id":"https:\/\/www.cfg.edu.pl\/#website"},"primaryImageOfPage":{"@id":"https:\/\/www.cfg.edu.pl\/blog\/young-dialogue-and-change-maker-budujemy-dialog-wokol-wyzwan-klimatycznych\/#primaryimage"},"image":{"@id":"https:\/\/www.cfg.edu.pl\/blog\/young-dialogue-and-change-maker-budujemy-dialog-wokol-wyzwan-klimatycznych\/#primaryimage"},"thumbnailUrl":"https:\/\/www.cfg.edu.pl\/wp-content\/uploads\/2024\/05\/norweski-03-1053x509-1.png","datePublished":"2023-03-22T12:09:00+00:00","dateModified":"2024-08-23T11:25:06+00:00","breadcrumb":{"@id":"https:\/\/www.cfg.edu.pl\/blog\/young-dialogue-and-change-maker-budujemy-dialog-wokol-wyzwan-klimatycznych\/#breadcrumb"},"inLanguage":"en-GB","potentialAction":[{"@type":"ReadAction","target":["https:\/\/www.cfg.edu.pl\/blog\/young-dialogue-and-change-maker-budujemy-dialog-wokol-wyzwan-klimatycznych\/"]}]},{"@type":"ImageObject","inLanguage":"en-GB","@id":"https:\/\/www.cfg.edu.pl\/blog\/young-dialogue-and-change-maker-budujemy-dialog-wokol-wyzwan-klimatycznych\/#primaryimage","url":"https:\/\/www.cfg.edu.pl\/wp-content\/uploads\/2024\/05\/norweski-03-1053x509-1.png","contentUrl":"https:\/\/www.cfg.edu.pl\/wp-content\/uploads\/2024\/05\/norweski-03-1053x509-1.png","width":1053,"height":509},{"@type":"BreadcrumbList","@id":"https:\/\/www.cfg.edu.pl\/blog\/young-dialogue-and-change-maker-budujemy-dialog-wokol-wyzwan-klimatycznych\/#breadcrumb","itemListElement":[{"@type":"ListItem","position":1,"name":"Home","item":"https:\/\/www.cfg.edu.pl\/"},{"@type":"ListItem","position":2,"name":"YOUNG DIALOGUE AND CHANGE MAKER \u2013 BUDUJEMY DIALOG WOK\u00d3\u0141 WYZWA\u0143 KLIMATYCZNYCH"}]},{"@type":"WebSite","@id":"https:\/\/www.cfg.edu.pl\/#website","url":"https:\/\/www.cfg.edu.pl\/","name":"Code for Green Foundation","description":"Edukacja, \u015arodowisko, Sprawczo\u015b\u0107, Technologia","publisher":{"@id":"https:\/\/www.cfg.edu.pl\/#organization"},"alternateName":"Code for Green","potentialAction":[{"@type":"SearchAction","target":{"@type":"EntryPoint","urlTemplate":"https:\/\/www.cfg.edu.pl\/?s={search_term_string}"},"query-input":{"@type":"PropertyValueSpecification","valueRequired":true,"valueName":"search_term_string"}}],"inLanguage":"en-GB"},{"@type":"Organization","@id":"https:\/\/www.cfg.edu.pl\/#organization","name":"Code for Green","alternateName":"Fundacja Forum Inicjatyw Spo\u0142ecznych","url":"https:\/\/www.cfg.edu.pl\/","logo":{"@type":"ImageObject","inLanguage":"en-GB","@id":"https:\/\/www.cfg.edu.pl\/#\/schema\/logo\/image\/","url":"https:\/\/www.cfg.edu.pl\/wp-content\/uploads\/2024\/02\/FUNDACJA_Code_for_Green_logo.svg","contentUrl":"https:\/\/www.cfg.edu.pl\/wp-content\/uploads\/2024\/02\/FUNDACJA_Code_for_Green_logo.svg","width":236,"height":111,"caption":"Code for Green"},"image":{"@id":"https:\/\/www.cfg.edu.pl\/#\/schema\/logo\/image\/"},"sameAs":["https:\/\/www.facebook.com\/FundacjaForumInicjatywSpolecznych\/","https:\/\/www.youtube.com\/@fundacjaforuminicjatywspoe6910\/featured"],"description":"Jeste\u015bmy polsk\u0105 organizacj\u0105 non-profit, kt\u00f3ra od 2018 roku aktywnie wprowadza sprawcza edukacj\u0119 \u015brodowiskow\u0105 do szk\u00f3\u0142, by m\u0142odzi potrafili rozwi\u0105zywa\u0107 lokalne problemy wykorzystuj\u0105c technologie cyfrowe. Kszta\u0142cimy nauczycieli \u2013 przekszta\u0142camy szko\u0142\u0119 w centrum edukacji \u015brodowiskowej.","email":"biuro@ffis.edu.pl","legalName":"Fundacja Forum Inicjatyw Spo\u0142ecznych","vatID":"PL8442359966","taxID":"8442359966"},{"@type":"Person","@id":"https:\/\/www.cfg.edu.pl\/#\/schema\/person\/d5c7ec6eb6b158a9d92927d27882a728","name":"adam.turkot","image":{"@type":"ImageObject","inLanguage":"en-GB","@id":"https:\/\/secure.gravatar.com\/avatar\/69c226c1542fe029ab9289a2948fce296a9e50aa30394261c248761c9759631b?s=96&d=mm&r=g","url":"https:\/\/secure.gravatar.com\/avatar\/69c226c1542fe029ab9289a2948fce296a9e50aa30394261c248761c9759631b?s=96&d=mm&r=g","contentUrl":"https:\/\/secure.gravatar.com\/avatar\/69c226c1542fe029ab9289a2948fce296a9e50aa30394261c248761c9759631b?s=96&d=mm&r=g","caption":"adam.turkot"}}]}},"_links":{"self":[{"href":"https:\/\/www.cfg.edu.pl\/eng\/wp-json\/wp\/v2\/posts\/3528","targetHints":{"allow":["GET"]}}],"collection":[{"href":"https:\/\/www.cfg.edu.pl\/eng\/wp-json\/wp\/v2\/posts"}],"about":[{"href":"https:\/\/www.cfg.edu.pl\/eng\/wp-json\/wp\/v2\/types\/post"}],"author":[{"embeddable":true,"href":"https:\/\/www.cfg.edu.pl\/eng\/wp-json\/wp\/v2\/users\/5"}],"replies":[{"embeddable":true,"href":"https:\/\/www.cfg.edu.pl\/eng\/wp-json\/wp\/v2\/comments?post=3528"}],"version-history":[{"count":0,"href":"https:\/\/www.cfg.edu.pl\/eng\/wp-json\/wp\/v2\/posts\/3528\/revisions"}],"wp:featuredmedia":[{"embeddable":true,"href":"https:\/\/www.cfg.edu.pl\/eng\/wp-json\/wp\/v2\/media\/3529"}],"wp:attachment":[{"href":"https:\/\/www.cfg.edu.pl\/eng\/wp-json\/wp\/v2\/media?parent=3528"}],"wp:term":[{"taxonomy":"category","embeddable":true,"href":"https:\/\/www.cfg.edu.pl\/eng\/wp-json\/wp\/v2\/categories?post=3528"},{"taxonomy":"post_tag","embeddable":true,"href":"https:\/\/www.cfg.edu.pl\/eng\/wp-json\/wp\/v2\/tags?post=3528"}],"curies":[{"name":"wp","href":"https:\/\/api.w.org\/{rel}","templated":true}]}}