{"id":5506,"date":"2024-06-14T18:50:28","date_gmt":"2024-06-14T16:50:28","guid":{"rendered":"https:\/\/www.cfg.edu.pl\/?p=5506"},"modified":"2024-10-29T12:21:22","modified_gmt":"2024-10-29T11:21:22","slug":"mobilabem-pokonalismy-ponad-2-tys-km","status":"publish","type":"post","link":"https:\/\/www.cfg.edu.pl\/eng\/blog\/mobilabem-pokonalismy-ponad-2-tys-km\/","title":{"rendered":"With MobiLab, we traveled over 2,000 km"},"content":{"rendered":"<h3 style=\"text-align: justify;\">Nasze mobilne laboratorium edukacyjne <strong>MobiLab<\/strong> zrealizowa\u0142o do tej pory szereg zaj\u0119\u0107 terenowych, anga\u017cuj\u0105c <strong>36 szk\u00f3\u0142<\/strong> (zar\u00f3wno podstawowych, jak i lice\u00f3w) i docieraj\u0105c do <strong>698 uczni\u00f3w<\/strong> will provide expert support <strong>57 nauczycieli<\/strong>. W sumie przeprowadzili\u015bmy <strong>95 godzin<\/strong> warsztat\u00f3w, kt\u00f3re mia\u0142y na celu nie tylko edukacj\u0119, ale r\u00f3wnie\u017c aktywne anga\u017cowanie m\u0142odzie\u017cy w badania \u015brodowiskowe.<\/h3>\n<p style=\"text-align: justify;\"><strong>Trasa MobiLab<\/strong> obejmowa\u0142a <strong>21 miejscowo\u015bci<\/strong>, w tym zar\u00f3wno ma\u0142e wiejskie szko\u0142y, jak i wi\u0119ksze plac\u00f3wki w miastach takich jak Pozna\u0144, Wroc\u0142aw i Jelenia G\u00f3ra. W ci\u0105gu trwania projektu, nasza ekipa pokona\u0142a \u0142\u0105cznie <strong>2060 km<\/strong>, aby dotrze\u0107 do uczni\u00f3w i zrealizowa\u0107 r\u00f3\u017cnorodne zaj\u0119cia w terenie.<\/p>\n<p style=\"text-align: justify;\">Zaj\u0119cia odbywa\u0142y si\u0119 w takich lokalizacjach jak: <strong>Wroc\u0142awskie ZOO<\/strong>, gdzie korzystali\u015bmy z urok\u00f3w historycznego budynku, w kt\u00f3rym niegdy\u015b mieszkali Pa\u0144stwo Gucwi\u0144scy. W Bninie (K\u00f3rnik) uczniowie uczestniczyli w zaj\u0119ciach w pobli\u017cu domu, w kt\u00f3rym przysz\u0142a na \u015bwiat noblistka <strong>Wis\u0142awa Szymborska<\/strong>. Warsztaty prowadzone by\u0142y r\u00f3wnie\u017c w pobli\u017cu <strong>Politechniki Wroc\u0142awskiej<\/strong>, a tak\u017ce w r\u00f3\u017cnorodnych naturalnych sceneriach \u2013 na \u0142\u0105kach, w parkach oraz nad rzekami i jeziorami.<\/p>\n<p style=\"text-align: justify;\">Podczas zaj\u0119\u0107, uczniowie badali jako\u015b\u0107 wody w rzekach takich jak <strong>Odra<\/strong>, <strong>Wrze\u015bnica<\/strong>, <strong>Prosna<\/strong>, <strong>Kamienna<\/strong> oraz w kana\u0142ach i jeziorach, w tym w <strong>Kanale Bydgoskim<\/strong>, <strong>Grzymis\u0142awskim<\/strong>, <strong>Raczy\u0144skim<\/strong>, <strong>K\u00f3rnickim<\/strong> i na <strong>Kajakach<\/strong>. Te praktyczne do\u015bwiadczenia by\u0142y kluczowe w rozwijaniu umiej\u0119tno\u015bci analizy i obserwacji w kontek\u015bcie ochrony \u015brodowiska.<\/p>\n<p style=\"text-align: justify;\">MobiLab nie tylko realizowa\u0142 programy edukacyjne w szko\u0142ach, ale tak\u017ce bra\u0142 udzia\u0142 w wa\u017cnych wydarzeniach, takich jak <strong>Konferencja Women in Tech<\/strong> w Warszawie, <strong>Kongres OEES<\/strong> we Wroc\u0142awiu, <strong>Dni Odry<\/strong> we Wroc\u0142awiu oraz <strong>Konferencja Lepsza Edukacja<\/strong> we Wrze\u015bni.<\/p>\n<p style=\"text-align: justify;\">W ramach zaj\u0119\u0107 MobiLab wsp\u00f3\u0142pracowali\u015bmy z r\u00f3\u017cnymi partnerami, w tym z jednostkami samorz\u0105dowymi, takimi jak <strong>Miasto Wroc\u0142aw<\/strong>\u00a0oraz z firmami, takimi jak <strong>Canpack<\/strong>.<\/p>\n<p style=\"text-align: justify;\">Celem MobiLab jest wyposa\u017cenie m\u0142odego pokolenia w umiej\u0119tno\u015bci i narz\u0119dzia potrzebne do aktywnego kszta\u0142towania rzeczywisto\u015bci w obliczu wyzwa\u0144 klimatycznych. Innowacyjne metody nauczania, oparte na empatyzacji i edukacji terenowej, umo\u017cliwiaj\u0105 uczniom bezpo\u015bredni kontakt z przyrod\u0105 oraz rozwijanie kluczowych kompetencji, takich jak obserwacja, analiza i krytyczne my\u015blenie.<\/p>\n<blockquote>\n<p>Co i gdzie badali\u015bmy?<\/p>\n<\/blockquote>\n\n\n<figure class=\"wp-block-table\"><table class=\"has-fixed-layout\"><tbody><tr><td>K\u00f3rnik<\/td><td>W <strong>K\u00f3rniku<\/strong>, nad jeziorem K\u00f3rnickim, badania wykaza\u0142y <strong>podwy\u017cszone st\u0119\u017cenia zwi\u0105zk\u00f3w azotu i fosforan\u00f3w<\/strong>, co potwierdzi\u0142o konieczno\u015b\u0107 monitorowania jako\u015bci wody. Uczestnicy zaj\u0119\u0107, g\u0142\u00f3wnie uczniowie Szko\u0142y Podstawowej nr 1 w K\u00f3rniku, zebrali dane dotycz\u0105ce bior\u00f3\u017cnorodno\u015bci jeziora, w tym obserwacje organizm\u00f3w wodnych takich jak <strong>\u017cyrytwa<\/strong>, <strong>p\u0142oszczyce<\/strong> i <strong>b\u0142otniarki<\/strong>.<\/td><\/tr><tr><td>Zaniemy\u015bl<\/td><td>Z kolei w <strong>Zaniemy\u015blu<\/strong>, nad jeziorem Raczy\u0144skim, por\u00f3wnano stan wody ze stawem znajduj\u0105cym si\u0119 w pobli\u017cu szko\u0142y w Kolniczkach. Staw, pod wp\u0142ywem intensywnego rolnictwa, wykaza\u0142 <strong>znacz\u0105co gorsze parametry fizykochemiczne<\/strong>, co podkre\u015bli\u0142o potrzeb\u0119 zr\u00f3wnowa\u017conego u\u017cytkowania teren\u00f3w rolnych. Natomiast jezioro Raczy\u0144skie charakteryzowa\u0142o si\u0119 wi\u0119ksz\u0105 r\u00f3\u017cnorodno\u015bci\u0105 gatunkow\u0105, m.in. du\u017c\u0105 populacj\u0105 <strong>larw p\u0142ywaka \u017c\u00f3\u0142tobrze\u017cka<\/strong> \u2013 drapie\u017cnego chrz\u0105szcza.<\/td><\/tr><tr><td>\u015arem<\/td><td>W <strong>\u015aremie<\/strong>, nad jeziorem Grzymis\u0142awskim, uczniowie zbadali <strong>chemiczne wska\u017aniki jako\u015bci wody<\/strong>, kt\u00f3re wskaza\u0142y na <strong>podwy\u017cszone st\u0119\u017cenia fosforu<\/strong> oraz zwi\u0105zk\u00f3w azotu. Zidentyfikowano tak\u017ce <strong>liczne larwy ochotek<\/strong>, co jest wska\u017anikiem umiarkowanego zanieczyszczenia. Obserwacje fauny, takie jak \u017caby i r\u00f3\u017cnorodne pluskwiaki, wzbogaci\u0142y wiedz\u0119 uczestnik\u00f3w na temat wska\u017anik\u00f3w biologicznych w\u00f3d.<\/td><\/tr><tr><td>Jelenia G\u00f3ra<\/td><td>W <strong>Jeleniej G\u00f3rze<\/strong>, nad uj\u015bciem rzeki M\u0142yn\u00f3wki do rzeki Kamiennej, m\u0142odzie\u017c bada\u0142a wp\u0142yw inwazyjnych ro\u015blin, takich jak <strong>rdestowiec<\/strong> i <strong>niecierpek gruczo\u0142owaty<\/strong>, na lokalne ekosystemy. Obserwowano przeobra\u017cenia wa\u017cek oraz odnaleziono larwy chru\u015bcik\u00f3w, kt\u00f3re pe\u0142ni\u0105 rol\u0119 bioindykator\u00f3w czysto\u015bci w\u00f3d.<\/td><\/tr><\/tbody><\/table><\/figure>\n\n\n\n<figure class=\"wp-block-gallery has-nested-images columns-default is-cropped wp-block-gallery-1 is-layout-flex wp-block-gallery-is-layout-flex\">\n<figure class=\"wp-block-image size-large\"><img fetchpriority=\"high\" decoding=\"async\" width=\"480\" height=\"640\" data-id=\"3780\" src=\"https:\/\/www.cfg.edu.pl\/wp-content\/uploads\/2024\/06\/MobiLab_Bydgoszcz_20240614_112335-Sredni.jpeg\" alt=\"\" class=\"wp-image-3780\" srcset=\"https:\/\/www.cfg.edu.pl\/wp-content\/uploads\/2024\/06\/MobiLab_Bydgoszcz_20240614_112335-Sredni.jpeg 480w, https:\/\/www.cfg.edu.pl\/wp-content\/uploads\/2024\/06\/MobiLab_Bydgoszcz_20240614_112335-Sredni-225x300.jpeg 225w, https:\/\/www.cfg.edu.pl\/wp-content\/uploads\/2024\/06\/MobiLab_Bydgoszcz_20240614_112335-Sredni-9x12.jpeg 9w\" sizes=\"(max-width: 480px) 100vw, 480px\" \/><\/figure>\n\n\n\n<figure class=\"wp-block-image size-large\"><img decoding=\"async\" width=\"480\" height=\"640\" data-id=\"3775\" src=\"https:\/\/www.cfg.edu.pl\/wp-content\/uploads\/2024\/06\/MobiLab_Bydgoszcz_20240614_113945-Sredni.jpeg\" alt=\"\" class=\"wp-image-3775\" srcset=\"https:\/\/www.cfg.edu.pl\/wp-content\/uploads\/2024\/06\/MobiLab_Bydgoszcz_20240614_113945-Sredni.jpeg 480w, https:\/\/www.cfg.edu.pl\/wp-content\/uploads\/2024\/06\/MobiLab_Bydgoszcz_20240614_113945-Sredni-225x300.jpeg 225w, https:\/\/www.cfg.edu.pl\/wp-content\/uploads\/2024\/06\/MobiLab_Bydgoszcz_20240614_113945-Sredni-9x12.jpeg 9w\" sizes=\"(max-width: 480px) 100vw, 480px\" \/><\/figure>\n\n\n\n<figure class=\"wp-block-image size-large\"><img decoding=\"async\" width=\"1024\" height=\"769\" data-id=\"5507\" src=\"https:\/\/www.cfg.edu.pl\/wp-content\/uploads\/2024\/09\/MobiLab11-1024x769.jpg\" alt=\"\" class=\"wp-image-5507\" srcset=\"https:\/\/www.cfg.edu.pl\/wp-content\/uploads\/2024\/09\/MobiLab11-1024x769.jpg 1024w, https:\/\/www.cfg.edu.pl\/wp-content\/uploads\/2024\/09\/MobiLab11-300x225.jpg 300w, https:\/\/www.cfg.edu.pl\/wp-content\/uploads\/2024\/09\/MobiLab11-768x576.jpg 768w, https:\/\/www.cfg.edu.pl\/wp-content\/uploads\/2024\/09\/MobiLab11-1536x1153.jpg 1536w, https:\/\/www.cfg.edu.pl\/wp-content\/uploads\/2024\/09\/MobiLab11-16x12.jpg 16w, https:\/\/www.cfg.edu.pl\/wp-content\/uploads\/2024\/09\/MobiLab11-600x450.jpg 600w, https:\/\/www.cfg.edu.pl\/wp-content\/uploads\/2024\/09\/MobiLab11.jpg 2048w\" sizes=\"(max-width: 1024px) 100vw, 1024px\" \/><\/figure>\n\n\n\n<figure class=\"wp-block-image size-large\"><img loading=\"lazy\" decoding=\"async\" width=\"1024\" height=\"769\" data-id=\"5508\" src=\"https:\/\/www.cfg.edu.pl\/wp-content\/uploads\/2024\/09\/MobiLab10-1024x769.jpg\" alt=\"\" class=\"wp-image-5508\" srcset=\"https:\/\/www.cfg.edu.pl\/wp-content\/uploads\/2024\/09\/MobiLab10-1024x769.jpg 1024w, https:\/\/www.cfg.edu.pl\/wp-content\/uploads\/2024\/09\/MobiLab10-300x225.jpg 300w, https:\/\/www.cfg.edu.pl\/wp-content\/uploads\/2024\/09\/MobiLab10-768x576.jpg 768w, https:\/\/www.cfg.edu.pl\/wp-content\/uploads\/2024\/09\/MobiLab10-1536x1153.jpg 1536w, https:\/\/www.cfg.edu.pl\/wp-content\/uploads\/2024\/09\/MobiLab10-16x12.jpg 16w, https:\/\/www.cfg.edu.pl\/wp-content\/uploads\/2024\/09\/MobiLab10-600x450.jpg 600w, https:\/\/www.cfg.edu.pl\/wp-content\/uploads\/2024\/09\/MobiLab10.jpg 2048w\" sizes=\"(max-width: 1024px) 100vw, 1024px\" \/><\/figure>\n\n\n\n<figure class=\"wp-block-image size-large\"><img loading=\"lazy\" decoding=\"async\" width=\"1024\" height=\"769\" data-id=\"5509\" src=\"https:\/\/www.cfg.edu.pl\/wp-content\/uploads\/2024\/09\/MobiLab9-1024x769.jpg\" alt=\"\" class=\"wp-image-5509\" srcset=\"https:\/\/www.cfg.edu.pl\/wp-content\/uploads\/2024\/09\/MobiLab9-1024x769.jpg 1024w, https:\/\/www.cfg.edu.pl\/wp-content\/uploads\/2024\/09\/MobiLab9-300x225.jpg 300w, https:\/\/www.cfg.edu.pl\/wp-content\/uploads\/2024\/09\/MobiLab9-768x576.jpg 768w, https:\/\/www.cfg.edu.pl\/wp-content\/uploads\/2024\/09\/MobiLab9-1536x1153.jpg 1536w, https:\/\/www.cfg.edu.pl\/wp-content\/uploads\/2024\/09\/MobiLab9-16x12.jpg 16w, https:\/\/www.cfg.edu.pl\/wp-content\/uploads\/2024\/09\/MobiLab9-600x450.jpg 600w, https:\/\/www.cfg.edu.pl\/wp-content\/uploads\/2024\/09\/MobiLab9.jpg 1600w\" sizes=\"(max-width: 1024px) 100vw, 1024px\" \/><\/figure>\n\n\n\n<figure class=\"wp-block-image size-large\"><img loading=\"lazy\" decoding=\"async\" width=\"769\" height=\"1024\" data-id=\"5510\" src=\"https:\/\/www.cfg.edu.pl\/wp-content\/uploads\/2024\/09\/MobiLab8-769x1024.jpg\" alt=\"\" class=\"wp-image-5510\" srcset=\"https:\/\/www.cfg.edu.pl\/wp-content\/uploads\/2024\/09\/MobiLab8-769x1024.jpg 769w, https:\/\/www.cfg.edu.pl\/wp-content\/uploads\/2024\/09\/MobiLab8-225x300.jpg 225w, https:\/\/www.cfg.edu.pl\/wp-content\/uploads\/2024\/09\/MobiLab8-768x1023.jpg 768w, https:\/\/www.cfg.edu.pl\/wp-content\/uploads\/2024\/09\/MobiLab8-1153x1536.jpg 1153w, https:\/\/www.cfg.edu.pl\/wp-content\/uploads\/2024\/09\/MobiLab8-9x12.jpg 9w, https:\/\/www.cfg.edu.pl\/wp-content\/uploads\/2024\/09\/MobiLab8-600x799.jpg 600w, https:\/\/www.cfg.edu.pl\/wp-content\/uploads\/2024\/09\/MobiLab8.jpg 1201w\" sizes=\"(max-width: 769px) 100vw, 769px\" \/><\/figure>\n\n\n\n<figure class=\"wp-block-image size-large\"><img loading=\"lazy\" decoding=\"async\" width=\"1024\" height=\"769\" data-id=\"5511\" src=\"https:\/\/www.cfg.edu.pl\/wp-content\/uploads\/2024\/09\/MobiLab7-1024x769.jpg\" alt=\"\" class=\"wp-image-5511\" srcset=\"https:\/\/www.cfg.edu.pl\/wp-content\/uploads\/2024\/09\/MobiLab7-1024x769.jpg 1024w, https:\/\/www.cfg.edu.pl\/wp-content\/uploads\/2024\/09\/MobiLab7-300x225.jpg 300w, https:\/\/www.cfg.edu.pl\/wp-content\/uploads\/2024\/09\/MobiLab7-768x576.jpg 768w, https:\/\/www.cfg.edu.pl\/wp-content\/uploads\/2024\/09\/MobiLab7-1536x1153.jpg 1536w, https:\/\/www.cfg.edu.pl\/wp-content\/uploads\/2024\/09\/MobiLab7-16x12.jpg 16w, https:\/\/www.cfg.edu.pl\/wp-content\/uploads\/2024\/09\/MobiLab7-600x450.jpg 600w, https:\/\/www.cfg.edu.pl\/wp-content\/uploads\/2024\/09\/MobiLab7.jpg 2048w\" sizes=\"(max-width: 1024px) 100vw, 1024px\" \/><\/figure>\n\n\n\n<figure class=\"wp-block-image size-large\"><img loading=\"lazy\" decoding=\"async\" width=\"1024\" height=\"577\" data-id=\"5512\" src=\"https:\/\/www.cfg.edu.pl\/wp-content\/uploads\/2024\/09\/MobiLab6-1024x577.jpg\" alt=\"\" class=\"wp-image-5512\" srcset=\"https:\/\/www.cfg.edu.pl\/wp-content\/uploads\/2024\/09\/MobiLab6-1024x577.jpg 1024w, https:\/\/www.cfg.edu.pl\/wp-content\/uploads\/2024\/09\/MobiLab6-300x169.jpg 300w, https:\/\/www.cfg.edu.pl\/wp-content\/uploads\/2024\/09\/MobiLab6-768x432.jpg 768w, https:\/\/www.cfg.edu.pl\/wp-content\/uploads\/2024\/09\/MobiLab6-1536x865.jpg 1536w, https:\/\/www.cfg.edu.pl\/wp-content\/uploads\/2024\/09\/MobiLab6-18x10.jpg 18w, https:\/\/www.cfg.edu.pl\/wp-content\/uploads\/2024\/09\/MobiLab6-600x338.jpg 600w, https:\/\/www.cfg.edu.pl\/wp-content\/uploads\/2024\/09\/MobiLab6.jpg 2000w\" sizes=\"(max-width: 1024px) 100vw, 1024px\" \/><\/figure>\n\n\n\n<figure class=\"wp-block-image size-large\"><img loading=\"lazy\" decoding=\"async\" width=\"1024\" height=\"577\" data-id=\"5513\" src=\"https:\/\/www.cfg.edu.pl\/wp-content\/uploads\/2024\/09\/MobiLab5-1024x577.jpg\" alt=\"\" class=\"wp-image-5513\" srcset=\"https:\/\/www.cfg.edu.pl\/wp-content\/uploads\/2024\/09\/MobiLab5-1024x577.jpg 1024w, https:\/\/www.cfg.edu.pl\/wp-content\/uploads\/2024\/09\/MobiLab5-300x169.jpg 300w, https:\/\/www.cfg.edu.pl\/wp-content\/uploads\/2024\/09\/MobiLab5-768x432.jpg 768w, https:\/\/www.cfg.edu.pl\/wp-content\/uploads\/2024\/09\/MobiLab5-1536x865.jpg 1536w, https:\/\/www.cfg.edu.pl\/wp-content\/uploads\/2024\/09\/MobiLab5-18x10.jpg 18w, https:\/\/www.cfg.edu.pl\/wp-content\/uploads\/2024\/09\/MobiLab5-600x338.jpg 600w, https:\/\/www.cfg.edu.pl\/wp-content\/uploads\/2024\/09\/MobiLab5.jpg 2000w\" sizes=\"(max-width: 1024px) 100vw, 1024px\" \/><\/figure>\n\n\n\n<figure class=\"wp-block-image size-large\"><img loading=\"lazy\" decoding=\"async\" width=\"1024\" height=\"769\" data-id=\"5514\" src=\"https:\/\/www.cfg.edu.pl\/wp-content\/uploads\/2024\/09\/MobiLab3-1024x769.jpg\" alt=\"\" class=\"wp-image-5514\" srcset=\"https:\/\/www.cfg.edu.pl\/wp-content\/uploads\/2024\/09\/MobiLab3-1024x769.jpg 1024w, https:\/\/www.cfg.edu.pl\/wp-content\/uploads\/2024\/09\/MobiLab3-300x225.jpg 300w, https:\/\/www.cfg.edu.pl\/wp-content\/uploads\/2024\/09\/MobiLab3-768x576.jpg 768w, https:\/\/www.cfg.edu.pl\/wp-content\/uploads\/2024\/09\/MobiLab3-1536x1153.jpg 1536w, https:\/\/www.cfg.edu.pl\/wp-content\/uploads\/2024\/09\/MobiLab3-16x12.jpg 16w, https:\/\/www.cfg.edu.pl\/wp-content\/uploads\/2024\/09\/MobiLab3-600x450.jpg 600w, https:\/\/www.cfg.edu.pl\/wp-content\/uploads\/2024\/09\/MobiLab3.jpg 2048w\" sizes=\"(max-width: 1024px) 100vw, 1024px\" \/><\/figure>\n\n\n\n<figure class=\"wp-block-image size-large\"><img loading=\"lazy\" decoding=\"async\" width=\"1024\" height=\"768\" data-id=\"5515\" src=\"https:\/\/www.cfg.edu.pl\/wp-content\/uploads\/2024\/09\/MobiLab2-1024x768.jpg\" alt=\"\" class=\"wp-image-5515\" srcset=\"https:\/\/www.cfg.edu.pl\/wp-content\/uploads\/2024\/09\/MobiLab2-1024x768.jpg 1024w, https:\/\/www.cfg.edu.pl\/wp-content\/uploads\/2024\/09\/MobiLab2-300x225.jpg 300w, https:\/\/www.cfg.edu.pl\/wp-content\/uploads\/2024\/09\/MobiLab2-768x576.jpg 768w, https:\/\/www.cfg.edu.pl\/wp-content\/uploads\/2024\/09\/MobiLab2-1536x1152.jpg 1536w, https:\/\/www.cfg.edu.pl\/wp-content\/uploads\/2024\/09\/MobiLab2-16x12.jpg 16w, https:\/\/www.cfg.edu.pl\/wp-content\/uploads\/2024\/09\/MobiLab2-600x450.jpg 600w, https:\/\/www.cfg.edu.pl\/wp-content\/uploads\/2024\/09\/MobiLab2.jpg 2000w\" sizes=\"(max-width: 1024px) 100vw, 1024px\" \/><\/figure>\n\n\n\n<figure class=\"wp-block-image size-large\"><img loading=\"lazy\" decoding=\"async\" width=\"1024\" height=\"577\" data-id=\"5516\" src=\"https:\/\/www.cfg.edu.pl\/wp-content\/uploads\/2024\/09\/MobiLab1-1024x577.jpg\" alt=\"\" class=\"wp-image-5516\" srcset=\"https:\/\/www.cfg.edu.pl\/wp-content\/uploads\/2024\/09\/MobiLab1-1024x577.jpg 1024w, https:\/\/www.cfg.edu.pl\/wp-content\/uploads\/2024\/09\/MobiLab1-300x169.jpg 300w, https:\/\/www.cfg.edu.pl\/wp-content\/uploads\/2024\/09\/MobiLab1-768x432.jpg 768w, https:\/\/www.cfg.edu.pl\/wp-content\/uploads\/2024\/09\/MobiLab1-1536x865.jpg 1536w, https:\/\/www.cfg.edu.pl\/wp-content\/uploads\/2024\/09\/MobiLab1-18x10.jpg 18w, https:\/\/www.cfg.edu.pl\/wp-content\/uploads\/2024\/09\/MobiLab1-600x338.jpg 600w, https:\/\/www.cfg.edu.pl\/wp-content\/uploads\/2024\/09\/MobiLab1.jpg 2000w\" sizes=\"(max-width: 1024px) 100vw, 1024px\" \/><\/figure>\n\n\n\n<figure class=\"wp-block-image size-large\"><img loading=\"lazy\" decoding=\"async\" width=\"1024\" height=\"577\" data-id=\"4887\" src=\"https:\/\/www.cfg.edu.pl\/wp-content\/uploads\/2024\/08\/MobiLab_Szelment7-1024x577.jpeg\" alt=\"\" class=\"wp-image-4887\" srcset=\"https:\/\/www.cfg.edu.pl\/wp-content\/uploads\/2024\/08\/MobiLab_Szelment7-1024x577.jpeg 1024w, https:\/\/www.cfg.edu.pl\/wp-content\/uploads\/2024\/08\/MobiLab_Szelment7-300x169.jpeg 300w, https:\/\/www.cfg.edu.pl\/wp-content\/uploads\/2024\/08\/MobiLab_Szelment7-768x432.jpeg 768w, https:\/\/www.cfg.edu.pl\/wp-content\/uploads\/2024\/08\/MobiLab_Szelment7-1536x865.jpeg 1536w, https:\/\/www.cfg.edu.pl\/wp-content\/uploads\/2024\/08\/MobiLab_Szelment7-18x10.jpeg 18w, https:\/\/www.cfg.edu.pl\/wp-content\/uploads\/2024\/08\/MobiLab_Szelment7-600x338.jpeg 600w, https:\/\/www.cfg.edu.pl\/wp-content\/uploads\/2024\/08\/MobiLab_Szelment7.jpeg 2000w\" sizes=\"(max-width: 1024px) 100vw, 1024px\" \/><\/figure>\n\n\n\n<figure class=\"wp-block-image size-large\"><img loading=\"lazy\" decoding=\"async\" width=\"1024\" height=\"577\" data-id=\"4885\" src=\"https:\/\/www.cfg.edu.pl\/wp-content\/uploads\/2024\/08\/MobiLab_Szelment5-1024x577.jpeg\" alt=\"\" class=\"wp-image-4885\" srcset=\"https:\/\/www.cfg.edu.pl\/wp-content\/uploads\/2024\/08\/MobiLab_Szelment5-1024x577.jpeg 1024w, https:\/\/www.cfg.edu.pl\/wp-content\/uploads\/2024\/08\/MobiLab_Szelment5-300x169.jpeg 300w, https:\/\/www.cfg.edu.pl\/wp-content\/uploads\/2024\/08\/MobiLab_Szelment5-768x432.jpeg 768w, https:\/\/www.cfg.edu.pl\/wp-content\/uploads\/2024\/08\/MobiLab_Szelment5-1536x865.jpeg 1536w, https:\/\/www.cfg.edu.pl\/wp-content\/uploads\/2024\/08\/MobiLab_Szelment5-18x10.jpeg 18w, https:\/\/www.cfg.edu.pl\/wp-content\/uploads\/2024\/08\/MobiLab_Szelment5-600x338.jpeg 600w, https:\/\/www.cfg.edu.pl\/wp-content\/uploads\/2024\/08\/MobiLab_Szelment5.jpeg 2000w\" sizes=\"(max-width: 1024px) 100vw, 1024px\" \/><\/figure>\n<\/figure>\n\n\n\n<p><\/p>","protected":false},"excerpt":{"rendered":"<p>Nasze mobilne laboratorium edukacyjne MobiLab zrealizowa\u0142o do tej pory szereg zaj\u0119\u0107 terenowych, anga\u017cuj\u0105c 36 szk\u00f3\u0142 (zar\u00f3wno podstawowych, jak i lice\u00f3w) i docieraj\u0105c do 698 uczni\u00f3w oraz 57 nauczycieli. W sumie przeprowadzili\u015bmy 95 godzin warsztat\u00f3w, kt\u00f3re mia\u0142y na celu nie tylko edukacj\u0119, ale r\u00f3wnie\u017c aktywne anga\u017cowanie m\u0142odzie\u017cy w badania \u015brodowiskowe. Trasa MobiLab obejmowa\u0142a 21 miejscowo\u015bci, w [&hellip;]<\/p>\n","protected":false},"author":8,"featured_media":3558,"comment_status":"closed","ping_status":"closed","sticky":false,"template":"","format":"standard","meta":{"_acf_changed":false,"footnotes":""},"categories":[1,63,36,69],"tags":[117,95,96],"class_list":["post-5506","post","type-post","status-publish","format-standard","has-post-thumbnail","hentry","category-aktualnosci","category-dla-szkol","category-mobilab","category-technologia","tag-izabela-lowicka","tag-mobilab","tag-mobilne-laboratorium-edukacyjne"],"acf":[],"yoast_head":"<!-- This site is optimized with the Yoast SEO Premium plugin v23.4 (Yoast SEO v27.5) - https:\/\/yoast.com\/product\/yoast-seo-premium-wordpress\/ -->\n<title>MobiLabem pokonali\u015bmy ponad 2 tys. km - Code for Green<\/title>\n<meta name=\"description\" content=\"Mobilne laboratorium edukacyjne MobiLab pokona\u0142o ponad 2 tys. kilometr\u00f3w, odwiedzaj\u0105c 36 szk\u00f3\u0142 w kilku wojew\u00f3dztwach.\" \/>\n<meta name=\"robots\" content=\"index, follow, max-snippet:-1, max-image-preview:large, max-video-preview:-1\" \/>\n<link rel=\"canonical\" href=\"https:\/\/www.cfg.edu.pl\/eng\/blog\/mobilabem-pokonalismy-ponad-2-tys-km\/\" \/>\n<meta property=\"og:locale\" content=\"en_GB\" \/>\n<meta property=\"og:type\" content=\"article\" \/>\n<meta property=\"og:title\" content=\"MobiLabem pokonali\u015bmy ponad 2 tys. km\" \/>\n<meta property=\"og:description\" content=\"Mobilne laboratorium edukacyjne MobiLab pokona\u0142o ponad 2 tys. kilometr\u00f3w, odwiedzaj\u0105c 36 szk\u00f3\u0142 w kilku wojew\u00f3dztwach.\" \/>\n<meta property=\"og:url\" content=\"https:\/\/www.cfg.edu.pl\/eng\/blog\/mobilabem-pokonalismy-ponad-2-tys-km\/\" \/>\n<meta property=\"og:site_name\" content=\"Code for Green\" \/>\n<meta property=\"article:publisher\" content=\"https:\/\/www.facebook.com\/FundacjaForumInicjatywSpolecznych\/\" \/>\n<meta property=\"article:published_time\" content=\"2024-06-14T16:50:28+00:00\" \/>\n<meta property=\"article:modified_time\" content=\"2024-10-29T11:21:22+00:00\" \/>\n<meta property=\"og:image\" content=\"https:\/\/www.cfg.edu.pl\/wp-content\/uploads\/2024\/05\/3.jpg\" \/>\n\t<meta property=\"og:image:width\" content=\"1600\" \/>\n\t<meta property=\"og:image:height\" content=\"900\" \/>\n\t<meta property=\"og:image:type\" content=\"image\/jpeg\" \/>\n<meta name=\"author\" content=\"Iwona Danilewicz\" \/>\n<meta name=\"twitter:card\" content=\"summary_large_image\" \/>\n<meta name=\"twitter:label1\" content=\"Written by\" \/>\n\t<meta name=\"twitter:data1\" content=\"Iwona Danilewicz\" \/>\n\t<meta name=\"twitter:label2\" content=\"Est. reading time\" \/>\n\t<meta name=\"twitter:data2\" content=\"6 minutes\" \/>\n<script type=\"application\/ld+json\" class=\"yoast-schema-graph\">{\"@context\":\"https:\\\/\\\/schema.org\",\"@graph\":[{\"@type\":\"Article\",\"@id\":\"https:\\\/\\\/www.cfg.edu.pl\\\/blog\\\/mobilabem-pokonalismy-ponad-2-tys-km\\\/#article\",\"isPartOf\":{\"@id\":\"https:\\\/\\\/www.cfg.edu.pl\\\/blog\\\/mobilabem-pokonalismy-ponad-2-tys-km\\\/\"},\"author\":{\"name\":\"Iwona Danilewicz\",\"@id\":\"https:\\\/\\\/www.cfg.edu.pl\\\/#\\\/schema\\\/person\\\/fdc9fdf7fb9849e5a56520737e800c31\"},\"headline\":\"MobiLabem pokonali\u015bmy ponad 2 tys. km\",\"datePublished\":\"2024-06-14T16:50:28+00:00\",\"dateModified\":\"2024-10-29T11:21:22+00:00\",\"mainEntityOfPage\":{\"@id\":\"https:\\\/\\\/www.cfg.edu.pl\\\/blog\\\/mobilabem-pokonalismy-ponad-2-tys-km\\\/\"},\"wordCount\":655,\"publisher\":{\"@id\":\"https:\\\/\\\/www.cfg.edu.pl\\\/#organization\"},\"image\":{\"@id\":\"https:\\\/\\\/www.cfg.edu.pl\\\/blog\\\/mobilabem-pokonalismy-ponad-2-tys-km\\\/#primaryimage\"},\"thumbnailUrl\":\"https:\\\/\\\/www.cfg.edu.pl\\\/wp-content\\\/uploads\\\/2024\\\/05\\\/3.jpg\",\"keywords\":[\"Izabela \u0141owicka\",\"Mobilab\",\"mobilne laboratorium edukacyjne\"],\"articleSection\":[\"Aktualno\u015bci\",\"Dla szk\u00f3\u0142\",\"MobiLab\",\"Technologia\"],\"inLanguage\":\"en-GB\"},{\"@type\":\"WebPage\",\"@id\":\"https:\\\/\\\/www.cfg.edu.pl\\\/blog\\\/mobilabem-pokonalismy-ponad-2-tys-km\\\/\",\"url\":\"https:\\\/\\\/www.cfg.edu.pl\\\/blog\\\/mobilabem-pokonalismy-ponad-2-tys-km\\\/\",\"name\":\"MobiLabem pokonali\u015bmy ponad 2 tys. km - Code for Green\",\"isPartOf\":{\"@id\":\"https:\\\/\\\/www.cfg.edu.pl\\\/#website\"},\"primaryImageOfPage\":{\"@id\":\"https:\\\/\\\/www.cfg.edu.pl\\\/blog\\\/mobilabem-pokonalismy-ponad-2-tys-km\\\/#primaryimage\"},\"image\":{\"@id\":\"https:\\\/\\\/www.cfg.edu.pl\\\/blog\\\/mobilabem-pokonalismy-ponad-2-tys-km\\\/#primaryimage\"},\"thumbnailUrl\":\"https:\\\/\\\/www.cfg.edu.pl\\\/wp-content\\\/uploads\\\/2024\\\/05\\\/3.jpg\",\"datePublished\":\"2024-06-14T16:50:28+00:00\",\"dateModified\":\"2024-10-29T11:21:22+00:00\",\"description\":\"Mobilne laboratorium edukacyjne MobiLab pokona\u0142o ponad 2 tys. kilometr\u00f3w, odwiedzaj\u0105c 36 szk\u00f3\u0142 w kilku wojew\u00f3dztwach.\",\"breadcrumb\":{\"@id\":\"https:\\\/\\\/www.cfg.edu.pl\\\/blog\\\/mobilabem-pokonalismy-ponad-2-tys-km\\\/#breadcrumb\"},\"inLanguage\":\"en-GB\",\"potentialAction\":[{\"@type\":\"ReadAction\",\"target\":[\"https:\\\/\\\/www.cfg.edu.pl\\\/blog\\\/mobilabem-pokonalismy-ponad-2-tys-km\\\/\"]}]},{\"@type\":\"ImageObject\",\"inLanguage\":\"en-GB\",\"@id\":\"https:\\\/\\\/www.cfg.edu.pl\\\/blog\\\/mobilabem-pokonalismy-ponad-2-tys-km\\\/#primaryimage\",\"url\":\"https:\\\/\\\/www.cfg.edu.pl\\\/wp-content\\\/uploads\\\/2024\\\/05\\\/3.jpg\",\"contentUrl\":\"https:\\\/\\\/www.cfg.edu.pl\\\/wp-content\\\/uploads\\\/2024\\\/05\\\/3.jpg\",\"width\":1600,\"height\":900},{\"@type\":\"BreadcrumbList\",\"@id\":\"https:\\\/\\\/www.cfg.edu.pl\\\/blog\\\/mobilabem-pokonalismy-ponad-2-tys-km\\\/#breadcrumb\",\"itemListElement\":[{\"@type\":\"ListItem\",\"position\":1,\"name\":\"Home\",\"item\":\"https:\\\/\\\/www.cfg.edu.pl\\\/\"},{\"@type\":\"ListItem\",\"position\":2,\"name\":\"MobiLabem pokonali\u015bmy ponad 2 tys. km\"}]},{\"@type\":\"WebSite\",\"@id\":\"https:\\\/\\\/www.cfg.edu.pl\\\/#website\",\"url\":\"https:\\\/\\\/www.cfg.edu.pl\\\/\",\"name\":\"Fundacja Code for Green\",\"description\":\"Edukacja, \u015arodowisko, Sprawczo\u015b\u0107, Technologia\",\"publisher\":{\"@id\":\"https:\\\/\\\/www.cfg.edu.pl\\\/#organization\"},\"alternateName\":\"Code for Green\",\"potentialAction\":[{\"@type\":\"SearchAction\",\"target\":{\"@type\":\"EntryPoint\",\"urlTemplate\":\"https:\\\/\\\/www.cfg.edu.pl\\\/?s={search_term_string}\"},\"query-input\":{\"@type\":\"PropertyValueSpecification\",\"valueRequired\":true,\"valueName\":\"search_term_string\"}}],\"inLanguage\":\"en-GB\"},{\"@type\":\"Organization\",\"@id\":\"https:\\\/\\\/www.cfg.edu.pl\\\/#organization\",\"name\":\"Code for Green\",\"alternateName\":\"Fundacja Forum Inicjatyw Spo\u0142ecznych\",\"url\":\"https:\\\/\\\/www.cfg.edu.pl\\\/\",\"logo\":{\"@type\":\"ImageObject\",\"inLanguage\":\"en-GB\",\"@id\":\"https:\\\/\\\/www.cfg.edu.pl\\\/#\\\/schema\\\/logo\\\/image\\\/\",\"url\":\"https:\\\/\\\/www.cfg.edu.pl\\\/wp-content\\\/uploads\\\/2024\\\/02\\\/FUNDACJA_Code_for_Green_logo.svg\",\"contentUrl\":\"https:\\\/\\\/www.cfg.edu.pl\\\/wp-content\\\/uploads\\\/2024\\\/02\\\/FUNDACJA_Code_for_Green_logo.svg\",\"width\":236,\"height\":111,\"caption\":\"Code for Green\"},\"image\":{\"@id\":\"https:\\\/\\\/www.cfg.edu.pl\\\/#\\\/schema\\\/logo\\\/image\\\/\"},\"sameAs\":[\"https:\\\/\\\/www.facebook.com\\\/FundacjaForumInicjatywSpolecznych\\\/\",\"https:\\\/\\\/www.youtube.com\\\/@fundacjaforuminicjatywspoe6910\\\/featured\"],\"description\":\"Jeste\u015bmy polsk\u0105 organizacj\u0105 non-profit, kt\u00f3ra od 2018 roku aktywnie wprowadza sprawcza edukacj\u0119 \u015brodowiskow\u0105 do szk\u00f3\u0142, by m\u0142odzi potrafili rozwi\u0105zywa\u0107 lokalne problemy wykorzystuj\u0105c technologie cyfrowe. Kszta\u0142cimy nauczycieli \u2013 przekszta\u0142camy szko\u0142\u0119 w centrum edukacji \u015brodowiskowej.\",\"email\":\"biuro@ffis.edu.pl\",\"legalName\":\"Fundacja Forum Inicjatyw Spo\u0142ecznych\",\"vatID\":\"PL8442359966\",\"taxID\":\"8442359966\"},{\"@type\":\"Person\",\"@id\":\"https:\\\/\\\/www.cfg.edu.pl\\\/#\\\/schema\\\/person\\\/fdc9fdf7fb9849e5a56520737e800c31\",\"name\":\"Iwona Danilewicz\",\"image\":{\"@type\":\"ImageObject\",\"inLanguage\":\"en-GB\",\"@id\":\"https:\\\/\\\/secure.gravatar.com\\\/avatar\\\/2ae8921d776b718c1a50fff3daae571e64f82b2a3f1f3de3f168bdd28d48343d?s=96&d=mm&r=g\",\"url\":\"https:\\\/\\\/secure.gravatar.com\\\/avatar\\\/2ae8921d776b718c1a50fff3daae571e64f82b2a3f1f3de3f168bdd28d48343d?s=96&d=mm&r=g\",\"contentUrl\":\"https:\\\/\\\/secure.gravatar.com\\\/avatar\\\/2ae8921d776b718c1a50fff3daae571e64f82b2a3f1f3de3f168bdd28d48343d?s=96&d=mm&r=g\",\"caption\":\"Iwona Danilewicz\"}}]}<\/script>\n<!-- \/ Yoast SEO Premium plugin. -->","yoast_head_json":{"title":"MobiLabem pokonali\u015bmy ponad 2 tys. km - Code for Green","description":"Mobilne laboratorium edukacyjne MobiLab pokona\u0142o ponad 2 tys. kilometr\u00f3w, odwiedzaj\u0105c 36 szk\u00f3\u0142 w kilku wojew\u00f3dztwach.","robots":{"index":"index","follow":"follow","max-snippet":"max-snippet:-1","max-image-preview":"max-image-preview:large","max-video-preview":"max-video-preview:-1"},"canonical":"https:\/\/www.cfg.edu.pl\/eng\/blog\/mobilabem-pokonalismy-ponad-2-tys-km\/","og_locale":"en_GB","og_type":"article","og_title":"MobiLabem pokonali\u015bmy ponad 2 tys. km","og_description":"Mobilne laboratorium edukacyjne MobiLab pokona\u0142o ponad 2 tys. kilometr\u00f3w, odwiedzaj\u0105c 36 szk\u00f3\u0142 w kilku wojew\u00f3dztwach.","og_url":"https:\/\/www.cfg.edu.pl\/eng\/blog\/mobilabem-pokonalismy-ponad-2-tys-km\/","og_site_name":"Code for Green","article_publisher":"https:\/\/www.facebook.com\/FundacjaForumInicjatywSpolecznych\/","article_published_time":"2024-06-14T16:50:28+00:00","article_modified_time":"2024-10-29T11:21:22+00:00","og_image":[{"width":1600,"height":900,"url":"https:\/\/www.cfg.edu.pl\/wp-content\/uploads\/2024\/05\/3.jpg","type":"image\/jpeg"}],"author":"Iwona Danilewicz","twitter_card":"summary_large_image","twitter_misc":{"Written by":"Iwona Danilewicz","Est. reading time":"6 minutes"},"schema":{"@context":"https:\/\/schema.org","@graph":[{"@type":"Article","@id":"https:\/\/www.cfg.edu.pl\/blog\/mobilabem-pokonalismy-ponad-2-tys-km\/#article","isPartOf":{"@id":"https:\/\/www.cfg.edu.pl\/blog\/mobilabem-pokonalismy-ponad-2-tys-km\/"},"author":{"name":"Iwona Danilewicz","@id":"https:\/\/www.cfg.edu.pl\/#\/schema\/person\/fdc9fdf7fb9849e5a56520737e800c31"},"headline":"MobiLabem pokonali\u015bmy ponad 2 tys. km","datePublished":"2024-06-14T16:50:28+00:00","dateModified":"2024-10-29T11:21:22+00:00","mainEntityOfPage":{"@id":"https:\/\/www.cfg.edu.pl\/blog\/mobilabem-pokonalismy-ponad-2-tys-km\/"},"wordCount":655,"publisher":{"@id":"https:\/\/www.cfg.edu.pl\/#organization"},"image":{"@id":"https:\/\/www.cfg.edu.pl\/blog\/mobilabem-pokonalismy-ponad-2-tys-km\/#primaryimage"},"thumbnailUrl":"https:\/\/www.cfg.edu.pl\/wp-content\/uploads\/2024\/05\/3.jpg","keywords":["Izabela \u0141owicka","Mobilab","mobilne laboratorium edukacyjne"],"articleSection":["Aktualno\u015bci","Dla szk\u00f3\u0142","MobiLab","Technologia"],"inLanguage":"en-GB"},{"@type":"WebPage","@id":"https:\/\/www.cfg.edu.pl\/blog\/mobilabem-pokonalismy-ponad-2-tys-km\/","url":"https:\/\/www.cfg.edu.pl\/blog\/mobilabem-pokonalismy-ponad-2-tys-km\/","name":"MobiLabem pokonali\u015bmy ponad 2 tys. km - Code for Green","isPartOf":{"@id":"https:\/\/www.cfg.edu.pl\/#website"},"primaryImageOfPage":{"@id":"https:\/\/www.cfg.edu.pl\/blog\/mobilabem-pokonalismy-ponad-2-tys-km\/#primaryimage"},"image":{"@id":"https:\/\/www.cfg.edu.pl\/blog\/mobilabem-pokonalismy-ponad-2-tys-km\/#primaryimage"},"thumbnailUrl":"https:\/\/www.cfg.edu.pl\/wp-content\/uploads\/2024\/05\/3.jpg","datePublished":"2024-06-14T16:50:28+00:00","dateModified":"2024-10-29T11:21:22+00:00","description":"Mobilne laboratorium edukacyjne MobiLab pokona\u0142o ponad 2 tys. kilometr\u00f3w, odwiedzaj\u0105c 36 szk\u00f3\u0142 w kilku wojew\u00f3dztwach.","breadcrumb":{"@id":"https:\/\/www.cfg.edu.pl\/blog\/mobilabem-pokonalismy-ponad-2-tys-km\/#breadcrumb"},"inLanguage":"en-GB","potentialAction":[{"@type":"ReadAction","target":["https:\/\/www.cfg.edu.pl\/blog\/mobilabem-pokonalismy-ponad-2-tys-km\/"]}]},{"@type":"ImageObject","inLanguage":"en-GB","@id":"https:\/\/www.cfg.edu.pl\/blog\/mobilabem-pokonalismy-ponad-2-tys-km\/#primaryimage","url":"https:\/\/www.cfg.edu.pl\/wp-content\/uploads\/2024\/05\/3.jpg","contentUrl":"https:\/\/www.cfg.edu.pl\/wp-content\/uploads\/2024\/05\/3.jpg","width":1600,"height":900},{"@type":"BreadcrumbList","@id":"https:\/\/www.cfg.edu.pl\/blog\/mobilabem-pokonalismy-ponad-2-tys-km\/#breadcrumb","itemListElement":[{"@type":"ListItem","position":1,"name":"Home","item":"https:\/\/www.cfg.edu.pl\/"},{"@type":"ListItem","position":2,"name":"MobiLabem pokonali\u015bmy ponad 2 tys. km"}]},{"@type":"WebSite","@id":"https:\/\/www.cfg.edu.pl\/#website","url":"https:\/\/www.cfg.edu.pl\/","name":"Code for Green Foundation","description":"Edukacja, \u015arodowisko, Sprawczo\u015b\u0107, Technologia","publisher":{"@id":"https:\/\/www.cfg.edu.pl\/#organization"},"alternateName":"Code for Green","potentialAction":[{"@type":"SearchAction","target":{"@type":"EntryPoint","urlTemplate":"https:\/\/www.cfg.edu.pl\/?s={search_term_string}"},"query-input":{"@type":"PropertyValueSpecification","valueRequired":true,"valueName":"search_term_string"}}],"inLanguage":"en-GB"},{"@type":"Organization","@id":"https:\/\/www.cfg.edu.pl\/#organization","name":"Code for Green","alternateName":"Fundacja Forum Inicjatyw Spo\u0142ecznych","url":"https:\/\/www.cfg.edu.pl\/","logo":{"@type":"ImageObject","inLanguage":"en-GB","@id":"https:\/\/www.cfg.edu.pl\/#\/schema\/logo\/image\/","url":"https:\/\/www.cfg.edu.pl\/wp-content\/uploads\/2024\/02\/FUNDACJA_Code_for_Green_logo.svg","contentUrl":"https:\/\/www.cfg.edu.pl\/wp-content\/uploads\/2024\/02\/FUNDACJA_Code_for_Green_logo.svg","width":236,"height":111,"caption":"Code for Green"},"image":{"@id":"https:\/\/www.cfg.edu.pl\/#\/schema\/logo\/image\/"},"sameAs":["https:\/\/www.facebook.com\/FundacjaForumInicjatywSpolecznych\/","https:\/\/www.youtube.com\/@fundacjaforuminicjatywspoe6910\/featured"],"description":"Jeste\u015bmy polsk\u0105 organizacj\u0105 non-profit, kt\u00f3ra od 2018 roku aktywnie wprowadza sprawcza edukacj\u0119 \u015brodowiskow\u0105 do szk\u00f3\u0142, by m\u0142odzi potrafili rozwi\u0105zywa\u0107 lokalne problemy wykorzystuj\u0105c technologie cyfrowe. Kszta\u0142cimy nauczycieli \u2013 przekszta\u0142camy szko\u0142\u0119 w centrum edukacji \u015brodowiskowej.","email":"biuro@ffis.edu.pl","legalName":"Fundacja Forum Inicjatyw Spo\u0142ecznych","vatID":"PL8442359966","taxID":"8442359966"},{"@type":"Person","@id":"https:\/\/www.cfg.edu.pl\/#\/schema\/person\/fdc9fdf7fb9849e5a56520737e800c31","name":"Iwona Danilewicz","image":{"@type":"ImageObject","inLanguage":"en-GB","@id":"https:\/\/secure.gravatar.com\/avatar\/2ae8921d776b718c1a50fff3daae571e64f82b2a3f1f3de3f168bdd28d48343d?s=96&d=mm&r=g","url":"https:\/\/secure.gravatar.com\/avatar\/2ae8921d776b718c1a50fff3daae571e64f82b2a3f1f3de3f168bdd28d48343d?s=96&d=mm&r=g","contentUrl":"https:\/\/secure.gravatar.com\/avatar\/2ae8921d776b718c1a50fff3daae571e64f82b2a3f1f3de3f168bdd28d48343d?s=96&d=mm&r=g","caption":"Iwona Danilewicz"}}]}},"_links":{"self":[{"href":"https:\/\/www.cfg.edu.pl\/eng\/wp-json\/wp\/v2\/posts\/5506","targetHints":{"allow":["GET"]}}],"collection":[{"href":"https:\/\/www.cfg.edu.pl\/eng\/wp-json\/wp\/v2\/posts"}],"about":[{"href":"https:\/\/www.cfg.edu.pl\/eng\/wp-json\/wp\/v2\/types\/post"}],"author":[{"embeddable":true,"href":"https:\/\/www.cfg.edu.pl\/eng\/wp-json\/wp\/v2\/users\/8"}],"replies":[{"embeddable":true,"href":"https:\/\/www.cfg.edu.pl\/eng\/wp-json\/wp\/v2\/comments?post=5506"}],"version-history":[{"count":4,"href":"https:\/\/www.cfg.edu.pl\/eng\/wp-json\/wp\/v2\/posts\/5506\/revisions"}],"predecessor-version":[{"id":5877,"href":"https:\/\/www.cfg.edu.pl\/eng\/wp-json\/wp\/v2\/posts\/5506\/revisions\/5877"}],"wp:featuredmedia":[{"embeddable":true,"href":"https:\/\/www.cfg.edu.pl\/eng\/wp-json\/wp\/v2\/media\/3558"}],"wp:attachment":[{"href":"https:\/\/www.cfg.edu.pl\/eng\/wp-json\/wp\/v2\/media?parent=5506"}],"wp:term":[{"taxonomy":"category","embeddable":true,"href":"https:\/\/www.cfg.edu.pl\/eng\/wp-json\/wp\/v2\/categories?post=5506"},{"taxonomy":"post_tag","embeddable":true,"href":"https:\/\/www.cfg.edu.pl\/eng\/wp-json\/wp\/v2\/tags?post=5506"}],"curies":[{"name":"wp","href":"https:\/\/api.w.org\/{rel}","templated":true}]}}