{"id":6492,"date":"2025-02-12T08:59:30","date_gmt":"2025-02-12T07:59:30","guid":{"rendered":"https:\/\/www.cfg.edu.pl\/?p=6492"},"modified":"2025-02-12T09:05:23","modified_gmt":"2025-02-12T08:05:23","slug":"mlodzi-zmieniaja-lewin-klodzki-jak-uczniowie-wzieli-sprawy-w-swoje-rece","status":"publish","type":"post","link":"https:\/\/www.cfg.edu.pl\/eng\/blog\/mlodzi-zmieniaja-lewin-klodzki-jak-uczniowie-wzieli-sprawy-w-swoje-rece\/","title":{"rendered":"Young People Transform Lewin K\u0142odzki: How Students Took Matters Into Their Own Hands"},"content":{"rendered":"<h3 style=\"text-align: justify;\" data-pm-slice=\"1 1 []\">W Lewinie K\u0142odzkim grupa m\u0142odych ludzi udowodni\u0142a, \u017ce zmiany zaczynaj\u0105 si\u0119 od inicjatywy i dzia\u0142ania. Uczniowie i uczennice klasy si\u00f3dmej miejscowej Szko\u0142y Podstawowej postanowili przyjrze\u0107 si\u0119 Zalewowi na Klikawie i zastanowi\u0107 si\u0119, jak mog\u0105 przywr\u00f3ci\u0107 mu dawny blask. M\u0142odzie\u017c uczestnicz\u0105ca w programie edukacji o zasobach wodnych &#8222;Code for Blue&#8221; zaprezentowa\u0142a w\u0142asn\u0105 wizj\u0119 tego miejsca jako przestrzeni sprzyjaj\u0105cej integracji mi\u0119dzypokoleniowej i edukacji przyrodniczej.<\/h3>\n<p style=\"text-align: justify;\">Praca uczni\u00f3w nie zako\u0144czy\u0142a si\u0119 jednak na teoretycznych rozwa\u017caniach. <a href=\"https:\/\/dkl24.pl\/pl\/a\/19390\/lewin-klodzki---nastolatkowie-o-przyszlosci-zalewu-na-klikawie.html?fbclid=IwY2xjawIZLXRleHRuA2FlbQIxMQABHetIGYOLV9Yf6mKUYVuaTAOP5q_Ipv2Uo1QKn0HsA2y1Yd0Qb0P5PE23KA_aem_FCi9XOsD1XQoS7CcQt2vUw\">Postanowili p\u00f3j\u015b\u0107 krok dalej i podzieli\u0107 si\u0119 swoimi pomys\u0142ami z w\u0142adzami gminy oraz mieszka\u0144cami.<\/a> W spotkaniu uczestniczyli m.in. Joanna Klimek-Szymanowicz, w\u00f3jt gminy Lewin K\u0142odzki, zast\u0119pca w\u00f3jta Karolina \u0141uszczki, a tak\u017ce radni Igor Lichwa i Lila Janicka-Czerniachowicz. W rozmowach wzi\u0119li r\u00f3wnie\u017c udzia\u0142 przedstawiciele Klubu Senior+ oraz rodzice uczni\u00f3w.<\/p>\n<p style=\"text-align: justify;\">Uczestnicy programu &#8222;Code for Blue&#8221; przygotowali szczeg\u00f3\u0142ow\u0105 makiet\u0119 ukazuj\u0105c\u0105 ich koncepcj\u0119 zagospodarowania akwenu. Podzielili przestrze\u0144 na trzy strefy: jedn\u0105 przeznaczon\u0105 wy\u0142\u0105cznie dla przyrody, drug\u0105 dedykowan\u0105 relaksowi i wyciszeniu, a trzeci\u0105 umo\u017cliwiaj\u0105c\u0105 aktywny wypoczynek dla mieszka\u0144c\u00f3w i turyst\u00f3w. Ich propozycja zaprezentowana pod koniec stycznia w szkole spotka\u0142a si\u0119 z du\u017cym zainteresowaniem i uznaniem. Dyskusje po prezentacji jasno pokaza\u0142y, \u017ce inicjatywa uczni\u00f3w mo\u017ce sta\u0107 si\u0119 punktem wyj\u015bcia do realnych zmian w zagospodarowaniu Zalewu.<\/p>\n<p style=\"text-align: justify;\">Program &#8222;Code for Blue&#8221; realizowany jest przez nasz\u0105 Fundacj\u0119 w 10 polskich szko\u0142ach. Punktem wyj\u015bcia do dyskusji jest nagradzany w Polsce i na \u015bwiecie film w re\u017c. Ewy Ewart &#8211; &#8222;Do ostatniej kropli&#8221;.<\/p>\n<p style=\"text-align: justify;\">Takie dzia\u0142ania s\u0105 najlepszym dowodem na to, \u017ce m\u0142odzi ludzie mog\u0105 mie\u0107 wp\u0142yw na swoje otoczenie. Nie czekaj\u0105 na decyzje doros\u0142ych, ale sami wychodz\u0105 z propozycjami i anga\u017cuje si\u0119 w sprawy wa\u017cne dla lokalnej spo\u0142eczno\u015bci. To w\u0142a\u015bnie sprawczo\u015b\u0107, czyli \u015bwiadomo\u015b\u0107 mo\u017cliwo\u015bci wp\u0142ywania na rzeczywisto\u015b\u0107, staje si\u0119 kluczowym elementem ich edukacji. Dzi\u0119ki takim programom ucz\u0105 si\u0119, \u017ce warto podejmowa\u0107 inicjatywy, dzia\u0142a\u0107 w grupie i bra\u0107 odpowiedzialno\u015b\u0107 za otaczaj\u0105c\u0105 przestrze\u0144.<\/p>\n<p>Co o swoim projekcie m\u00f3wi m\u0142odzie\u017c?<\/p>\n<p style=\"text-align: justify; padding-left: 40px;\" data-start=\"56\" data-end=\"564\"><strong><em>Warto przypomnie\u0107, \u017ce Zalew w Lewinie K\u0142odzkim powsta\u0142 pod koniec lat 90. jako zesp\u00f3\u0142 trzech akwen\u00f3w na rzece Klikawa. Jak m\u00f3g\u0142by wygl\u0105da\u0107 dzi\u015b i jakie pe\u0142ni\u0107 funkcje? Nasz pomys\u0142 na zagospodarowanie tego miejsca opiera si\u0119 na dw\u00f3ch filarach: dba\u0142o\u015bci o \u015brodowisko naturalne oraz dost\u0119pno\u015bci dla r\u00f3\u017cnych grup wiekowych \u2013 co podkre\u015blali mieszka\u0144cy w przeprowadzonych przez nas badaniach i ankietach.<\/em><\/strong><\/p>\n<p style=\"text-align: justify; padding-left: 40px;\" data-start=\"566\" data-end=\"586\"><strong><em>Co zaplanowali\u015bmy?<\/em><\/strong><\/p>\n<p style=\"text-align: justify; padding-left: 40px;\" data-start=\"588\" data-end=\"946\"><strong><em>Po pierwsze, dwa zbiorniki b\u0119d\u0105 przeznaczone do rekreacji, natomiast trzeci pozostanie dziki \u2013 stanie si\u0119 miejscem obserwacji przyrodniczych. Wa\u017cnym elementem jest o\u015bwietlenie zalewu, dzi\u0119ki czemu b\u0119dzie mo\u017cna korzysta\u0107 z niego r\u00f3wnie\u017c wieczorami. O\u015bwietlenie zostanie zaprojektowane w spos\u00f3b ekologiczny, z uwzgl\u0119dnieniem potrzeb gniazduj\u0105cych tam ptak\u00f3w.<\/em><\/strong><\/p>\n<p style=\"text-align: justify; padding-left: 40px;\" data-start=\"1288\" data-end=\"1732\"><strong><em>Nad zalewem, w miejscu dotychczas przeznaczonym na ogniska, powstanie altana z \u0142awkami i sto\u0142ami, gdzie b\u0119dzie mo\u017cna odpocz\u0105\u0107, obserwowa\u0107 przyrod\u0119 oraz organizowa\u0107 spotkania integracyjne. Altana b\u0119dzie pe\u0142ni\u0142a tak\u017ce funkcj\u0119 edukacyjn\u0105 \u2013 jako przestrze\u0144 do prowadzenia zaj\u0119\u0107 na \u015bwie\u017cym powietrzu czy spotka\u0144 dla senior\u00f3w. W jej pobli\u017cu zamontowany zostanie teleskop, dzi\u0119ki kt\u00f3remu b\u0119dzie mo\u017cna przygl\u0105da\u0107 si\u0119 przyrodzie z wi\u0119kszej odleg\u0142o\u015bci.<\/em><\/strong><\/p>\n<p style=\"text-align: justify; padding-left: 40px;\" data-start=\"1734\" data-end=\"2151\"><strong><em>Planujemy tak\u017ce budow\u0119 pomost\u00f3w \u2013 nie tylko dla w\u0119dkarzy, ale r\u00f3wnie\u017c jako miejsc odpoczynku i obserwacji przyrody. Ich obecno\u015b\u0107 uatrakcyjni wizualnie to miejsce. Przy pierwszym zbiorniku powstanie r\u00f3wnie\u017c tzw. \u201ekaczkomat\u201d, kt\u00f3ry umo\u017cliwi dokarmianie ptak\u00f3w w spos\u00f3b zgodny z ich potrzebami \u017cywieniowymi. Znajd\u0105 si\u0119 tam tak\u017ce tablice informacyjne na temat bior\u00f3\u017cnorodno\u015bci i zasad prawid\u0142owego dokarmiania zwierz\u0105t.<\/em><\/strong><\/p>\n<p style=\"text-align: justify; padding-left: 40px;\" data-start=\"2153\" data-end=\"2391\"><strong><em>Aby wspiera\u0107 lokaln\u0105 faun\u0119 i flor\u0119, planujemy nasadzenie ro\u015blinno\u015bci przybrze\u017cnej, kt\u00f3ra nie tylko wzbogaci krajobraz, ale tak\u017ce stworzy dogodne warunki dla wielu gatunk\u00f3w. Zalew nadal b\u0119dzie siedliskiem ryb i innych organizm\u00f3w wodnych.<\/em><\/strong><\/p>\n<p style=\"text-align: justify; padding-left: 40px;\" data-start=\"2393\" data-end=\"2821\"><strong><em>Dodatkowym elementem projektu jest stworzenie wypo\u017cyczalni sprz\u0119tu wodnego, takiego jak rowerki wodne czy kajaki. Dzi\u0119ki temu mieszka\u0144cy i tury\u015bci b\u0119d\u0105 mogli korzysta\u0107 z zalewu w spos\u00f3b aktywny, a jednocze\u015bnie podziwia\u0107 przyrod\u0119 z innej perspektywy. Przy jednym z brzeg\u00f3w powstanie pla\u017ca oraz boisko do siatk\u00f3wki pla\u017cowej, z kt\u00f3rego b\u0119d\u0105 mogli korzysta\u0107 zar\u00f3wno mieszka\u0144cy, jak i uczniowie podczas zaj\u0119\u0107 wychowania fizycznego.<\/em><\/strong><\/p>\n<p style=\"text-align: justify; padding-left: 40px;\" data-start=\"3036\" data-end=\"3334\"><strong><em>Wa\u017cnym elementem naszego projektu s\u0105 tabliczki z kodami QR. To nasz autorski pomys\u0142 \u2013 do marca 2025 roku chcemy umie\u015bci\u0107 nad zalewem tablice, kt\u00f3re po zeskanowaniu pozwol\u0105 obejrze\u0107 film opisuj\u0105cy nasz\u0105 makiet\u0119, a tak\u017ce zobaczy\u0107 archiwalne i aktualne zdj\u0119cia zalewu wykonane przez uczni\u00f3w.<\/em><\/strong><\/p>\n<p style=\"text-align: justify;\">Uczniowie pracowali pod okiem nauczycielek &#8211; Anny Mora\u015b i Justyny Sze\u0142\u0119gi, kt\u00f3re wspiera\u0142y ich w realizacji pomys\u0142u.\u00a0<\/p>\n<p><em>Partnerzy programu:<\/em><\/p>\n<p><img fetchpriority=\"high\" decoding=\"async\" class=\"aligncenter size-full wp-image-4732\" src=\"https:\/\/www.cfg.edu.pl\/wp-content\/uploads\/2024\/08\/belka-sponsorska-cfb.png\" alt=\"\" width=\"2048\" height=\"488\" srcset=\"https:\/\/www.cfg.edu.pl\/wp-content\/uploads\/2024\/08\/belka-sponsorska-cfb.png 2048w, https:\/\/www.cfg.edu.pl\/wp-content\/uploads\/2024\/08\/belka-sponsorska-cfb-300x71.png 300w, https:\/\/www.cfg.edu.pl\/wp-content\/uploads\/2024\/08\/belka-sponsorska-cfb-1024x244.png 1024w, https:\/\/www.cfg.edu.pl\/wp-content\/uploads\/2024\/08\/belka-sponsorska-cfb-768x183.png 768w, https:\/\/www.cfg.edu.pl\/wp-content\/uploads\/2024\/08\/belka-sponsorska-cfb-1536x366.png 1536w, https:\/\/www.cfg.edu.pl\/wp-content\/uploads\/2024\/08\/belka-sponsorska-cfb-18x4.png 18w, https:\/\/www.cfg.edu.pl\/wp-content\/uploads\/2024\/08\/belka-sponsorska-cfb-600x143.png 600w\" sizes=\"(max-width: 2048px) 100vw, 2048px\" \/><\/p>\n<p><em>Fot. Zesp\u00f3\u0142 Szkolno-Przedszkolny im. &#8222;Na Bursztynowym Szlaku&#8221; w Lewinie K\u0142odzkim\u00a0<\/em><\/p>\n\n\n<figure class=\"wp-block-gallery has-nested-images columns-default is-cropped wp-block-gallery-1 is-layout-flex wp-block-gallery-is-layout-flex\">\n<figure class=\"wp-block-image size-large\"><img decoding=\"async\" width=\"1024\" height=\"410\" data-id=\"6505\" src=\"https:\/\/www.cfg.edu.pl\/wp-content\/uploads\/2025\/02\/Lewin_cfb2-1024x410.jpg\" alt=\"\" class=\"wp-image-6505\" srcset=\"https:\/\/www.cfg.edu.pl\/wp-content\/uploads\/2025\/02\/Lewin_cfb2-1024x410.jpg 1024w, https:\/\/www.cfg.edu.pl\/wp-content\/uploads\/2025\/02\/Lewin_cfb2-300x120.jpg 300w, https:\/\/www.cfg.edu.pl\/wp-content\/uploads\/2025\/02\/Lewin_cfb2-768x307.jpg 768w, https:\/\/www.cfg.edu.pl\/wp-content\/uploads\/2025\/02\/Lewin_cfb2-1536x614.jpg 1536w, https:\/\/www.cfg.edu.pl\/wp-content\/uploads\/2025\/02\/Lewin_cfb2-18x7.jpg 18w, https:\/\/www.cfg.edu.pl\/wp-content\/uploads\/2025\/02\/Lewin_cfb2-600x240.jpg 600w, https:\/\/www.cfg.edu.pl\/wp-content\/uploads\/2025\/02\/Lewin_cfb2.jpg 1600w\" sizes=\"(max-width: 1024px) 100vw, 1024px\" \/><\/figure>\n\n\n\n<figure class=\"wp-block-image size-large\"><img decoding=\"async\" width=\"873\" height=\"1024\" data-id=\"6504\" src=\"https:\/\/www.cfg.edu.pl\/wp-content\/uploads\/2025\/02\/Lewin_cfb3-873x1024.jpg\" alt=\"\" class=\"wp-image-6504\" srcset=\"https:\/\/www.cfg.edu.pl\/wp-content\/uploads\/2025\/02\/Lewin_cfb3-873x1024.jpg 873w, https:\/\/www.cfg.edu.pl\/wp-content\/uploads\/2025\/02\/Lewin_cfb3-256x300.jpg 256w, https:\/\/www.cfg.edu.pl\/wp-content\/uploads\/2025\/02\/Lewin_cfb3-768x901.jpg 768w, https:\/\/www.cfg.edu.pl\/wp-content\/uploads\/2025\/02\/Lewin_cfb3-1310x1536.jpg 1310w, https:\/\/www.cfg.edu.pl\/wp-content\/uploads\/2025\/02\/Lewin_cfb3-10x12.jpg 10w, https:\/\/www.cfg.edu.pl\/wp-content\/uploads\/2025\/02\/Lewin_cfb3-600x704.jpg 600w, https:\/\/www.cfg.edu.pl\/wp-content\/uploads\/2025\/02\/Lewin_cfb3.jpg 1746w\" sizes=\"(max-width: 873px) 100vw, 873px\" \/><\/figure>\n\n\n\n<figure class=\"wp-block-image size-large\"><img loading=\"lazy\" decoding=\"async\" width=\"1024\" height=\"768\" data-id=\"6503\" src=\"https:\/\/www.cfg.edu.pl\/wp-content\/uploads\/2025\/02\/Lewin_cfb4-1024x768.jpg\" alt=\"\" class=\"wp-image-6503\" srcset=\"https:\/\/www.cfg.edu.pl\/wp-content\/uploads\/2025\/02\/Lewin_cfb4-1024x768.jpg 1024w, https:\/\/www.cfg.edu.pl\/wp-content\/uploads\/2025\/02\/Lewin_cfb4-300x225.jpg 300w, https:\/\/www.cfg.edu.pl\/wp-content\/uploads\/2025\/02\/Lewin_cfb4-768x576.jpg 768w, https:\/\/www.cfg.edu.pl\/wp-content\/uploads\/2025\/02\/Lewin_cfb4-1536x1152.jpg 1536w, https:\/\/www.cfg.edu.pl\/wp-content\/uploads\/2025\/02\/Lewin_cfb4-16x12.jpg 16w, https:\/\/www.cfg.edu.pl\/wp-content\/uploads\/2025\/02\/Lewin_cfb4-600x450.jpg 600w, https:\/\/www.cfg.edu.pl\/wp-content\/uploads\/2025\/02\/Lewin_cfb4.jpg 2048w\" sizes=\"(max-width: 1024px) 100vw, 1024px\" \/><\/figure>\n\n\n\n<figure class=\"wp-block-image size-large\"><img loading=\"lazy\" decoding=\"async\" width=\"1024\" height=\"768\" data-id=\"6502\" src=\"https:\/\/www.cfg.edu.pl\/wp-content\/uploads\/2025\/02\/Lewin_cfb5-1024x768.jpg\" alt=\"\" class=\"wp-image-6502\" srcset=\"https:\/\/www.cfg.edu.pl\/wp-content\/uploads\/2025\/02\/Lewin_cfb5-1024x768.jpg 1024w, https:\/\/www.cfg.edu.pl\/wp-content\/uploads\/2025\/02\/Lewin_cfb5-300x225.jpg 300w, https:\/\/www.cfg.edu.pl\/wp-content\/uploads\/2025\/02\/Lewin_cfb5-768x576.jpg 768w, https:\/\/www.cfg.edu.pl\/wp-content\/uploads\/2025\/02\/Lewin_cfb5-1536x1152.jpg 1536w, https:\/\/www.cfg.edu.pl\/wp-content\/uploads\/2025\/02\/Lewin_cfb5-16x12.jpg 16w, https:\/\/www.cfg.edu.pl\/wp-content\/uploads\/2025\/02\/Lewin_cfb5-600x450.jpg 600w, https:\/\/www.cfg.edu.pl\/wp-content\/uploads\/2025\/02\/Lewin_cfb5.jpg 2048w\" sizes=\"(max-width: 1024px) 100vw, 1024px\" \/><\/figure>\n\n\n\n<figure class=\"wp-block-image size-large\"><img loading=\"lazy\" decoding=\"async\" width=\"768\" height=\"1024\" data-id=\"6501\" src=\"https:\/\/www.cfg.edu.pl\/wp-content\/uploads\/2025\/02\/Lewin_cfb6-768x1024.jpg\" alt=\"\" class=\"wp-image-6501\" srcset=\"https:\/\/www.cfg.edu.pl\/wp-content\/uploads\/2025\/02\/Lewin_cfb6-768x1024.jpg 768w, https:\/\/www.cfg.edu.pl\/wp-content\/uploads\/2025\/02\/Lewin_cfb6-225x300.jpg 225w, https:\/\/www.cfg.edu.pl\/wp-content\/uploads\/2025\/02\/Lewin_cfb6-1152x1536.jpg 1152w, https:\/\/www.cfg.edu.pl\/wp-content\/uploads\/2025\/02\/Lewin_cfb6-9x12.jpg 9w, https:\/\/www.cfg.edu.pl\/wp-content\/uploads\/2025\/02\/Lewin_cfb6-600x800.jpg 600w, https:\/\/www.cfg.edu.pl\/wp-content\/uploads\/2025\/02\/Lewin_cfb6.jpg 1536w\" sizes=\"(max-width: 768px) 100vw, 768px\" \/><\/figure>\n\n\n\n<figure class=\"wp-block-image size-large\"><img loading=\"lazy\" decoding=\"async\" width=\"1024\" height=\"844\" data-id=\"6500\" src=\"https:\/\/www.cfg.edu.pl\/wp-content\/uploads\/2025\/02\/Lewin_cfb7-1024x844.jpg\" alt=\"\" class=\"wp-image-6500\" srcset=\"https:\/\/www.cfg.edu.pl\/wp-content\/uploads\/2025\/02\/Lewin_cfb7-1024x844.jpg 1024w, https:\/\/www.cfg.edu.pl\/wp-content\/uploads\/2025\/02\/Lewin_cfb7-300x247.jpg 300w, https:\/\/www.cfg.edu.pl\/wp-content\/uploads\/2025\/02\/Lewin_cfb7-768x633.jpg 768w, https:\/\/www.cfg.edu.pl\/wp-content\/uploads\/2025\/02\/Lewin_cfb7-1536x1266.jpg 1536w, https:\/\/www.cfg.edu.pl\/wp-content\/uploads\/2025\/02\/Lewin_cfb7-15x12.jpg 15w, https:\/\/www.cfg.edu.pl\/wp-content\/uploads\/2025\/02\/Lewin_cfb7-600x495.jpg 600w, https:\/\/www.cfg.edu.pl\/wp-content\/uploads\/2025\/02\/Lewin_cfb7.jpg 2048w\" sizes=\"(max-width: 1024px) 100vw, 1024px\" \/><\/figure>\n\n\n\n<figure class=\"wp-block-image size-large\"><img loading=\"lazy\" decoding=\"async\" width=\"1024\" height=\"894\" data-id=\"6499\" src=\"https:\/\/www.cfg.edu.pl\/wp-content\/uploads\/2025\/02\/Lewin_cfb8-1024x894.jpg\" alt=\"\" class=\"wp-image-6499\" srcset=\"https:\/\/www.cfg.edu.pl\/wp-content\/uploads\/2025\/02\/Lewin_cfb8-1024x894.jpg 1024w, https:\/\/www.cfg.edu.pl\/wp-content\/uploads\/2025\/02\/Lewin_cfb8-300x262.jpg 300w, https:\/\/www.cfg.edu.pl\/wp-content\/uploads\/2025\/02\/Lewin_cfb8-768x671.jpg 768w, https:\/\/www.cfg.edu.pl\/wp-content\/uploads\/2025\/02\/Lewin_cfb8-1536x1341.jpg 1536w, https:\/\/www.cfg.edu.pl\/wp-content\/uploads\/2025\/02\/Lewin_cfb8-14x12.jpg 14w, https:\/\/www.cfg.edu.pl\/wp-content\/uploads\/2025\/02\/Lewin_cfb8-600x524.jpg 600w, https:\/\/www.cfg.edu.pl\/wp-content\/uploads\/2025\/02\/Lewin_cfb8.jpg 2048w\" sizes=\"(max-width: 1024px) 100vw, 1024px\" \/><\/figure>\n\n\n\n<figure class=\"wp-block-image size-large\"><img loading=\"lazy\" decoding=\"async\" width=\"1024\" height=\"768\" data-id=\"6498\" src=\"https:\/\/www.cfg.edu.pl\/wp-content\/uploads\/2025\/02\/Lewin_cfb9-1024x768.jpg\" alt=\"\" class=\"wp-image-6498\" srcset=\"https:\/\/www.cfg.edu.pl\/wp-content\/uploads\/2025\/02\/Lewin_cfb9-1024x768.jpg 1024w, https:\/\/www.cfg.edu.pl\/wp-content\/uploads\/2025\/02\/Lewin_cfb9-300x225.jpg 300w, https:\/\/www.cfg.edu.pl\/wp-content\/uploads\/2025\/02\/Lewin_cfb9-768x576.jpg 768w, https:\/\/www.cfg.edu.pl\/wp-content\/uploads\/2025\/02\/Lewin_cfb9-1536x1152.jpg 1536w, https:\/\/www.cfg.edu.pl\/wp-content\/uploads\/2025\/02\/Lewin_cfb9-16x12.jpg 16w, https:\/\/www.cfg.edu.pl\/wp-content\/uploads\/2025\/02\/Lewin_cfb9-600x450.jpg 600w, https:\/\/www.cfg.edu.pl\/wp-content\/uploads\/2025\/02\/Lewin_cfb9.jpg 2048w\" sizes=\"(max-width: 1024px) 100vw, 1024px\" \/><\/figure>\n\n\n\n<figure class=\"wp-block-image size-large\"><img loading=\"lazy\" decoding=\"async\" width=\"1024\" height=\"598\" data-id=\"6497\" src=\"https:\/\/www.cfg.edu.pl\/wp-content\/uploads\/2025\/02\/Lewin_cfb10-1024x598.jpg\" alt=\"\" class=\"wp-image-6497\" srcset=\"https:\/\/www.cfg.edu.pl\/wp-content\/uploads\/2025\/02\/Lewin_cfb10-1024x598.jpg 1024w, https:\/\/www.cfg.edu.pl\/wp-content\/uploads\/2025\/02\/Lewin_cfb10-300x175.jpg 300w, https:\/\/www.cfg.edu.pl\/wp-content\/uploads\/2025\/02\/Lewin_cfb10-768x449.jpg 768w, https:\/\/www.cfg.edu.pl\/wp-content\/uploads\/2025\/02\/Lewin_cfb10-1536x897.jpg 1536w, https:\/\/www.cfg.edu.pl\/wp-content\/uploads\/2025\/02\/Lewin_cfb10-18x12.jpg 18w, https:\/\/www.cfg.edu.pl\/wp-content\/uploads\/2025\/02\/Lewin_cfb10-600x350.jpg 600w, https:\/\/www.cfg.edu.pl\/wp-content\/uploads\/2025\/02\/Lewin_cfb10.jpg 2048w\" sizes=\"(max-width: 1024px) 100vw, 1024px\" \/><\/figure>\n\n\n\n<figure class=\"wp-block-image size-large\"><img loading=\"lazy\" decoding=\"async\" width=\"768\" height=\"1024\" data-id=\"6496\" src=\"https:\/\/www.cfg.edu.pl\/wp-content\/uploads\/2025\/02\/Lewin_cfb11-768x1024.jpg\" alt=\"\" class=\"wp-image-6496\" srcset=\"https:\/\/www.cfg.edu.pl\/wp-content\/uploads\/2025\/02\/Lewin_cfb11-768x1024.jpg 768w, https:\/\/www.cfg.edu.pl\/wp-content\/uploads\/2025\/02\/Lewin_cfb11-225x300.jpg 225w, https:\/\/www.cfg.edu.pl\/wp-content\/uploads\/2025\/02\/Lewin_cfb11-1152x1536.jpg 1152w, https:\/\/www.cfg.edu.pl\/wp-content\/uploads\/2025\/02\/Lewin_cfb11-9x12.jpg 9w, https:\/\/www.cfg.edu.pl\/wp-content\/uploads\/2025\/02\/Lewin_cfb11-600x800.jpg 600w, https:\/\/www.cfg.edu.pl\/wp-content\/uploads\/2025\/02\/Lewin_cfb11.jpg 1536w\" sizes=\"(max-width: 768px) 100vw, 768px\" \/><\/figure>\n\n\n\n<figure class=\"wp-block-image size-large\"><img loading=\"lazy\" decoding=\"async\" width=\"745\" height=\"1024\" data-id=\"6495\" src=\"https:\/\/www.cfg.edu.pl\/wp-content\/uploads\/2025\/02\/Lewin_cfb12-745x1024.jpg\" alt=\"\" class=\"wp-image-6495\" srcset=\"https:\/\/www.cfg.edu.pl\/wp-content\/uploads\/2025\/02\/Lewin_cfb12-745x1024.jpg 745w, https:\/\/www.cfg.edu.pl\/wp-content\/uploads\/2025\/02\/Lewin_cfb12-218x300.jpg 218w, https:\/\/www.cfg.edu.pl\/wp-content\/uploads\/2025\/02\/Lewin_cfb12-768x1056.jpg 768w, https:\/\/www.cfg.edu.pl\/wp-content\/uploads\/2025\/02\/Lewin_cfb12-1118x1536.jpg 1118w, https:\/\/www.cfg.edu.pl\/wp-content\/uploads\/2025\/02\/Lewin_cfb12-9x12.jpg 9w, https:\/\/www.cfg.edu.pl\/wp-content\/uploads\/2025\/02\/Lewin_cfb12-600x825.jpg 600w, https:\/\/www.cfg.edu.pl\/wp-content\/uploads\/2025\/02\/Lewin_cfb12.jpg 1490w\" sizes=\"(max-width: 745px) 100vw, 745px\" \/><\/figure>\n\n\n\n<figure class=\"wp-block-image size-large\"><img loading=\"lazy\" decoding=\"async\" width=\"699\" height=\"1024\" data-id=\"6494\" src=\"https:\/\/www.cfg.edu.pl\/wp-content\/uploads\/2025\/02\/Lewin_cfb13-699x1024.jpg\" alt=\"\" class=\"wp-image-6494\" srcset=\"https:\/\/www.cfg.edu.pl\/wp-content\/uploads\/2025\/02\/Lewin_cfb13-699x1024.jpg 699w, https:\/\/www.cfg.edu.pl\/wp-content\/uploads\/2025\/02\/Lewin_cfb13-205x300.jpg 205w, https:\/\/www.cfg.edu.pl\/wp-content\/uploads\/2025\/02\/Lewin_cfb13-768x1125.jpg 768w, https:\/\/www.cfg.edu.pl\/wp-content\/uploads\/2025\/02\/Lewin_cfb13-1049x1536.jpg 1049w, https:\/\/www.cfg.edu.pl\/wp-content\/uploads\/2025\/02\/Lewin_cfb13-8x12.jpg 8w, https:\/\/www.cfg.edu.pl\/wp-content\/uploads\/2025\/02\/Lewin_cfb13-600x879.jpg 600w, https:\/\/www.cfg.edu.pl\/wp-content\/uploads\/2025\/02\/Lewin_cfb13.jpg 1398w\" sizes=\"(max-width: 699px) 100vw, 699px\" \/><\/figure>\n\n\n\n<figure class=\"wp-block-image size-large\"><img loading=\"lazy\" decoding=\"async\" width=\"960\" height=\"538\" data-id=\"6493\" src=\"https:\/\/www.cfg.edu.pl\/wp-content\/uploads\/2025\/02\/Lewin_cfb1.jpg\" alt=\"\" class=\"wp-image-6493\" srcset=\"https:\/\/www.cfg.edu.pl\/wp-content\/uploads\/2025\/02\/Lewin_cfb1.jpg 960w, https:\/\/www.cfg.edu.pl\/wp-content\/uploads\/2025\/02\/Lewin_cfb1-300x168.jpg 300w, https:\/\/www.cfg.edu.pl\/wp-content\/uploads\/2025\/02\/Lewin_cfb1-768x430.jpg 768w, https:\/\/www.cfg.edu.pl\/wp-content\/uploads\/2025\/02\/Lewin_cfb1-18x10.jpg 18w, https:\/\/www.cfg.edu.pl\/wp-content\/uploads\/2025\/02\/Lewin_cfb1-600x336.jpg 600w\" sizes=\"(max-width: 960px) 100vw, 960px\" \/><\/figure>\n<\/figure>\n\n\n\n<figure class=\"wp-block-embed is-type-video is-provider-youtube wp-block-embed-youtube wp-embed-aspect-16-9 wp-has-aspect-ratio\"><div class=\"wp-block-embed__wrapper\">\n<iframe title=\"Prezentacja dla Radnych\" width=\"800\" height=\"450\" src=\"https:\/\/www.youtube.com\/embed\/uYiZvP6105g?feature=oembed\" frameborder=\"0\" allow=\"accelerometer; autoplay; clipboard-write; encrypted-media; gyroscope; picture-in-picture; web-share\" referrerpolicy=\"strict-origin-when-cross-origin\" allowfullscreen><\/iframe>\n<\/div><\/figure>","protected":false},"excerpt":{"rendered":"<p>W Lewinie K\u0142odzkim grupa m\u0142odych ludzi udowodni\u0142a, \u017ce zmiany zaczynaj\u0105 si\u0119 od inicjatywy i dzia\u0142ania. Uczniowie i uczennice klasy si\u00f3dmej miejscowej Szko\u0142y Podstawowej postanowili przyjrze\u0107 si\u0119 Zalewowi na Klikawie i zastanowi\u0107 si\u0119, jak mog\u0105 przywr\u00f3ci\u0107 mu dawny blask. M\u0142odzie\u017c uczestnicz\u0105ca w programie edukacji o zasobach wodnych &#8222;Code for Blue&#8221; zaprezentowa\u0142a w\u0142asn\u0105 wizj\u0119 tego miejsca jako [&hellip;]<\/p>\n","protected":false},"author":8,"featured_media":6498,"comment_status":"closed","ping_status":"closed","sticky":false,"template":"","format":"standard","meta":{"_acf_changed":false,"footnotes":""},"categories":[1,74,68],"tags":[78,84,83,79],"class_list":["post-6492","post","type-post","status-publish","format-standard","has-post-thumbnail","hentry","category-aktualnosci","category-code-for-blue","category-woda","tag-code-for-blue","tag-do-ostatniej-kropli","tag-ewa-ewart","tag-piotr-nieznanski"],"acf":[],"yoast_head":"<!-- This site is optimized with the Yoast SEO Premium plugin v23.4 (Yoast SEO v27.4) - https:\/\/yoast.com\/product\/yoast-seo-premium-wordpress\/ -->\n<title>Jak zmieni\u0107 swoje najbli\u017csze otoczenie<\/title>\n<meta name=\"description\" content=\"Szko\u0142a w Lewinie K\u0142odzkim \u015bwietnie sobie radzi - radni i w\u00f3jt gminy spotkali si\u0119 z uczniami z programu &quot;Code for blue&quot; i obejrzeli ich pomys\u0142\" \/>\n<meta name=\"robots\" content=\"index, follow, max-snippet:-1, max-image-preview:large, max-video-preview:-1\" \/>\n<link rel=\"canonical\" href=\"https:\/\/www.cfg.edu.pl\/eng\/blog\/mlodzi-zmieniaja-lewin-klodzki-jak-uczniowie-wzieli-sprawy-w-swoje-rece\/\" \/>\n<meta property=\"og:locale\" content=\"en_GB\" \/>\n<meta property=\"og:type\" content=\"article\" \/>\n<meta property=\"og:title\" content=\"M\u0142odzi zmieniaj\u0105 Lewin K\u0142odzki: jak uczniowie wzi\u0119li sprawy w swoje r\u0119ce\" \/>\n<meta property=\"og:description\" content=\"Szko\u0142a w Lewinie K\u0142odzkim \u015bwietnie sobie radzi - radni i w\u00f3jt gminy spotkali si\u0119 z uczniami z programu &quot;Code for blue&quot; i obejrzeli ich pomys\u0142\" \/>\n<meta property=\"og:url\" content=\"https:\/\/www.cfg.edu.pl\/eng\/blog\/mlodzi-zmieniaja-lewin-klodzki-jak-uczniowie-wzieli-sprawy-w-swoje-rece\/\" \/>\n<meta property=\"og:site_name\" content=\"Code for Green\" \/>\n<meta property=\"article:publisher\" content=\"https:\/\/www.facebook.com\/FundacjaForumInicjatywSpolecznych\/\" \/>\n<meta property=\"article:published_time\" content=\"2025-02-12T07:59:30+00:00\" \/>\n<meta property=\"article:modified_time\" content=\"2025-02-12T08:05:23+00:00\" \/>\n<meta property=\"og:image\" content=\"https:\/\/www.cfg.edu.pl\/wp-content\/uploads\/2025\/02\/Lewin_cfb9.jpg\" \/>\n\t<meta property=\"og:image:width\" content=\"2048\" \/>\n\t<meta property=\"og:image:height\" content=\"1536\" \/>\n\t<meta property=\"og:image:type\" content=\"image\/jpeg\" \/>\n<meta name=\"author\" content=\"Iwona Danilewicz\" \/>\n<meta name=\"twitter:card\" content=\"summary_large_image\" \/>\n<meta name=\"twitter:label1\" content=\"Written by\" \/>\n\t<meta name=\"twitter:data1\" content=\"Iwona Danilewicz\" \/>\n\t<meta name=\"twitter:label2\" content=\"Est. reading time\" \/>\n\t<meta name=\"twitter:data2\" content=\"8 minutes\" \/>\n<script type=\"application\/ld+json\" class=\"yoast-schema-graph\">{\"@context\":\"https:\\\/\\\/schema.org\",\"@graph\":[{\"@type\":\"Article\",\"@id\":\"https:\\\/\\\/www.cfg.edu.pl\\\/blog\\\/mlodzi-zmieniaja-lewin-klodzki-jak-uczniowie-wzieli-sprawy-w-swoje-rece\\\/#article\",\"isPartOf\":{\"@id\":\"https:\\\/\\\/www.cfg.edu.pl\\\/blog\\\/mlodzi-zmieniaja-lewin-klodzki-jak-uczniowie-wzieli-sprawy-w-swoje-rece\\\/\"},\"author\":{\"name\":\"Iwona Danilewicz\",\"@id\":\"https:\\\/\\\/www.cfg.edu.pl\\\/#\\\/schema\\\/person\\\/fdc9fdf7fb9849e5a56520737e800c31\"},\"headline\":\"M\u0142odzi zmieniaj\u0105 Lewin K\u0142odzki: jak uczniowie wzi\u0119li sprawy w swoje r\u0119ce\",\"datePublished\":\"2025-02-12T07:59:30+00:00\",\"dateModified\":\"2025-02-12T08:05:23+00:00\",\"mainEntityOfPage\":{\"@id\":\"https:\\\/\\\/www.cfg.edu.pl\\\/blog\\\/mlodzi-zmieniaja-lewin-klodzki-jak-uczniowie-wzieli-sprawy-w-swoje-rece\\\/\"},\"wordCount\":852,\"publisher\":{\"@id\":\"https:\\\/\\\/www.cfg.edu.pl\\\/#organization\"},\"image\":{\"@id\":\"https:\\\/\\\/www.cfg.edu.pl\\\/blog\\\/mlodzi-zmieniaja-lewin-klodzki-jak-uczniowie-wzieli-sprawy-w-swoje-rece\\\/#primaryimage\"},\"thumbnailUrl\":\"https:\\\/\\\/www.cfg.edu.pl\\\/wp-content\\\/uploads\\\/2025\\\/02\\\/Lewin_cfb9.jpg\",\"keywords\":[\"Code for Blue\",\"Do ostatniej kropli\",\"Ewa Ewart\",\"Piotr Niezna\u0144ski\"],\"articleSection\":[\"Aktualno\u015bci\",\"Code for Blue\",\"Woda\"],\"inLanguage\":\"en-GB\"},{\"@type\":\"WebPage\",\"@id\":\"https:\\\/\\\/www.cfg.edu.pl\\\/blog\\\/mlodzi-zmieniaja-lewin-klodzki-jak-uczniowie-wzieli-sprawy-w-swoje-rece\\\/\",\"url\":\"https:\\\/\\\/www.cfg.edu.pl\\\/blog\\\/mlodzi-zmieniaja-lewin-klodzki-jak-uczniowie-wzieli-sprawy-w-swoje-rece\\\/\",\"name\":\"Jak zmieni\u0107 swoje najbli\u017csze otoczenie\",\"isPartOf\":{\"@id\":\"https:\\\/\\\/www.cfg.edu.pl\\\/#website\"},\"primaryImageOfPage\":{\"@id\":\"https:\\\/\\\/www.cfg.edu.pl\\\/blog\\\/mlodzi-zmieniaja-lewin-klodzki-jak-uczniowie-wzieli-sprawy-w-swoje-rece\\\/#primaryimage\"},\"image\":{\"@id\":\"https:\\\/\\\/www.cfg.edu.pl\\\/blog\\\/mlodzi-zmieniaja-lewin-klodzki-jak-uczniowie-wzieli-sprawy-w-swoje-rece\\\/#primaryimage\"},\"thumbnailUrl\":\"https:\\\/\\\/www.cfg.edu.pl\\\/wp-content\\\/uploads\\\/2025\\\/02\\\/Lewin_cfb9.jpg\",\"datePublished\":\"2025-02-12T07:59:30+00:00\",\"dateModified\":\"2025-02-12T08:05:23+00:00\",\"description\":\"Szko\u0142a w Lewinie K\u0142odzkim \u015bwietnie sobie radzi - radni i w\u00f3jt gminy spotkali si\u0119 z uczniami z programu \\\"Code for blue\\\" i obejrzeli ich pomys\u0142\",\"breadcrumb\":{\"@id\":\"https:\\\/\\\/www.cfg.edu.pl\\\/blog\\\/mlodzi-zmieniaja-lewin-klodzki-jak-uczniowie-wzieli-sprawy-w-swoje-rece\\\/#breadcrumb\"},\"inLanguage\":\"en-GB\",\"potentialAction\":[{\"@type\":\"ReadAction\",\"target\":[\"https:\\\/\\\/www.cfg.edu.pl\\\/blog\\\/mlodzi-zmieniaja-lewin-klodzki-jak-uczniowie-wzieli-sprawy-w-swoje-rece\\\/\"]}]},{\"@type\":\"ImageObject\",\"inLanguage\":\"en-GB\",\"@id\":\"https:\\\/\\\/www.cfg.edu.pl\\\/blog\\\/mlodzi-zmieniaja-lewin-klodzki-jak-uczniowie-wzieli-sprawy-w-swoje-rece\\\/#primaryimage\",\"url\":\"https:\\\/\\\/www.cfg.edu.pl\\\/wp-content\\\/uploads\\\/2025\\\/02\\\/Lewin_cfb9.jpg\",\"contentUrl\":\"https:\\\/\\\/www.cfg.edu.pl\\\/wp-content\\\/uploads\\\/2025\\\/02\\\/Lewin_cfb9.jpg\",\"width\":2048,\"height\":1536},{\"@type\":\"BreadcrumbList\",\"@id\":\"https:\\\/\\\/www.cfg.edu.pl\\\/blog\\\/mlodzi-zmieniaja-lewin-klodzki-jak-uczniowie-wzieli-sprawy-w-swoje-rece\\\/#breadcrumb\",\"itemListElement\":[{\"@type\":\"ListItem\",\"position\":1,\"name\":\"Home\",\"item\":\"https:\\\/\\\/www.cfg.edu.pl\\\/\"},{\"@type\":\"ListItem\",\"position\":2,\"name\":\"M\u0142odzi zmieniaj\u0105 Lewin K\u0142odzki: jak uczniowie wzi\u0119li sprawy w swoje r\u0119ce\"}]},{\"@type\":\"WebSite\",\"@id\":\"https:\\\/\\\/www.cfg.edu.pl\\\/#website\",\"url\":\"https:\\\/\\\/www.cfg.edu.pl\\\/\",\"name\":\"Fundacja Code for Green\",\"description\":\"Edukacja, \u015arodowisko, Sprawczo\u015b\u0107, Technologia\",\"publisher\":{\"@id\":\"https:\\\/\\\/www.cfg.edu.pl\\\/#organization\"},\"alternateName\":\"Code for Green\",\"potentialAction\":[{\"@type\":\"SearchAction\",\"target\":{\"@type\":\"EntryPoint\",\"urlTemplate\":\"https:\\\/\\\/www.cfg.edu.pl\\\/?s={search_term_string}\"},\"query-input\":{\"@type\":\"PropertyValueSpecification\",\"valueRequired\":true,\"valueName\":\"search_term_string\"}}],\"inLanguage\":\"en-GB\"},{\"@type\":\"Organization\",\"@id\":\"https:\\\/\\\/www.cfg.edu.pl\\\/#organization\",\"name\":\"Code for Green\",\"alternateName\":\"Fundacja Forum Inicjatyw Spo\u0142ecznych\",\"url\":\"https:\\\/\\\/www.cfg.edu.pl\\\/\",\"logo\":{\"@type\":\"ImageObject\",\"inLanguage\":\"en-GB\",\"@id\":\"https:\\\/\\\/www.cfg.edu.pl\\\/#\\\/schema\\\/logo\\\/image\\\/\",\"url\":\"https:\\\/\\\/www.cfg.edu.pl\\\/wp-content\\\/uploads\\\/2024\\\/02\\\/FUNDACJA_Code_for_Green_logo.svg\",\"contentUrl\":\"https:\\\/\\\/www.cfg.edu.pl\\\/wp-content\\\/uploads\\\/2024\\\/02\\\/FUNDACJA_Code_for_Green_logo.svg\",\"width\":236,\"height\":111,\"caption\":\"Code for Green\"},\"image\":{\"@id\":\"https:\\\/\\\/www.cfg.edu.pl\\\/#\\\/schema\\\/logo\\\/image\\\/\"},\"sameAs\":[\"https:\\\/\\\/www.facebook.com\\\/FundacjaForumInicjatywSpolecznych\\\/\",\"https:\\\/\\\/www.youtube.com\\\/@fundacjaforuminicjatywspoe6910\\\/featured\"],\"description\":\"Jeste\u015bmy polsk\u0105 organizacj\u0105 non-profit, kt\u00f3ra od 2018 roku aktywnie wprowadza sprawcza edukacj\u0119 \u015brodowiskow\u0105 do szk\u00f3\u0142, by m\u0142odzi potrafili rozwi\u0105zywa\u0107 lokalne problemy wykorzystuj\u0105c technologie cyfrowe. Kszta\u0142cimy nauczycieli \u2013 przekszta\u0142camy szko\u0142\u0119 w centrum edukacji \u015brodowiskowej.\",\"email\":\"biuro@ffis.edu.pl\",\"legalName\":\"Fundacja Forum Inicjatyw Spo\u0142ecznych\",\"vatID\":\"PL8442359966\",\"taxID\":\"8442359966\"},{\"@type\":\"Person\",\"@id\":\"https:\\\/\\\/www.cfg.edu.pl\\\/#\\\/schema\\\/person\\\/fdc9fdf7fb9849e5a56520737e800c31\",\"name\":\"Iwona Danilewicz\",\"image\":{\"@type\":\"ImageObject\",\"inLanguage\":\"en-GB\",\"@id\":\"https:\\\/\\\/secure.gravatar.com\\\/avatar\\\/2ae8921d776b718c1a50fff3daae571e64f82b2a3f1f3de3f168bdd28d48343d?s=96&d=mm&r=g\",\"url\":\"https:\\\/\\\/secure.gravatar.com\\\/avatar\\\/2ae8921d776b718c1a50fff3daae571e64f82b2a3f1f3de3f168bdd28d48343d?s=96&d=mm&r=g\",\"contentUrl\":\"https:\\\/\\\/secure.gravatar.com\\\/avatar\\\/2ae8921d776b718c1a50fff3daae571e64f82b2a3f1f3de3f168bdd28d48343d?s=96&d=mm&r=g\",\"caption\":\"Iwona Danilewicz\"}}]}<\/script>\n<!-- \/ Yoast SEO Premium plugin. -->","yoast_head_json":{"title":"Jak zmieni\u0107 swoje najbli\u017csze otoczenie","description":"Szko\u0142a w Lewinie K\u0142odzkim \u015bwietnie sobie radzi - radni i w\u00f3jt gminy spotkali si\u0119 z uczniami z programu \"Code for blue\" i obejrzeli ich pomys\u0142","robots":{"index":"index","follow":"follow","max-snippet":"max-snippet:-1","max-image-preview":"max-image-preview:large","max-video-preview":"max-video-preview:-1"},"canonical":"https:\/\/www.cfg.edu.pl\/eng\/blog\/mlodzi-zmieniaja-lewin-klodzki-jak-uczniowie-wzieli-sprawy-w-swoje-rece\/","og_locale":"en_GB","og_type":"article","og_title":"M\u0142odzi zmieniaj\u0105 Lewin K\u0142odzki: jak uczniowie wzi\u0119li sprawy w swoje r\u0119ce","og_description":"Szko\u0142a w Lewinie K\u0142odzkim \u015bwietnie sobie radzi - radni i w\u00f3jt gminy spotkali si\u0119 z uczniami z programu \"Code for blue\" i obejrzeli ich pomys\u0142","og_url":"https:\/\/www.cfg.edu.pl\/eng\/blog\/mlodzi-zmieniaja-lewin-klodzki-jak-uczniowie-wzieli-sprawy-w-swoje-rece\/","og_site_name":"Code for Green","article_publisher":"https:\/\/www.facebook.com\/FundacjaForumInicjatywSpolecznych\/","article_published_time":"2025-02-12T07:59:30+00:00","article_modified_time":"2025-02-12T08:05:23+00:00","og_image":[{"width":2048,"height":1536,"url":"https:\/\/www.cfg.edu.pl\/wp-content\/uploads\/2025\/02\/Lewin_cfb9.jpg","type":"image\/jpeg"}],"author":"Iwona Danilewicz","twitter_card":"summary_large_image","twitter_misc":{"Written by":"Iwona Danilewicz","Est. reading time":"8 minutes"},"schema":{"@context":"https:\/\/schema.org","@graph":[{"@type":"Article","@id":"https:\/\/www.cfg.edu.pl\/blog\/mlodzi-zmieniaja-lewin-klodzki-jak-uczniowie-wzieli-sprawy-w-swoje-rece\/#article","isPartOf":{"@id":"https:\/\/www.cfg.edu.pl\/blog\/mlodzi-zmieniaja-lewin-klodzki-jak-uczniowie-wzieli-sprawy-w-swoje-rece\/"},"author":{"name":"Iwona Danilewicz","@id":"https:\/\/www.cfg.edu.pl\/#\/schema\/person\/fdc9fdf7fb9849e5a56520737e800c31"},"headline":"M\u0142odzi zmieniaj\u0105 Lewin K\u0142odzki: jak uczniowie wzi\u0119li sprawy w swoje r\u0119ce","datePublished":"2025-02-12T07:59:30+00:00","dateModified":"2025-02-12T08:05:23+00:00","mainEntityOfPage":{"@id":"https:\/\/www.cfg.edu.pl\/blog\/mlodzi-zmieniaja-lewin-klodzki-jak-uczniowie-wzieli-sprawy-w-swoje-rece\/"},"wordCount":852,"publisher":{"@id":"https:\/\/www.cfg.edu.pl\/#organization"},"image":{"@id":"https:\/\/www.cfg.edu.pl\/blog\/mlodzi-zmieniaja-lewin-klodzki-jak-uczniowie-wzieli-sprawy-w-swoje-rece\/#primaryimage"},"thumbnailUrl":"https:\/\/www.cfg.edu.pl\/wp-content\/uploads\/2025\/02\/Lewin_cfb9.jpg","keywords":["Code for Blue","Do ostatniej kropli","Ewa Ewart","Piotr Niezna\u0144ski"],"articleSection":["Aktualno\u015bci","Code for Blue","Woda"],"inLanguage":"en-GB"},{"@type":"WebPage","@id":"https:\/\/www.cfg.edu.pl\/blog\/mlodzi-zmieniaja-lewin-klodzki-jak-uczniowie-wzieli-sprawy-w-swoje-rece\/","url":"https:\/\/www.cfg.edu.pl\/blog\/mlodzi-zmieniaja-lewin-klodzki-jak-uczniowie-wzieli-sprawy-w-swoje-rece\/","name":"Jak zmieni\u0107 swoje najbli\u017csze otoczenie","isPartOf":{"@id":"https:\/\/www.cfg.edu.pl\/#website"},"primaryImageOfPage":{"@id":"https:\/\/www.cfg.edu.pl\/blog\/mlodzi-zmieniaja-lewin-klodzki-jak-uczniowie-wzieli-sprawy-w-swoje-rece\/#primaryimage"},"image":{"@id":"https:\/\/www.cfg.edu.pl\/blog\/mlodzi-zmieniaja-lewin-klodzki-jak-uczniowie-wzieli-sprawy-w-swoje-rece\/#primaryimage"},"thumbnailUrl":"https:\/\/www.cfg.edu.pl\/wp-content\/uploads\/2025\/02\/Lewin_cfb9.jpg","datePublished":"2025-02-12T07:59:30+00:00","dateModified":"2025-02-12T08:05:23+00:00","description":"Szko\u0142a w Lewinie K\u0142odzkim \u015bwietnie sobie radzi - radni i w\u00f3jt gminy spotkali si\u0119 z uczniami z programu \"Code for blue\" i obejrzeli ich pomys\u0142","breadcrumb":{"@id":"https:\/\/www.cfg.edu.pl\/blog\/mlodzi-zmieniaja-lewin-klodzki-jak-uczniowie-wzieli-sprawy-w-swoje-rece\/#breadcrumb"},"inLanguage":"en-GB","potentialAction":[{"@type":"ReadAction","target":["https:\/\/www.cfg.edu.pl\/blog\/mlodzi-zmieniaja-lewin-klodzki-jak-uczniowie-wzieli-sprawy-w-swoje-rece\/"]}]},{"@type":"ImageObject","inLanguage":"en-GB","@id":"https:\/\/www.cfg.edu.pl\/blog\/mlodzi-zmieniaja-lewin-klodzki-jak-uczniowie-wzieli-sprawy-w-swoje-rece\/#primaryimage","url":"https:\/\/www.cfg.edu.pl\/wp-content\/uploads\/2025\/02\/Lewin_cfb9.jpg","contentUrl":"https:\/\/www.cfg.edu.pl\/wp-content\/uploads\/2025\/02\/Lewin_cfb9.jpg","width":2048,"height":1536},{"@type":"BreadcrumbList","@id":"https:\/\/www.cfg.edu.pl\/blog\/mlodzi-zmieniaja-lewin-klodzki-jak-uczniowie-wzieli-sprawy-w-swoje-rece\/#breadcrumb","itemListElement":[{"@type":"ListItem","position":1,"name":"Home","item":"https:\/\/www.cfg.edu.pl\/"},{"@type":"ListItem","position":2,"name":"M\u0142odzi zmieniaj\u0105 Lewin K\u0142odzki: jak uczniowie wzi\u0119li sprawy w swoje r\u0119ce"}]},{"@type":"WebSite","@id":"https:\/\/www.cfg.edu.pl\/#website","url":"https:\/\/www.cfg.edu.pl\/","name":"Code for Green Foundation","description":"Edukacja, \u015arodowisko, Sprawczo\u015b\u0107, Technologia","publisher":{"@id":"https:\/\/www.cfg.edu.pl\/#organization"},"alternateName":"Code for Green","potentialAction":[{"@type":"SearchAction","target":{"@type":"EntryPoint","urlTemplate":"https:\/\/www.cfg.edu.pl\/?s={search_term_string}"},"query-input":{"@type":"PropertyValueSpecification","valueRequired":true,"valueName":"search_term_string"}}],"inLanguage":"en-GB"},{"@type":"Organization","@id":"https:\/\/www.cfg.edu.pl\/#organization","name":"Code for Green","alternateName":"Fundacja Forum Inicjatyw Spo\u0142ecznych","url":"https:\/\/www.cfg.edu.pl\/","logo":{"@type":"ImageObject","inLanguage":"en-GB","@id":"https:\/\/www.cfg.edu.pl\/#\/schema\/logo\/image\/","url":"https:\/\/www.cfg.edu.pl\/wp-content\/uploads\/2024\/02\/FUNDACJA_Code_for_Green_logo.svg","contentUrl":"https:\/\/www.cfg.edu.pl\/wp-content\/uploads\/2024\/02\/FUNDACJA_Code_for_Green_logo.svg","width":236,"height":111,"caption":"Code for Green"},"image":{"@id":"https:\/\/www.cfg.edu.pl\/#\/schema\/logo\/image\/"},"sameAs":["https:\/\/www.facebook.com\/FundacjaForumInicjatywSpolecznych\/","https:\/\/www.youtube.com\/@fundacjaforuminicjatywspoe6910\/featured"],"description":"Jeste\u015bmy polsk\u0105 organizacj\u0105 non-profit, kt\u00f3ra od 2018 roku aktywnie wprowadza sprawcza edukacj\u0119 \u015brodowiskow\u0105 do szk\u00f3\u0142, by m\u0142odzi potrafili rozwi\u0105zywa\u0107 lokalne problemy wykorzystuj\u0105c technologie cyfrowe. Kszta\u0142cimy nauczycieli \u2013 przekszta\u0142camy szko\u0142\u0119 w centrum edukacji \u015brodowiskowej.","email":"biuro@ffis.edu.pl","legalName":"Fundacja Forum Inicjatyw Spo\u0142ecznych","vatID":"PL8442359966","taxID":"8442359966"},{"@type":"Person","@id":"https:\/\/www.cfg.edu.pl\/#\/schema\/person\/fdc9fdf7fb9849e5a56520737e800c31","name":"Iwona Danilewicz","image":{"@type":"ImageObject","inLanguage":"en-GB","@id":"https:\/\/secure.gravatar.com\/avatar\/2ae8921d776b718c1a50fff3daae571e64f82b2a3f1f3de3f168bdd28d48343d?s=96&d=mm&r=g","url":"https:\/\/secure.gravatar.com\/avatar\/2ae8921d776b718c1a50fff3daae571e64f82b2a3f1f3de3f168bdd28d48343d?s=96&d=mm&r=g","contentUrl":"https:\/\/secure.gravatar.com\/avatar\/2ae8921d776b718c1a50fff3daae571e64f82b2a3f1f3de3f168bdd28d48343d?s=96&d=mm&r=g","caption":"Iwona Danilewicz"}}]}},"_links":{"self":[{"href":"https:\/\/www.cfg.edu.pl\/eng\/wp-json\/wp\/v2\/posts\/6492","targetHints":{"allow":["GET"]}}],"collection":[{"href":"https:\/\/www.cfg.edu.pl\/eng\/wp-json\/wp\/v2\/posts"}],"about":[{"href":"https:\/\/www.cfg.edu.pl\/eng\/wp-json\/wp\/v2\/types\/post"}],"author":[{"embeddable":true,"href":"https:\/\/www.cfg.edu.pl\/eng\/wp-json\/wp\/v2\/users\/8"}],"replies":[{"embeddable":true,"href":"https:\/\/www.cfg.edu.pl\/eng\/wp-json\/wp\/v2\/comments?post=6492"}],"version-history":[{"count":3,"href":"https:\/\/www.cfg.edu.pl\/eng\/wp-json\/wp\/v2\/posts\/6492\/revisions"}],"predecessor-version":[{"id":6509,"href":"https:\/\/www.cfg.edu.pl\/eng\/wp-json\/wp\/v2\/posts\/6492\/revisions\/6509"}],"wp:featuredmedia":[{"embeddable":true,"href":"https:\/\/www.cfg.edu.pl\/eng\/wp-json\/wp\/v2\/media\/6498"}],"wp:attachment":[{"href":"https:\/\/www.cfg.edu.pl\/eng\/wp-json\/wp\/v2\/media?parent=6492"}],"wp:term":[{"taxonomy":"category","embeddable":true,"href":"https:\/\/www.cfg.edu.pl\/eng\/wp-json\/wp\/v2\/categories?post=6492"},{"taxonomy":"post_tag","embeddable":true,"href":"https:\/\/www.cfg.edu.pl\/eng\/wp-json\/wp\/v2\/tags?post=6492"}],"curies":[{"name":"wp","href":"https:\/\/api.w.org\/{rel}","templated":true}]}}