{"id":6521,"date":"2025-03-07T12:03:35","date_gmt":"2025-03-07T11:03:35","guid":{"rendered":"https:\/\/www.cfg.edu.pl\/?p=6521"},"modified":"2025-03-28T09:10:58","modified_gmt":"2025-03-28T08:10:58","slug":"od-makiety-do-projektu-w-budzecie-obywatelskim","status":"publish","type":"post","link":"https:\/\/www.cfg.edu.pl\/eng\/blog\/od-makiety-do-projektu-w-budzecie-obywatelskim\/","title":{"rendered":"From a model to a project in the civic budget?"},"content":{"rendered":"<h3 style=\"text-align: justify;\" data-pm-slice=\"1 1 []\">Czy mo\u017cna oczy\u015bci\u0107 wod\u0119 bez u\u017cycia chemii? Uczniowie klasy 1A III LO im. Adama Mickiewicza w Bydgoszczy znale\u017ali rozwi\u0105zanie potwierdzaj\u0105ce t\u0119 tez\u0119. Podczas spotkania w Bydgoszczy zaprezentowali makiet\u0119 ekologicznej k\u0142adki nad Kana\u0142em Bydgoskim, kt\u00f3ra nie tylko wp\u0142ywa na jako\u015b\u0107 wody, ale tak\u017ce oczyszcza powietrze. W prezentacji wzi\u0119li udzia\u0142 uczniowie, nauczyciele oraz partnerzy programu #CodeForBlue, w tym wiceprezes grupy Canpack, dr hab. Ma\u0142gorzata Podrecka.<\/h3>\n<p style=\"text-align: justify;\">Problem zanieczyszczonych kana\u0142\u00f3w miejskich to wyzwanie, z kt\u00f3rym m\u0142odzie\u017c III LO postanowi\u0142a zmierzy\u0107 si\u0119 w trakcie programu. &#8222;<em>To \u015bwietna inicjatywa! Dzisiejsza prezentacja uczni\u00f3w pierwszej klasy pokaza\u0142a, jak bardzo poszerzyli swoj\u0105 \u015bwiadomo\u015b\u0107 na temat problematyki zwi\u0105zanej z wod\u0105. Projekt ten nie tylko rozwija wiedz\u0119 o ochronie \u015brodowiska, ale tak\u017ce wzmacnia kluczowe kompetencje spo\u0142eczne, takie jak wsp\u00f3\u0142praca, komunikacja i poszukiwanie wsp\u00f3lnych rozwi\u0105za\u0144.<\/em>&#8221; \u2013 podkre\u015bli\u0142a dr hab. Ma\u0142gorzata Podrecka, wiceprezes Grupy CANPACK.<\/p>\n<h2 style=\"text-align: justify;\">Jak dzia\u0142a ekologiczna k\u0142adka?<\/h2>\n<p style=\"text-align: justify;\">Projekt zak\u0142ada budow\u0119 k\u0142adki nad Kana\u0142em Bydgoskim, kt\u00f3ra pe\u0142ni podw\u00f3jn\u0105 funkcj\u0119:<\/p>\n<ol style=\"text-align: justify;\" start=\"1\" data-spread=\"false\">\n<li>\n<p><strong>Filtracja wody<\/strong> \u2013 zastosowanie ro\u015blin hydrofitowych, takich jak trzcina pospolita, tatarak zwyczajny i strza\u0142ka wodna, kt\u00f3re naturalnie oczyszczaj\u0105 wod\u0119.<\/p>\n<\/li>\n<li>\n<p><strong>Oczyszczanie powietrza<\/strong> \u2013 powierzchnia k\u0142adki pokryta jest farb\u0105 antysmogow\u0105, kt\u00f3ra rozk\u0142ada szkodliwe substancje.<\/p>\n<\/li>\n<\/ol>\n<p style=\"text-align: justify;\">Uczniowie zaprezentowali makiet\u0119 k\u0142adki, wyja\u015bniaj\u0105c, jakie materia\u0142y zosta\u0142y u\u017cyte oraz jak ro\u015blinno\u015b\u0107 wp\u0142ynie na jako\u015b\u0107 w\u00f3d w kanale.<\/p>\n<p style=\"text-align: justify;\">Dr hab. Ma\u0142gorzata Podrecka zach\u0119ci\u0142a r\u00f3wnie\u017c m\u0142odzie\u017c do zrobienia kolejnego kroku \u2013 zg\u0142oszenia projektu do bud\u017cetu obywatelskiego i podj\u0119cia pr\u00f3by zdobycia g\u0142os\u00f3w na jego realizacj\u0119.<\/p>\n<p style=\"text-align: justify;\">Co o udziale w programie m\u00f3wi\u0105 uczniowie?<\/p>\n<div class=\"x11i5rnm xat24cr x1mh8g0r x1vvkbs xtlvy1s x126k92a\">\n<div dir=\"auto\" style=\"text-align: justify;\"><em>\u201eWoda jest wszystkim, co mamy, ale cz\u0119sto zapominamy, jak wa\u017cna jest jej ochrona. Dopiero podczas tego projektu zobaczyli\u015bmy, jak wiele os\u00f3b w og\u00f3le nie dostrzega tego problemu. Po rozmowach i ankietach, kt\u00f3re przeprowadzili\u015bmy, odkryli\u015bmy, \u017ce woda i jej zanieczyszczenie to rzeczywisty problem, z kt\u00f3rym borykamy si\u0119 wszyscy\u201d.<\/em><\/div>\n<div dir=\"auto\">\u00a0<\/div>\n<\/div>\n<div class=\"x11i5rnm xat24cr x1mh8g0r x1vvkbs xtlvy1s x126k92a\">\n<div dir=\"auto\" style=\"text-align: justify;\"><em>\u201eTo, co najbardziej mnie uderzy\u0142o, to fakt, \u017ce w tradycyjnej nauce cz\u0119sto nie czujemy si\u0119 zwi\u0105zani z tematami ochrony \u015brodowiska, bo traktujemy je jak co\u015b odleg\u0142ego. A tu, w tym projekcie, zacz\u0119li\u015bmy dzia\u0142a\u0107, poczuli\u015bmy, jak wa\u017cne s\u0105 nasze decyzje.&#8221;<\/em><\/div>\n<div dir=\"auto\">\u00a0<\/div>\n<div dir=\"auto\"><span style=\"text-decoration: underline;\">Partnerzy programu:<\/span><\/div>\n<div dir=\"auto\"><img fetchpriority=\"high\" decoding=\"async\" class=\"aligncenter size-full wp-image-4732\" src=\"https:\/\/www.cfg.edu.pl\/wp-content\/uploads\/2024\/08\/belka-sponsorska-cfb.png\" alt=\"\" width=\"2048\" height=\"488\" srcset=\"https:\/\/www.cfg.edu.pl\/wp-content\/uploads\/2024\/08\/belka-sponsorska-cfb.png 2048w, https:\/\/www.cfg.edu.pl\/wp-content\/uploads\/2024\/08\/belka-sponsorska-cfb-300x71.png 300w, https:\/\/www.cfg.edu.pl\/wp-content\/uploads\/2024\/08\/belka-sponsorska-cfb-1024x244.png 1024w, https:\/\/www.cfg.edu.pl\/wp-content\/uploads\/2024\/08\/belka-sponsorska-cfb-768x183.png 768w, https:\/\/www.cfg.edu.pl\/wp-content\/uploads\/2024\/08\/belka-sponsorska-cfb-1536x366.png 1536w, https:\/\/www.cfg.edu.pl\/wp-content\/uploads\/2024\/08\/belka-sponsorska-cfb-18x4.png 18w, https:\/\/www.cfg.edu.pl\/wp-content\/uploads\/2024\/08\/belka-sponsorska-cfb-600x143.png 600w\" sizes=\"(max-width: 2048px) 100vw, 2048px\" \/><\/div>\n<\/div>\n\n\n<figure class=\"wp-block-gallery has-nested-images columns-default is-cropped wp-block-gallery-1 is-layout-flex wp-block-gallery-is-layout-flex\">\n<figure class=\"wp-block-image size-large\"><img decoding=\"async\" width=\"768\" height=\"1024\" data-id=\"6522\" src=\"https:\/\/www.cfg.edu.pl\/wp-content\/uploads\/2025\/03\/Bydgoszcz_3LO_spotkanieCanpack1-768x1024.jpeg\" alt=\"\" class=\"wp-image-6522\" srcset=\"https:\/\/www.cfg.edu.pl\/wp-content\/uploads\/2025\/03\/Bydgoszcz_3LO_spotkanieCanpack1-768x1024.jpeg 768w, https:\/\/www.cfg.edu.pl\/wp-content\/uploads\/2025\/03\/Bydgoszcz_3LO_spotkanieCanpack1-225x300.jpeg 225w, https:\/\/www.cfg.edu.pl\/wp-content\/uploads\/2025\/03\/Bydgoszcz_3LO_spotkanieCanpack1-1152x1536.jpeg 1152w, https:\/\/www.cfg.edu.pl\/wp-content\/uploads\/2025\/03\/Bydgoszcz_3LO_spotkanieCanpack1-9x12.jpeg 9w, https:\/\/www.cfg.edu.pl\/wp-content\/uploads\/2025\/03\/Bydgoszcz_3LO_spotkanieCanpack1-600x800.jpeg 600w, https:\/\/www.cfg.edu.pl\/wp-content\/uploads\/2025\/03\/Bydgoszcz_3LO_spotkanieCanpack1.jpeg 1200w\" sizes=\"(max-width: 768px) 100vw, 768px\" \/><\/figure>\n\n\n\n<figure class=\"wp-block-image size-large\"><img decoding=\"async\" width=\"768\" height=\"1024\" data-id=\"6532\" src=\"https:\/\/www.cfg.edu.pl\/wp-content\/uploads\/2025\/03\/Bydgoszcz_3LO_spotkanieCanpack11-768x1024.jpeg\" alt=\"\" class=\"wp-image-6532\" srcset=\"https:\/\/www.cfg.edu.pl\/wp-content\/uploads\/2025\/03\/Bydgoszcz_3LO_spotkanieCanpack11-768x1024.jpeg 768w, https:\/\/www.cfg.edu.pl\/wp-content\/uploads\/2025\/03\/Bydgoszcz_3LO_spotkanieCanpack11-225x300.jpeg 225w, https:\/\/www.cfg.edu.pl\/wp-content\/uploads\/2025\/03\/Bydgoszcz_3LO_spotkanieCanpack11-1152x1536.jpeg 1152w, https:\/\/www.cfg.edu.pl\/wp-content\/uploads\/2025\/03\/Bydgoszcz_3LO_spotkanieCanpack11-9x12.jpeg 9w, https:\/\/www.cfg.edu.pl\/wp-content\/uploads\/2025\/03\/Bydgoszcz_3LO_spotkanieCanpack11-600x800.jpeg 600w, https:\/\/www.cfg.edu.pl\/wp-content\/uploads\/2025\/03\/Bydgoszcz_3LO_spotkanieCanpack11.jpeg 1200w\" sizes=\"(max-width: 768px) 100vw, 768px\" \/><\/figure>\n\n\n\n<figure class=\"wp-block-image size-large\"><img loading=\"lazy\" decoding=\"async\" width=\"1024\" height=\"768\" data-id=\"6531\" src=\"https:\/\/www.cfg.edu.pl\/wp-content\/uploads\/2025\/03\/Bydgoszcz_3LO_spotkanieCanpack10-1024x768.jpeg\" alt=\"\" class=\"wp-image-6531\" srcset=\"https:\/\/www.cfg.edu.pl\/wp-content\/uploads\/2025\/03\/Bydgoszcz_3LO_spotkanieCanpack10-1024x768.jpeg 1024w, https:\/\/www.cfg.edu.pl\/wp-content\/uploads\/2025\/03\/Bydgoszcz_3LO_spotkanieCanpack10-300x225.jpeg 300w, https:\/\/www.cfg.edu.pl\/wp-content\/uploads\/2025\/03\/Bydgoszcz_3LO_spotkanieCanpack10-768x576.jpeg 768w, https:\/\/www.cfg.edu.pl\/wp-content\/uploads\/2025\/03\/Bydgoszcz_3LO_spotkanieCanpack10-1536x1152.jpeg 1536w, https:\/\/www.cfg.edu.pl\/wp-content\/uploads\/2025\/03\/Bydgoszcz_3LO_spotkanieCanpack10-16x12.jpeg 16w, https:\/\/www.cfg.edu.pl\/wp-content\/uploads\/2025\/03\/Bydgoszcz_3LO_spotkanieCanpack10-600x450.jpeg 600w, https:\/\/www.cfg.edu.pl\/wp-content\/uploads\/2025\/03\/Bydgoszcz_3LO_spotkanieCanpack10.jpeg 1600w\" sizes=\"(max-width: 1024px) 100vw, 1024px\" \/><\/figure>\n\n\n\n<figure class=\"wp-block-image size-large\"><img loading=\"lazy\" decoding=\"async\" width=\"768\" height=\"1024\" data-id=\"6530\" src=\"https:\/\/www.cfg.edu.pl\/wp-content\/uploads\/2025\/03\/Bydgoszcz_3LO_spotkanieCanpack9-768x1024.jpeg\" alt=\"\" class=\"wp-image-6530\" srcset=\"https:\/\/www.cfg.edu.pl\/wp-content\/uploads\/2025\/03\/Bydgoszcz_3LO_spotkanieCanpack9-768x1024.jpeg 768w, https:\/\/www.cfg.edu.pl\/wp-content\/uploads\/2025\/03\/Bydgoszcz_3LO_spotkanieCanpack9-225x300.jpeg 225w, https:\/\/www.cfg.edu.pl\/wp-content\/uploads\/2025\/03\/Bydgoszcz_3LO_spotkanieCanpack9-1152x1536.jpeg 1152w, https:\/\/www.cfg.edu.pl\/wp-content\/uploads\/2025\/03\/Bydgoszcz_3LO_spotkanieCanpack9-9x12.jpeg 9w, https:\/\/www.cfg.edu.pl\/wp-content\/uploads\/2025\/03\/Bydgoszcz_3LO_spotkanieCanpack9-600x800.jpeg 600w, https:\/\/www.cfg.edu.pl\/wp-content\/uploads\/2025\/03\/Bydgoszcz_3LO_spotkanieCanpack9.jpeg 1200w\" sizes=\"(max-width: 768px) 100vw, 768px\" \/><\/figure>\n\n\n\n<figure class=\"wp-block-image size-large\"><img loading=\"lazy\" decoding=\"async\" width=\"1024\" height=\"768\" data-id=\"6529\" src=\"https:\/\/www.cfg.edu.pl\/wp-content\/uploads\/2025\/03\/Bydgoszcz_3LO_spotkanieCanpack8-1024x768.jpeg\" alt=\"\" class=\"wp-image-6529\" srcset=\"https:\/\/www.cfg.edu.pl\/wp-content\/uploads\/2025\/03\/Bydgoszcz_3LO_spotkanieCanpack8-1024x768.jpeg 1024w, https:\/\/www.cfg.edu.pl\/wp-content\/uploads\/2025\/03\/Bydgoszcz_3LO_spotkanieCanpack8-300x225.jpeg 300w, https:\/\/www.cfg.edu.pl\/wp-content\/uploads\/2025\/03\/Bydgoszcz_3LO_spotkanieCanpack8-768x576.jpeg 768w, https:\/\/www.cfg.edu.pl\/wp-content\/uploads\/2025\/03\/Bydgoszcz_3LO_spotkanieCanpack8-1536x1152.jpeg 1536w, https:\/\/www.cfg.edu.pl\/wp-content\/uploads\/2025\/03\/Bydgoszcz_3LO_spotkanieCanpack8-16x12.jpeg 16w, https:\/\/www.cfg.edu.pl\/wp-content\/uploads\/2025\/03\/Bydgoszcz_3LO_spotkanieCanpack8-600x450.jpeg 600w, https:\/\/www.cfg.edu.pl\/wp-content\/uploads\/2025\/03\/Bydgoszcz_3LO_spotkanieCanpack8.jpeg 1600w\" sizes=\"(max-width: 1024px) 100vw, 1024px\" \/><\/figure>\n\n\n\n<figure class=\"wp-block-image size-large\"><img loading=\"lazy\" decoding=\"async\" width=\"1024\" height=\"768\" data-id=\"6527\" src=\"https:\/\/www.cfg.edu.pl\/wp-content\/uploads\/2025\/03\/Bydgoszcz_3LO_spotkanieCanpack6-1024x768.jpeg\" alt=\"\" class=\"wp-image-6527\" srcset=\"https:\/\/www.cfg.edu.pl\/wp-content\/uploads\/2025\/03\/Bydgoszcz_3LO_spotkanieCanpack6-1024x768.jpeg 1024w, https:\/\/www.cfg.edu.pl\/wp-content\/uploads\/2025\/03\/Bydgoszcz_3LO_spotkanieCanpack6-300x225.jpeg 300w, https:\/\/www.cfg.edu.pl\/wp-content\/uploads\/2025\/03\/Bydgoszcz_3LO_spotkanieCanpack6-768x576.jpeg 768w, https:\/\/www.cfg.edu.pl\/wp-content\/uploads\/2025\/03\/Bydgoszcz_3LO_spotkanieCanpack6-1536x1152.jpeg 1536w, https:\/\/www.cfg.edu.pl\/wp-content\/uploads\/2025\/03\/Bydgoszcz_3LO_spotkanieCanpack6-16x12.jpeg 16w, https:\/\/www.cfg.edu.pl\/wp-content\/uploads\/2025\/03\/Bydgoszcz_3LO_spotkanieCanpack6-600x450.jpeg 600w, https:\/\/www.cfg.edu.pl\/wp-content\/uploads\/2025\/03\/Bydgoszcz_3LO_spotkanieCanpack6.jpeg 1600w\" sizes=\"(max-width: 1024px) 100vw, 1024px\" \/><\/figure>\n\n\n\n<figure class=\"wp-block-image size-large\"><img loading=\"lazy\" decoding=\"async\" width=\"768\" height=\"1024\" data-id=\"6526\" src=\"https:\/\/www.cfg.edu.pl\/wp-content\/uploads\/2025\/03\/Bydgoszcz_3LO_spotkanieCanpack5-768x1024.jpeg\" alt=\"\" class=\"wp-image-6526\" srcset=\"https:\/\/www.cfg.edu.pl\/wp-content\/uploads\/2025\/03\/Bydgoszcz_3LO_spotkanieCanpack5-768x1024.jpeg 768w, https:\/\/www.cfg.edu.pl\/wp-content\/uploads\/2025\/03\/Bydgoszcz_3LO_spotkanieCanpack5-225x300.jpeg 225w, https:\/\/www.cfg.edu.pl\/wp-content\/uploads\/2025\/03\/Bydgoszcz_3LO_spotkanieCanpack5-1152x1536.jpeg 1152w, https:\/\/www.cfg.edu.pl\/wp-content\/uploads\/2025\/03\/Bydgoszcz_3LO_spotkanieCanpack5-9x12.jpeg 9w, https:\/\/www.cfg.edu.pl\/wp-content\/uploads\/2025\/03\/Bydgoszcz_3LO_spotkanieCanpack5-600x800.jpeg 600w, https:\/\/www.cfg.edu.pl\/wp-content\/uploads\/2025\/03\/Bydgoszcz_3LO_spotkanieCanpack5.jpeg 1200w\" sizes=\"(max-width: 768px) 100vw, 768px\" \/><\/figure>\n\n\n\n<figure class=\"wp-block-image size-large\"><img loading=\"lazy\" decoding=\"async\" width=\"768\" height=\"1024\" data-id=\"6525\" src=\"https:\/\/www.cfg.edu.pl\/wp-content\/uploads\/2025\/03\/Bydgoszcz_3LO_spotkanieCanpack4-768x1024.jpeg\" alt=\"\" class=\"wp-image-6525\" srcset=\"https:\/\/www.cfg.edu.pl\/wp-content\/uploads\/2025\/03\/Bydgoszcz_3LO_spotkanieCanpack4-768x1024.jpeg 768w, https:\/\/www.cfg.edu.pl\/wp-content\/uploads\/2025\/03\/Bydgoszcz_3LO_spotkanieCanpack4-225x300.jpeg 225w, https:\/\/www.cfg.edu.pl\/wp-content\/uploads\/2025\/03\/Bydgoszcz_3LO_spotkanieCanpack4-1152x1536.jpeg 1152w, https:\/\/www.cfg.edu.pl\/wp-content\/uploads\/2025\/03\/Bydgoszcz_3LO_spotkanieCanpack4-9x12.jpeg 9w, https:\/\/www.cfg.edu.pl\/wp-content\/uploads\/2025\/03\/Bydgoszcz_3LO_spotkanieCanpack4-600x800.jpeg 600w, https:\/\/www.cfg.edu.pl\/wp-content\/uploads\/2025\/03\/Bydgoszcz_3LO_spotkanieCanpack4.jpeg 1200w\" sizes=\"(max-width: 768px) 100vw, 768px\" \/><\/figure>\n\n\n\n<figure class=\"wp-block-image size-large\"><img loading=\"lazy\" decoding=\"async\" width=\"1024\" height=\"768\" data-id=\"6528\" src=\"https:\/\/www.cfg.edu.pl\/wp-content\/uploads\/2025\/03\/Bydgoszcz_3LO_spotkanieCanpack7-1024x768.jpeg\" alt=\"\" class=\"wp-image-6528\" srcset=\"https:\/\/www.cfg.edu.pl\/wp-content\/uploads\/2025\/03\/Bydgoszcz_3LO_spotkanieCanpack7-1024x768.jpeg 1024w, https:\/\/www.cfg.edu.pl\/wp-content\/uploads\/2025\/03\/Bydgoszcz_3LO_spotkanieCanpack7-300x225.jpeg 300w, https:\/\/www.cfg.edu.pl\/wp-content\/uploads\/2025\/03\/Bydgoszcz_3LO_spotkanieCanpack7-768x576.jpeg 768w, https:\/\/www.cfg.edu.pl\/wp-content\/uploads\/2025\/03\/Bydgoszcz_3LO_spotkanieCanpack7-1536x1152.jpeg 1536w, https:\/\/www.cfg.edu.pl\/wp-content\/uploads\/2025\/03\/Bydgoszcz_3LO_spotkanieCanpack7-16x12.jpeg 16w, https:\/\/www.cfg.edu.pl\/wp-content\/uploads\/2025\/03\/Bydgoszcz_3LO_spotkanieCanpack7-600x450.jpeg 600w, https:\/\/www.cfg.edu.pl\/wp-content\/uploads\/2025\/03\/Bydgoszcz_3LO_spotkanieCanpack7.jpeg 1600w\" sizes=\"(max-width: 1024px) 100vw, 1024px\" \/><\/figure>\n\n\n\n<figure class=\"wp-block-image size-large\"><img loading=\"lazy\" decoding=\"async\" width=\"1024\" height=\"768\" data-id=\"6524\" src=\"https:\/\/www.cfg.edu.pl\/wp-content\/uploads\/2025\/03\/Bydgoszcz_3LO_spotkanieCanpack3-1024x768.jpeg\" alt=\"\" class=\"wp-image-6524\" srcset=\"https:\/\/www.cfg.edu.pl\/wp-content\/uploads\/2025\/03\/Bydgoszcz_3LO_spotkanieCanpack3-1024x768.jpeg 1024w, https:\/\/www.cfg.edu.pl\/wp-content\/uploads\/2025\/03\/Bydgoszcz_3LO_spotkanieCanpack3-300x225.jpeg 300w, https:\/\/www.cfg.edu.pl\/wp-content\/uploads\/2025\/03\/Bydgoszcz_3LO_spotkanieCanpack3-768x576.jpeg 768w, https:\/\/www.cfg.edu.pl\/wp-content\/uploads\/2025\/03\/Bydgoszcz_3LO_spotkanieCanpack3-1536x1152.jpeg 1536w, https:\/\/www.cfg.edu.pl\/wp-content\/uploads\/2025\/03\/Bydgoszcz_3LO_spotkanieCanpack3-16x12.jpeg 16w, https:\/\/www.cfg.edu.pl\/wp-content\/uploads\/2025\/03\/Bydgoszcz_3LO_spotkanieCanpack3-600x450.jpeg 600w, https:\/\/www.cfg.edu.pl\/wp-content\/uploads\/2025\/03\/Bydgoszcz_3LO_spotkanieCanpack3.jpeg 1600w\" sizes=\"(max-width: 1024px) 100vw, 1024px\" \/><\/figure>\n\n\n\n<figure class=\"wp-block-image size-large\"><img loading=\"lazy\" decoding=\"async\" width=\"1024\" height=\"768\" data-id=\"6523\" src=\"https:\/\/www.cfg.edu.pl\/wp-content\/uploads\/2025\/03\/Bydgoszcz_3LO_spotkanieCanpack2-1024x768.jpeg\" alt=\"\" class=\"wp-image-6523\" srcset=\"https:\/\/www.cfg.edu.pl\/wp-content\/uploads\/2025\/03\/Bydgoszcz_3LO_spotkanieCanpack2-1024x768.jpeg 1024w, https:\/\/www.cfg.edu.pl\/wp-content\/uploads\/2025\/03\/Bydgoszcz_3LO_spotkanieCanpack2-300x225.jpeg 300w, https:\/\/www.cfg.edu.pl\/wp-content\/uploads\/2025\/03\/Bydgoszcz_3LO_spotkanieCanpack2-768x576.jpeg 768w, https:\/\/www.cfg.edu.pl\/wp-content\/uploads\/2025\/03\/Bydgoszcz_3LO_spotkanieCanpack2-1536x1152.jpeg 1536w, https:\/\/www.cfg.edu.pl\/wp-content\/uploads\/2025\/03\/Bydgoszcz_3LO_spotkanieCanpack2-16x12.jpeg 16w, https:\/\/www.cfg.edu.pl\/wp-content\/uploads\/2025\/03\/Bydgoszcz_3LO_spotkanieCanpack2-600x450.jpeg 600w, https:\/\/www.cfg.edu.pl\/wp-content\/uploads\/2025\/03\/Bydgoszcz_3LO_spotkanieCanpack2.jpeg 1600w\" sizes=\"(max-width: 1024px) 100vw, 1024px\" \/><\/figure>\n<\/figure>","protected":false},"excerpt":{"rendered":"<p>Czy mo\u017cna oczy\u015bci\u0107 wod\u0119 bez u\u017cycia chemii? Uczniowie klasy 1A III LO im. Adama Mickiewicza w Bydgoszczy znale\u017ali rozwi\u0105zanie potwierdzaj\u0105ce t\u0119 tez\u0119. Podczas spotkania w Bydgoszczy zaprezentowali makiet\u0119 ekologicznej k\u0142adki nad Kana\u0142em Bydgoskim, kt\u00f3ra nie tylko wp\u0142ywa na jako\u015b\u0107 wody, ale tak\u017ce oczyszcza powietrze. W prezentacji wzi\u0119li udzia\u0142 uczniowie, nauczyciele oraz partnerzy programu #CodeForBlue, w [&hellip;]<\/p>\n","protected":false},"author":8,"featured_media":6528,"comment_status":"closed","ping_status":"closed","sticky":false,"template":"","format":"standard","meta":{"_acf_changed":false,"footnotes":""},"categories":[1,74,68],"tags":[146,78,84,83,187],"class_list":["post-6521","post","type-post","status-publish","format-standard","has-post-thumbnail","hentry","category-aktualnosci","category-code-for-blue","category-woda","tag-canpack-bydgoszcz","tag-code-for-blue","tag-do-ostatniej-kropli","tag-ewa-ewart","tag-malgorzata-podrecka"],"acf":[],"yoast_head":"<!-- This site is optimized with the Yoast SEO Premium plugin v23.4 (Yoast SEO v27.4) - https:\/\/yoast.com\/product\/yoast-seo-premium-wordpress\/ -->\n<title>Od makiety do projektu w bud\u017cecie obywatelskim? - Code for Green<\/title>\n<meta name=\"description\" content=\"Uczniowie z 3 LO w Bydgoszczy zaprezentowali grupie Canpack makiet\u0119 ekologicznej k\u0142adki nad Kana\u0142em Bydgoskim.\" \/>\n<meta name=\"robots\" content=\"index, follow, max-snippet:-1, max-image-preview:large, max-video-preview:-1\" \/>\n<link rel=\"canonical\" href=\"https:\/\/www.cfg.edu.pl\/eng\/blog\/od-makiety-do-projektu-w-budzecie-obywatelskim\/\" \/>\n<meta property=\"og:locale\" content=\"en_GB\" \/>\n<meta property=\"og:type\" content=\"article\" \/>\n<meta property=\"og:title\" content=\"Od makiety do projektu w bud\u017cecie obywatelskim?\" \/>\n<meta property=\"og:description\" content=\"Uczniowie z 3 LO w Bydgoszczy zaprezentowali grupie Canpack makiet\u0119 ekologicznej k\u0142adki nad Kana\u0142em Bydgoskim.\" \/>\n<meta property=\"og:url\" content=\"https:\/\/www.cfg.edu.pl\/eng\/blog\/od-makiety-do-projektu-w-budzecie-obywatelskim\/\" \/>\n<meta property=\"og:site_name\" content=\"Code for Green\" \/>\n<meta property=\"article:publisher\" content=\"https:\/\/www.facebook.com\/FundacjaForumInicjatywSpolecznych\/\" \/>\n<meta property=\"article:published_time\" content=\"2025-03-07T11:03:35+00:00\" \/>\n<meta property=\"article:modified_time\" content=\"2025-03-28T08:10:58+00:00\" \/>\n<meta property=\"og:image\" content=\"https:\/\/www.cfg.edu.pl\/wp-content\/uploads\/2025\/03\/Bydgoszcz_3LO_spotkanieCanpack7.jpeg\" \/>\n\t<meta property=\"og:image:width\" content=\"1600\" \/>\n\t<meta property=\"og:image:height\" content=\"1200\" \/>\n\t<meta property=\"og:image:type\" content=\"image\/jpeg\" \/>\n<meta name=\"author\" content=\"Iwona Danilewicz\" \/>\n<meta name=\"twitter:card\" content=\"summary_large_image\" \/>\n<meta name=\"twitter:label1\" content=\"Written by\" \/>\n\t<meta name=\"twitter:data1\" content=\"Iwona Danilewicz\" \/>\n\t<meta name=\"twitter:label2\" content=\"Est. reading time\" \/>\n\t<meta name=\"twitter:data2\" content=\"5 minutes\" \/>\n<script type=\"application\/ld+json\" class=\"yoast-schema-graph\">{\"@context\":\"https:\\\/\\\/schema.org\",\"@graph\":[{\"@type\":\"Article\",\"@id\":\"https:\\\/\\\/www.cfg.edu.pl\\\/blog\\\/od-makiety-do-projektu-w-budzecie-obywatelskim\\\/#article\",\"isPartOf\":{\"@id\":\"https:\\\/\\\/www.cfg.edu.pl\\\/blog\\\/od-makiety-do-projektu-w-budzecie-obywatelskim\\\/\"},\"author\":{\"name\":\"Iwona Danilewicz\",\"@id\":\"https:\\\/\\\/www.cfg.edu.pl\\\/#\\\/schema\\\/person\\\/fdc9fdf7fb9849e5a56520737e800c31\"},\"headline\":\"Od makiety do projektu w bud\u017cecie obywatelskim?\",\"datePublished\":\"2025-03-07T11:03:35+00:00\",\"dateModified\":\"2025-03-28T08:10:58+00:00\",\"mainEntityOfPage\":{\"@id\":\"https:\\\/\\\/www.cfg.edu.pl\\\/blog\\\/od-makiety-do-projektu-w-budzecie-obywatelskim\\\/\"},\"wordCount\":402,\"publisher\":{\"@id\":\"https:\\\/\\\/www.cfg.edu.pl\\\/#organization\"},\"image\":{\"@id\":\"https:\\\/\\\/www.cfg.edu.pl\\\/blog\\\/od-makiety-do-projektu-w-budzecie-obywatelskim\\\/#primaryimage\"},\"thumbnailUrl\":\"https:\\\/\\\/www.cfg.edu.pl\\\/wp-content\\\/uploads\\\/2025\\\/03\\\/Bydgoszcz_3LO_spotkanieCanpack7.jpeg\",\"keywords\":[\"CANPACK Bydgoszcz\",\"Code for Blue\",\"Do ostatniej kropli\",\"Ewa Ewart\",\"Ma\u0142gorzata Podrecka\"],\"articleSection\":[\"Aktualno\u015bci\",\"Code for Blue\",\"Woda\"],\"inLanguage\":\"en-GB\"},{\"@type\":\"WebPage\",\"@id\":\"https:\\\/\\\/www.cfg.edu.pl\\\/blog\\\/od-makiety-do-projektu-w-budzecie-obywatelskim\\\/\",\"url\":\"https:\\\/\\\/www.cfg.edu.pl\\\/blog\\\/od-makiety-do-projektu-w-budzecie-obywatelskim\\\/\",\"name\":\"Od makiety do projektu w bud\u017cecie obywatelskim? - Code for Green\",\"isPartOf\":{\"@id\":\"https:\\\/\\\/www.cfg.edu.pl\\\/#website\"},\"primaryImageOfPage\":{\"@id\":\"https:\\\/\\\/www.cfg.edu.pl\\\/blog\\\/od-makiety-do-projektu-w-budzecie-obywatelskim\\\/#primaryimage\"},\"image\":{\"@id\":\"https:\\\/\\\/www.cfg.edu.pl\\\/blog\\\/od-makiety-do-projektu-w-budzecie-obywatelskim\\\/#primaryimage\"},\"thumbnailUrl\":\"https:\\\/\\\/www.cfg.edu.pl\\\/wp-content\\\/uploads\\\/2025\\\/03\\\/Bydgoszcz_3LO_spotkanieCanpack7.jpeg\",\"datePublished\":\"2025-03-07T11:03:35+00:00\",\"dateModified\":\"2025-03-28T08:10:58+00:00\",\"description\":\"Uczniowie z 3 LO w Bydgoszczy zaprezentowali grupie Canpack makiet\u0119 ekologicznej k\u0142adki nad Kana\u0142em Bydgoskim.\",\"breadcrumb\":{\"@id\":\"https:\\\/\\\/www.cfg.edu.pl\\\/blog\\\/od-makiety-do-projektu-w-budzecie-obywatelskim\\\/#breadcrumb\"},\"inLanguage\":\"en-GB\",\"potentialAction\":[{\"@type\":\"ReadAction\",\"target\":[\"https:\\\/\\\/www.cfg.edu.pl\\\/blog\\\/od-makiety-do-projektu-w-budzecie-obywatelskim\\\/\"]}]},{\"@type\":\"ImageObject\",\"inLanguage\":\"en-GB\",\"@id\":\"https:\\\/\\\/www.cfg.edu.pl\\\/blog\\\/od-makiety-do-projektu-w-budzecie-obywatelskim\\\/#primaryimage\",\"url\":\"https:\\\/\\\/www.cfg.edu.pl\\\/wp-content\\\/uploads\\\/2025\\\/03\\\/Bydgoszcz_3LO_spotkanieCanpack7.jpeg\",\"contentUrl\":\"https:\\\/\\\/www.cfg.edu.pl\\\/wp-content\\\/uploads\\\/2025\\\/03\\\/Bydgoszcz_3LO_spotkanieCanpack7.jpeg\",\"width\":1600,\"height\":1200},{\"@type\":\"BreadcrumbList\",\"@id\":\"https:\\\/\\\/www.cfg.edu.pl\\\/blog\\\/od-makiety-do-projektu-w-budzecie-obywatelskim\\\/#breadcrumb\",\"itemListElement\":[{\"@type\":\"ListItem\",\"position\":1,\"name\":\"Home\",\"item\":\"https:\\\/\\\/www.cfg.edu.pl\\\/\"},{\"@type\":\"ListItem\",\"position\":2,\"name\":\"Od makiety do projektu w bud\u017cecie obywatelskim?\"}]},{\"@type\":\"WebSite\",\"@id\":\"https:\\\/\\\/www.cfg.edu.pl\\\/#website\",\"url\":\"https:\\\/\\\/www.cfg.edu.pl\\\/\",\"name\":\"Fundacja Code for Green\",\"description\":\"Edukacja, \u015arodowisko, Sprawczo\u015b\u0107, Technologia\",\"publisher\":{\"@id\":\"https:\\\/\\\/www.cfg.edu.pl\\\/#organization\"},\"alternateName\":\"Code for Green\",\"potentialAction\":[{\"@type\":\"SearchAction\",\"target\":{\"@type\":\"EntryPoint\",\"urlTemplate\":\"https:\\\/\\\/www.cfg.edu.pl\\\/?s={search_term_string}\"},\"query-input\":{\"@type\":\"PropertyValueSpecification\",\"valueRequired\":true,\"valueName\":\"search_term_string\"}}],\"inLanguage\":\"en-GB\"},{\"@type\":\"Organization\",\"@id\":\"https:\\\/\\\/www.cfg.edu.pl\\\/#organization\",\"name\":\"Code for Green\",\"alternateName\":\"Fundacja Forum Inicjatyw Spo\u0142ecznych\",\"url\":\"https:\\\/\\\/www.cfg.edu.pl\\\/\",\"logo\":{\"@type\":\"ImageObject\",\"inLanguage\":\"en-GB\",\"@id\":\"https:\\\/\\\/www.cfg.edu.pl\\\/#\\\/schema\\\/logo\\\/image\\\/\",\"url\":\"https:\\\/\\\/www.cfg.edu.pl\\\/wp-content\\\/uploads\\\/2024\\\/02\\\/FUNDACJA_Code_for_Green_logo.svg\",\"contentUrl\":\"https:\\\/\\\/www.cfg.edu.pl\\\/wp-content\\\/uploads\\\/2024\\\/02\\\/FUNDACJA_Code_for_Green_logo.svg\",\"width\":236,\"height\":111,\"caption\":\"Code for Green\"},\"image\":{\"@id\":\"https:\\\/\\\/www.cfg.edu.pl\\\/#\\\/schema\\\/logo\\\/image\\\/\"},\"sameAs\":[\"https:\\\/\\\/www.facebook.com\\\/FundacjaForumInicjatywSpolecznych\\\/\",\"https:\\\/\\\/www.youtube.com\\\/@fundacjaforuminicjatywspoe6910\\\/featured\"],\"description\":\"Jeste\u015bmy polsk\u0105 organizacj\u0105 non-profit, kt\u00f3ra od 2018 roku aktywnie wprowadza sprawcza edukacj\u0119 \u015brodowiskow\u0105 do szk\u00f3\u0142, by m\u0142odzi potrafili rozwi\u0105zywa\u0107 lokalne problemy wykorzystuj\u0105c technologie cyfrowe. Kszta\u0142cimy nauczycieli \u2013 przekszta\u0142camy szko\u0142\u0119 w centrum edukacji \u015brodowiskowej.\",\"email\":\"biuro@ffis.edu.pl\",\"legalName\":\"Fundacja Forum Inicjatyw Spo\u0142ecznych\",\"vatID\":\"PL8442359966\",\"taxID\":\"8442359966\"},{\"@type\":\"Person\",\"@id\":\"https:\\\/\\\/www.cfg.edu.pl\\\/#\\\/schema\\\/person\\\/fdc9fdf7fb9849e5a56520737e800c31\",\"name\":\"Iwona Danilewicz\",\"image\":{\"@type\":\"ImageObject\",\"inLanguage\":\"en-GB\",\"@id\":\"https:\\\/\\\/secure.gravatar.com\\\/avatar\\\/2ae8921d776b718c1a50fff3daae571e64f82b2a3f1f3de3f168bdd28d48343d?s=96&d=mm&r=g\",\"url\":\"https:\\\/\\\/secure.gravatar.com\\\/avatar\\\/2ae8921d776b718c1a50fff3daae571e64f82b2a3f1f3de3f168bdd28d48343d?s=96&d=mm&r=g\",\"contentUrl\":\"https:\\\/\\\/secure.gravatar.com\\\/avatar\\\/2ae8921d776b718c1a50fff3daae571e64f82b2a3f1f3de3f168bdd28d48343d?s=96&d=mm&r=g\",\"caption\":\"Iwona Danilewicz\"}}]}<\/script>\n<!-- \/ Yoast SEO Premium plugin. -->","yoast_head_json":{"title":"Od makiety do projektu w bud\u017cecie obywatelskim? - Code for Green","description":"Uczniowie z 3 LO w Bydgoszczy zaprezentowali grupie Canpack makiet\u0119 ekologicznej k\u0142adki nad Kana\u0142em Bydgoskim.","robots":{"index":"index","follow":"follow","max-snippet":"max-snippet:-1","max-image-preview":"max-image-preview:large","max-video-preview":"max-video-preview:-1"},"canonical":"https:\/\/www.cfg.edu.pl\/eng\/blog\/od-makiety-do-projektu-w-budzecie-obywatelskim\/","og_locale":"en_GB","og_type":"article","og_title":"Od makiety do projektu w bud\u017cecie obywatelskim?","og_description":"Uczniowie z 3 LO w Bydgoszczy zaprezentowali grupie Canpack makiet\u0119 ekologicznej k\u0142adki nad Kana\u0142em Bydgoskim.","og_url":"https:\/\/www.cfg.edu.pl\/eng\/blog\/od-makiety-do-projektu-w-budzecie-obywatelskim\/","og_site_name":"Code for Green","article_publisher":"https:\/\/www.facebook.com\/FundacjaForumInicjatywSpolecznych\/","article_published_time":"2025-03-07T11:03:35+00:00","article_modified_time":"2025-03-28T08:10:58+00:00","og_image":[{"width":1600,"height":1200,"url":"https:\/\/www.cfg.edu.pl\/wp-content\/uploads\/2025\/03\/Bydgoszcz_3LO_spotkanieCanpack7.jpeg","type":"image\/jpeg"}],"author":"Iwona Danilewicz","twitter_card":"summary_large_image","twitter_misc":{"Written by":"Iwona Danilewicz","Est. reading time":"5 minutes"},"schema":{"@context":"https:\/\/schema.org","@graph":[{"@type":"Article","@id":"https:\/\/www.cfg.edu.pl\/blog\/od-makiety-do-projektu-w-budzecie-obywatelskim\/#article","isPartOf":{"@id":"https:\/\/www.cfg.edu.pl\/blog\/od-makiety-do-projektu-w-budzecie-obywatelskim\/"},"author":{"name":"Iwona Danilewicz","@id":"https:\/\/www.cfg.edu.pl\/#\/schema\/person\/fdc9fdf7fb9849e5a56520737e800c31"},"headline":"Od makiety do projektu w bud\u017cecie obywatelskim?","datePublished":"2025-03-07T11:03:35+00:00","dateModified":"2025-03-28T08:10:58+00:00","mainEntityOfPage":{"@id":"https:\/\/www.cfg.edu.pl\/blog\/od-makiety-do-projektu-w-budzecie-obywatelskim\/"},"wordCount":402,"publisher":{"@id":"https:\/\/www.cfg.edu.pl\/#organization"},"image":{"@id":"https:\/\/www.cfg.edu.pl\/blog\/od-makiety-do-projektu-w-budzecie-obywatelskim\/#primaryimage"},"thumbnailUrl":"https:\/\/www.cfg.edu.pl\/wp-content\/uploads\/2025\/03\/Bydgoszcz_3LO_spotkanieCanpack7.jpeg","keywords":["CANPACK Bydgoszcz","Code for Blue","Do ostatniej kropli","Ewa Ewart","Ma\u0142gorzata Podrecka"],"articleSection":["Aktualno\u015bci","Code for Blue","Woda"],"inLanguage":"en-GB"},{"@type":"WebPage","@id":"https:\/\/www.cfg.edu.pl\/blog\/od-makiety-do-projektu-w-budzecie-obywatelskim\/","url":"https:\/\/www.cfg.edu.pl\/blog\/od-makiety-do-projektu-w-budzecie-obywatelskim\/","name":"Od makiety do projektu w bud\u017cecie obywatelskim? - Code for Green","isPartOf":{"@id":"https:\/\/www.cfg.edu.pl\/#website"},"primaryImageOfPage":{"@id":"https:\/\/www.cfg.edu.pl\/blog\/od-makiety-do-projektu-w-budzecie-obywatelskim\/#primaryimage"},"image":{"@id":"https:\/\/www.cfg.edu.pl\/blog\/od-makiety-do-projektu-w-budzecie-obywatelskim\/#primaryimage"},"thumbnailUrl":"https:\/\/www.cfg.edu.pl\/wp-content\/uploads\/2025\/03\/Bydgoszcz_3LO_spotkanieCanpack7.jpeg","datePublished":"2025-03-07T11:03:35+00:00","dateModified":"2025-03-28T08:10:58+00:00","description":"Uczniowie z 3 LO w Bydgoszczy zaprezentowali grupie Canpack makiet\u0119 ekologicznej k\u0142adki nad Kana\u0142em Bydgoskim.","breadcrumb":{"@id":"https:\/\/www.cfg.edu.pl\/blog\/od-makiety-do-projektu-w-budzecie-obywatelskim\/#breadcrumb"},"inLanguage":"en-GB","potentialAction":[{"@type":"ReadAction","target":["https:\/\/www.cfg.edu.pl\/blog\/od-makiety-do-projektu-w-budzecie-obywatelskim\/"]}]},{"@type":"ImageObject","inLanguage":"en-GB","@id":"https:\/\/www.cfg.edu.pl\/blog\/od-makiety-do-projektu-w-budzecie-obywatelskim\/#primaryimage","url":"https:\/\/www.cfg.edu.pl\/wp-content\/uploads\/2025\/03\/Bydgoszcz_3LO_spotkanieCanpack7.jpeg","contentUrl":"https:\/\/www.cfg.edu.pl\/wp-content\/uploads\/2025\/03\/Bydgoszcz_3LO_spotkanieCanpack7.jpeg","width":1600,"height":1200},{"@type":"BreadcrumbList","@id":"https:\/\/www.cfg.edu.pl\/blog\/od-makiety-do-projektu-w-budzecie-obywatelskim\/#breadcrumb","itemListElement":[{"@type":"ListItem","position":1,"name":"Home","item":"https:\/\/www.cfg.edu.pl\/"},{"@type":"ListItem","position":2,"name":"Od makiety do projektu w bud\u017cecie obywatelskim?"}]},{"@type":"WebSite","@id":"https:\/\/www.cfg.edu.pl\/#website","url":"https:\/\/www.cfg.edu.pl\/","name":"Code for Green Foundation","description":"Edukacja, \u015arodowisko, Sprawczo\u015b\u0107, Technologia","publisher":{"@id":"https:\/\/www.cfg.edu.pl\/#organization"},"alternateName":"Code for Green","potentialAction":[{"@type":"SearchAction","target":{"@type":"EntryPoint","urlTemplate":"https:\/\/www.cfg.edu.pl\/?s={search_term_string}"},"query-input":{"@type":"PropertyValueSpecification","valueRequired":true,"valueName":"search_term_string"}}],"inLanguage":"en-GB"},{"@type":"Organization","@id":"https:\/\/www.cfg.edu.pl\/#organization","name":"Code for Green","alternateName":"Fundacja Forum Inicjatyw Spo\u0142ecznych","url":"https:\/\/www.cfg.edu.pl\/","logo":{"@type":"ImageObject","inLanguage":"en-GB","@id":"https:\/\/www.cfg.edu.pl\/#\/schema\/logo\/image\/","url":"https:\/\/www.cfg.edu.pl\/wp-content\/uploads\/2024\/02\/FUNDACJA_Code_for_Green_logo.svg","contentUrl":"https:\/\/www.cfg.edu.pl\/wp-content\/uploads\/2024\/02\/FUNDACJA_Code_for_Green_logo.svg","width":236,"height":111,"caption":"Code for Green"},"image":{"@id":"https:\/\/www.cfg.edu.pl\/#\/schema\/logo\/image\/"},"sameAs":["https:\/\/www.facebook.com\/FundacjaForumInicjatywSpolecznych\/","https:\/\/www.youtube.com\/@fundacjaforuminicjatywspoe6910\/featured"],"description":"Jeste\u015bmy polsk\u0105 organizacj\u0105 non-profit, kt\u00f3ra od 2018 roku aktywnie wprowadza sprawcza edukacj\u0119 \u015brodowiskow\u0105 do szk\u00f3\u0142, by m\u0142odzi potrafili rozwi\u0105zywa\u0107 lokalne problemy wykorzystuj\u0105c technologie cyfrowe. Kszta\u0142cimy nauczycieli \u2013 przekszta\u0142camy szko\u0142\u0119 w centrum edukacji \u015brodowiskowej.","email":"biuro@ffis.edu.pl","legalName":"Fundacja Forum Inicjatyw Spo\u0142ecznych","vatID":"PL8442359966","taxID":"8442359966"},{"@type":"Person","@id":"https:\/\/www.cfg.edu.pl\/#\/schema\/person\/fdc9fdf7fb9849e5a56520737e800c31","name":"Iwona Danilewicz","image":{"@type":"ImageObject","inLanguage":"en-GB","@id":"https:\/\/secure.gravatar.com\/avatar\/2ae8921d776b718c1a50fff3daae571e64f82b2a3f1f3de3f168bdd28d48343d?s=96&d=mm&r=g","url":"https:\/\/secure.gravatar.com\/avatar\/2ae8921d776b718c1a50fff3daae571e64f82b2a3f1f3de3f168bdd28d48343d?s=96&d=mm&r=g","contentUrl":"https:\/\/secure.gravatar.com\/avatar\/2ae8921d776b718c1a50fff3daae571e64f82b2a3f1f3de3f168bdd28d48343d?s=96&d=mm&r=g","caption":"Iwona Danilewicz"}}]}},"_links":{"self":[{"href":"https:\/\/www.cfg.edu.pl\/eng\/wp-json\/wp\/v2\/posts\/6521","targetHints":{"allow":["GET"]}}],"collection":[{"href":"https:\/\/www.cfg.edu.pl\/eng\/wp-json\/wp\/v2\/posts"}],"about":[{"href":"https:\/\/www.cfg.edu.pl\/eng\/wp-json\/wp\/v2\/types\/post"}],"author":[{"embeddable":true,"href":"https:\/\/www.cfg.edu.pl\/eng\/wp-json\/wp\/v2\/users\/8"}],"replies":[{"embeddable":true,"href":"https:\/\/www.cfg.edu.pl\/eng\/wp-json\/wp\/v2\/comments?post=6521"}],"version-history":[{"count":3,"href":"https:\/\/www.cfg.edu.pl\/eng\/wp-json\/wp\/v2\/posts\/6521\/revisions"}],"predecessor-version":[{"id":6592,"href":"https:\/\/www.cfg.edu.pl\/eng\/wp-json\/wp\/v2\/posts\/6521\/revisions\/6592"}],"wp:featuredmedia":[{"embeddable":true,"href":"https:\/\/www.cfg.edu.pl\/eng\/wp-json\/wp\/v2\/media\/6528"}],"wp:attachment":[{"href":"https:\/\/www.cfg.edu.pl\/eng\/wp-json\/wp\/v2\/media?parent=6521"}],"wp:term":[{"taxonomy":"category","embeddable":true,"href":"https:\/\/www.cfg.edu.pl\/eng\/wp-json\/wp\/v2\/categories?post=6521"},{"taxonomy":"post_tag","embeddable":true,"href":"https:\/\/www.cfg.edu.pl\/eng\/wp-json\/wp\/v2\/tags?post=6521"}],"curies":[{"name":"wp","href":"https:\/\/api.w.org\/{rel}","templated":true}]}}