{"id":6577,"date":"2025-03-25T14:13:41","date_gmt":"2025-03-25T13:13:41","guid":{"rendered":"https:\/\/www.cfg.edu.pl\/?p=6577"},"modified":"2025-03-26T14:25:25","modified_gmt":"2025-03-26T13:25:25","slug":"do-ostatniej-kropli-zapraszamy-na-film-spotkanie-z-ekspertem-i-zbiorke-podpisow-na-rzecz-odry","status":"publish","type":"post","link":"https:\/\/www.cfg.edu.pl\/eng\/blog\/do-ostatniej-kropli-zapraszamy-na-film-spotkanie-z-ekspertem-i-zbiorke-podpisow-na-rzecz-odry\/","title":{"rendered":"\"To the Last Drop\" - we invite you to a film screening, a meeting with an expert, and a petition signing campaign for the Oder River"},"content":{"rendered":"<h3 class=\"s3\" style=\"text-align: justify;\"><span class=\"s4\">Woda to <\/span><span class=\"s4\">\u017c<\/span><span class=\"s4\">ycie <\/span><span class=\"s4\">\u2013 <\/span><span class=\"s4\">to has<\/span><span class=\"s4\">\u0142<\/span><span class=\"s4\">o, kt<\/span><span class=\"s4\">\u00f3<\/span><span class=\"s4\">re przy<\/span><span class=\"s4\">\u015b<\/span><span class=\"s4\">wieca wydarzeniu, kt<\/span><span class=\"s4\">\u00f3<\/span><span class=\"s4\">re wkr<\/span><span class=\"s4\">\u00f3<\/span><span class=\"s4\">tce odb<\/span><span class=\"s4\">\u0119<\/span><span class=\"s4\">dzie si<\/span><span class=\"s4\">\u0119 <\/span><span class=\"s4\">w Suwa\u0142kach, <\/span><span class=\"s4\">Augustowie i Sejnach<\/span><span class=\"s4\">. Film dokumentalny <\/span><span class=\"s5\">\u201e<\/span><span class=\"s5\">Do ostatniej kropli<\/span><span class=\"s5\">\u201d<\/span><span class=\"s4\"> w re<\/span><span class=\"s4\">\u017c<\/span><span class=\"s4\">yserii Ewy Ewart, kt<\/span><span class=\"s4\">\u00f3<\/span><span class=\"s4\">ry porusza temat ochrony zasob<\/span><span class=\"s4\">\u00f3<\/span><span class=\"s4\">w wodnych, stanie si<\/span><span class=\"s4\">\u0119 <\/span><span class=\"s4\">punktem wyj<\/span><span class=\"s4\">\u015b<\/span><span class=\"s4\">cia do wa<\/span><span class=\"s4\">\u017c<\/span><span class=\"s4\">nej dyskusji o przysz<\/span><span class=\"s4\">\u0142<\/span><span class=\"s4\">o<\/span><span class=\"s4\">\u015b<\/span><span class=\"s4\">ci naszych rzek. To tak<\/span><span class=\"s4\">\u017c<\/span><span class=\"s4\">e okazja<\/span><span class=\"s4\"> do z<\/span><span class=\"s4\">\u0142<\/span><span class=\"s4\">o<\/span><span class=\"s4\">\u017c<\/span><span class=\"s4\">enia podpisu na projekcie uchwa<\/span><span class=\"s4\">\u0142<\/span><span class=\"s4\">y o nadaniu rzece Odrze osobowo<\/span><span class=\"s4\">\u015b<\/span><span class=\"s4\">ci prawnej.<\/span><\/h3>\n<p class=\"s3\" style=\"text-align: justify;\"><strong><span class=\"s6\">&#8222;Do ostatniej kropli&#8221; <\/span><span class=\"s6\">\u2013 <\/span><span class=\"s6\">o wodzie, kt<\/span><span class=\"s6\">\u00f3<\/span><span class=\"s6\">ra <\/span><span class=\"s6\">\u0142\u0105<\/span><span class=\"s6\">czy nas wszystkich<\/span><\/strong><\/p>\n<p class=\"s3\" style=\"text-align: justify;\"><span class=\"s7\">Film <\/span><span class=\"s8\">\u201e<\/span><span class=\"s8\">Do ostatniej kropli<\/span><span class=\"s8\">\u201d<\/span><span class=\"s7\"> zabiera widz<\/span><span class=\"s7\">\u00f3<\/span><span class=\"s7\">w w podr<\/span><span class=\"s7\">\u00f3\u017c <\/span><span class=\"s7\">po <\/span><span class=\"s7\">\u015b<\/span><span class=\"s7\">wiecie, kt<\/span><span class=\"s7\">\u00f3<\/span><span class=\"s7\">ry boryka si<\/span><span class=\"s7\">\u0119 <\/span><span class=\"s7\">z kryzysem wodnym. Pokazuje nie tylko skutki zaniedba<\/span><span class=\"s7\">\u0144 <\/span><span class=\"s7\">i degradacji <\/span><span class=\"s7\">\u015b<\/span><span class=\"s7\">rodowiska, ale tak<\/span><span class=\"s7\">\u017c<\/span><span class=\"s7\">e przedstawia historie ludzi, kt<\/span><span class=\"s7\">\u00f3<\/span><span class=\"s7\">rzy walcz<\/span><span class=\"s7\">\u0105 <\/span><span class=\"s7\">o ratowanie zasob<\/span><span class=\"s7\">\u00f3<\/span><span class=\"s7\">w wodnych. Re<\/span><span class=\"s7\">\u017c<\/span><span class=\"s7\">yserka Ewa Ewart, dokumentuj<\/span><span class=\"s7\">\u0105<\/span><span class=\"s7\">c globalne problemy zwi<\/span><span class=\"s7\">\u0105<\/span><span class=\"s7\">zane z wod<\/span><span class=\"s7\">\u0105<\/span><span class=\"s7\">, porusza kwestie, kt<\/span><span class=\"s7\">\u00f3<\/span><span class=\"s7\">re dotycz<\/span><span class=\"s7\">\u0105 <\/span><span class=\"s7\">nas wszystkich <\/span><span class=\"s7\">\u2013 <\/span><span class=\"s7\">zar<\/span><span class=\"s7\">\u00f3<\/span><span class=\"s7\">wno w kontek<\/span><span class=\"s7\">\u015b<\/span><span class=\"s7\">cie ekosystem<\/span><span class=\"s7\">\u00f3<\/span><span class=\"s7\">w wodnych, jak i ich wp<\/span><span class=\"s7\">\u0142<\/span><span class=\"s7\">ywu na nasze <\/span><span class=\"s7\">\u017c<\/span><span class=\"s7\">ycie codzienne.<\/span><\/p>\n<p class=\"s3\" style=\"text-align: justify;\"><span class=\"s7\">Pokaz filmu b<\/span><span class=\"s7\">\u0119<\/span><span class=\"s7\">dzie po<\/span><span class=\"s7\">\u0142\u0105<\/span><span class=\"s7\">czony z<\/span><span class=\"s7\"> kr<\/span><span class=\"s7\">\u00f3<\/span><span class=\"s7\">tk<\/span><span class=\"s7\">\u0105<\/span><span class=\"s7\"> dyskusj<\/span><span class=\"s7\">\u0105<\/span><span class=\"s7\">, kt<\/span><span class=\"s7\">\u00f3<\/span><span class=\"s7\">ra pozwoli g<\/span><span class=\"s7\">\u0142\u0119<\/span><span class=\"s7\">biej zrozumie<\/span><span class=\"s7\">\u0107 <\/span><span class=\"s7\">tematyk<\/span><span class=\"s7\">\u0119 <\/span><span class=\"s7\">ochrony <\/span><span class=\"s7\">\u015b<\/span><span class=\"s7\">rodowiska wodnego oraz wyzwa<\/span><span class=\"s7\">\u0144 <\/span><span class=\"s7\">zwi<\/span><span class=\"s7\">\u0105<\/span><span class=\"s7\">zanych z zarz<\/span><span class=\"s7\">\u0105<\/span><span class=\"s7\">dzaniem zasobami wodnymi. To tak<\/span><span class=\"s7\">\u017c<\/span><span class=\"s7\">e doskona<\/span><span class=\"s7\">\u0142<\/span><span class=\"s7\">a okazja, by dowiedzie<\/span><span class=\"s7\">\u0107 <\/span><span class=\"s7\">si<\/span><span class=\"s7\">\u0119<\/span><span class=\"s7\">, jak wsp<\/span><span class=\"s7\">\u00f3<\/span><span class=\"s7\">lnie mo<\/span><span class=\"s7\">\u017c<\/span><span class=\"s7\">emy dba<\/span><span class=\"s7\">\u0107 <\/span><span class=\"s7\">o nasze rzeki i jeziora, kt<\/span><span class=\"s7\">\u00f3<\/span><span class=\"s7\">re s<\/span><span class=\"s7\">\u0105 <\/span><span class=\"s7\">fundamentem ekosystemu.<\/span><\/p>\n<p class=\"s9\" style=\"text-align: justify;\"><span class=\"s7\">Film <\/span><span class=\"s6\">\u201e<\/span><span class=\"s6\">Do ostatniej kropli<\/span><span class=\"s6\">\u201d<\/span><span class=\"s7\"> zdoby<\/span><span class=\"s7\">\u0142 <\/span><span class=\"s7\">uznanie na presti<\/span><span class=\"s7\">\u017c<\/span><span class=\"s7\">owych festiwalach filmowych na ca<\/span><span class=\"s7\">\u0142<\/span><span class=\"s7\">ym <\/span><span class=\"s7\">\u015b<\/span><span class=\"s7\">wiecie, otrzymuj<\/span><span class=\"s7\">\u0105<\/span><span class=\"s7\">c liczne nagrody i wyr<\/span><span class=\"s7\">\u00f3\u017c<\/span><span class=\"s7\">nienia. W 2024 roku triumfowa<\/span><span class=\"s7\">\u0142 <\/span><span class=\"s7\">na <\/span><span class=\"s6\">World Media Festival w Hamburgu<\/span><span class=\"s7\">, zdobywaj<\/span><span class=\"s7\">\u0105<\/span><span class=\"s7\">c a<\/span><span class=\"s7\">\u017c <\/span><span class=\"s6\">trzy nagrody<\/span><span class=\"s7\">, w tym <\/span><span class=\"s6\">Grand Prix<\/span><span class=\"s7\"> oraz tytu<\/span><span class=\"s7\">\u0142 <\/span><span class=\"s6\">Najlepszego Dokumentu<\/span><span class=\"s7\">. Zosta<\/span><span class=\"s7\">\u0142 <\/span><span class=\"s7\">tak<\/span><span class=\"s7\">\u017c<\/span><span class=\"s7\">e uhonorowany g<\/span><span class=\"s7\">\u0142\u00f3<\/span><span class=\"s7\">wn<\/span><span class=\"s7\">\u0105 <\/span><span class=\"s7\">nagrod<\/span><span class=\"s7\">\u0105 <\/span><span class=\"s7\">na <\/span><span class=\"s6\">Hot Springs International Women Film Festival<\/span><span class=\"s7\"> i <\/span><span class=\"s6\">World Water Film Festival w Nowym Jorku<\/span><span class=\"s7\">, a na <\/span><span class=\"s6\">Nature Without Borders International Film Festival<\/span><span class=\"s7\"> w USA otrzyma<\/span><span class=\"s7\">\u0142 <\/span><span class=\"s7\">wyr<\/span><span class=\"s7\">\u00f3\u017c<\/span><span class=\"s7\">nienie. Film zwyci<\/span><span class=\"s7\">\u0119\u017c<\/span><span class=\"s7\">y<\/span><span class=\"s7\">\u0142 <\/span><span class=\"s7\">r<\/span><span class=\"s7\">\u00f3<\/span><span class=\"s7\">wnie<\/span><span class=\"s7\">\u017c <\/span><span class=\"s7\">na <\/span><span class=\"s6\">New York Polish Film Festival<\/span><span class=\"s7\">, zdobywaj<\/span><span class=\"s7\">\u0105<\/span><span class=\"s7\">c tytu<\/span><span class=\"s7\">\u0142 <\/span><span class=\"s6\">Najlepszego Dokumentu<\/span><span class=\"s7\">. Rok wcze<\/span><span class=\"s7\">\u015b<\/span><span class=\"s7\">niej odni<\/span><span class=\"s7\">\u00f3<\/span><span class=\"s7\">s<\/span><span class=\"s7\">\u0142 <\/span><span class=\"s7\">sukces na <\/span><span class=\"s6\">Deauville Green Awards International Film Festival we Francji<\/span><span class=\"s7\">, gdzie nagrodzono go za najlepszy dokument o ochronie ocean<\/span><span class=\"s7\">\u00f3<\/span><span class=\"s7\">w. Na <\/span><span class=\"s6\">Monte Carlo Television Festival<\/span><span class=\"s7\"> zdoby<\/span><span class=\"s7\">\u0142 <\/span><span class=\"s7\">presti<\/span><span class=\"s7\">\u017c<\/span><span class=\"s7\">ow<\/span><span class=\"s7\">\u0105 <\/span><span class=\"s6\">Nagrod<\/span><span class=\"s6\">\u0119 <\/span><span class=\"s6\">Specjaln<\/span><span class=\"s6\">\u0105 <\/span><span class=\"s6\">Ksi<\/span><span class=\"s6\">\u0119<\/span><span class=\"s6\">cia Rainiera III<\/span><span class=\"s7\">, a na <\/span><span class=\"s6\">BNP Paribas Green Film Festival w Polsce<\/span><span class=\"s7\">otrzyma<\/span><span class=\"s7\">\u0142 <\/span><span class=\"s7\">zar<\/span><span class=\"s7\">\u00f3<\/span><span class=\"s7\">wno <\/span><span class=\"s6\">Grand Prix<\/span><span class=\"s7\">, jak i tytu<\/span><span class=\"s7\">\u0142 <\/span><span class=\"s6\">Najlepszego Filmu Polskiego<\/span><span class=\"s7\">.<\/span><\/p>\n<p class=\"s3\" style=\"text-align: justify;\"><strong><span class=\"s6\">Spotkanie z Piotrem Niezna<\/span><span class=\"s6\">\u0144<\/span><span class=\"s6\">skim<\/span><\/strong><\/p>\n<p class=\"s3\" style=\"text-align: justify;\"><span class=\"s7\">Po projekcji filmu zapraszamy na spotkanie z Piotrem Niezna<\/span><span class=\"s7\">\u0144<\/span><span class=\"s7\">skim, wsp<\/span><span class=\"s7\">\u00f3\u0142<\/span><span class=\"s7\">autorem scenariusza do <\/span><span class=\"s8\">\u201e<\/span><span class=\"s8\">Do ostatniej kropli<\/span><span class=\"s8\">\u201d<\/span><span class=\"s7\"> oraz dyrektorem program<\/span><span class=\"s7\">\u00f3<\/span><span class=\"s7\">w <\/span><span class=\"s7\">\u015b<\/span><span class=\"s7\">rodowiskowych w Fundacji Code for <\/span><span class=\"s7\">Green, <\/span><span class=\"s7\">cz<\/span><span class=\"s7\">\u0142<\/span><span class=\"s7\">on<\/span><span class=\"s7\">kiem<\/span><span class=\"s7\"> Pa<\/span><span class=\"s7\">\u0144<\/span><span class=\"s7\">stwowej Rady Gospodarki Wodnej i Komitetu Nauk o Wodzie przy PAN, ekspert<\/span><span class=\"s7\">em<\/span><span class=\"s7\">i praktyk<\/span><span class=\"s7\">iem<\/span><span class=\"s7\"> w zakresie ochrony w<\/span><span class=\"s7\">\u00f3<\/span><span class=\"s7\">d, rewitalizacji i renaturyzacji rzek i ich dolin oraz ochrony zagro<\/span><span class=\"s7\">\u017c<\/span><span class=\"s7\">onych siedlisk i gatunk<\/span><span class=\"s7\">\u00f3<\/span><span class=\"s7\">w. Piotr Niezna<\/span><span class=\"s7\">\u0144<\/span><span class=\"s7\">ski to osoba, kt<\/span><span class=\"s7\">\u00f3<\/span><span class=\"s7\">ra od lat anga<\/span><span class=\"s7\">\u017c<\/span><span class=\"s7\">uje si<\/span><span class=\"s7\">\u0119 <\/span><span class=\"s7\">w ochron<\/span><span class=\"s7\">\u0119 \u015b<\/span><span class=\"s7\">rodowiska, a szczeg<\/span><span class=\"s7\">\u00f3<\/span><span class=\"s7\">lnie w kwestie zwi<\/span><span class=\"s7\">\u0105<\/span><span class=\"s7\">zane z rzekami i jeziorami. Jako ekspert w tej dziedzinie, opowie o swojej pracy nad filmem, a tak<\/span><span class=\"s7\">\u017c<\/span><span class=\"s7\">e o dzia<\/span><span class=\"s7\">\u0142<\/span><span class=\"s7\">aniach na rzecz Odry i innych polskich rzek. B<\/span><span class=\"s7\">\u0119<\/span><span class=\"s7\">dzie to r<\/span><span class=\"s7\">\u00f3<\/span><span class=\"s7\">wnie<\/span><span class=\"s7\">\u017c <\/span><span class=\"s7\">okazja, by porozmawia<\/span><span class=\"s7\">\u0107 <\/span><span class=\"s7\">o wyzwaniach zwi<\/span><span class=\"s7\">\u0105<\/span><span class=\"s7\">zanych z ochron<\/span><span class=\"s7\">\u0105 <\/span><span class=\"s7\">zasob<\/span><span class=\"s7\">\u00f3<\/span><span class=\"s7\">w wodnych w obliczu zmieniaj<\/span><span class=\"s7\">\u0105<\/span><span class=\"s7\">cego si<\/span><span class=\"s7\">\u0119 <\/span><span class=\"s7\">klimatu.<\/span><\/p>\n<p class=\"s3\" style=\"text-align: justify;\"><span class=\"s8\">\u201e<\/span><span class=\"s8\">Ewa jest wybitn<\/span><span class=\"s8\">\u0105 <\/span><span class=\"s8\">reporterk<\/span><span class=\"s8\">\u0105<\/span><span class=\"s8\">, kt<\/span><span class=\"s8\">\u00f3<\/span><span class=\"s8\">ra przybli<\/span><span class=\"s8\">\u017c<\/span><span class=\"s8\">y<\/span><span class=\"s8\">\u0142<\/span><span class=\"s8\">a ludziom na <\/span><span class=\"s8\">\u015b<\/span><span class=\"s8\">wiecie wiele wa<\/span><span class=\"s8\">\u017c<\/span><span class=\"s8\">nych temat<\/span><span class=\"s8\">\u00f3<\/span><span class=\"s8\">w, potrafi<\/span><span class=\"s8\">\u0105<\/span><span class=\"s8\">c<\/span><span class=\"s8\">\u0105 <\/span><span class=\"s8\">tworzy<\/span><span class=\"s8\">\u0107 <\/span><span class=\"s8\">filmy o niezwyk<\/span><span class=\"s8\">\u0142<\/span><span class=\"s8\">ej cesze <\/span><span class=\"s8\">\u2013 <\/span><span class=\"s8\">te filmy docieraj<\/span><span class=\"s8\">\u0105 <\/span><span class=\"s8\">do ludzkich emocji. Omawiaj<\/span><span class=\"s8\">\u0105 <\/span><span class=\"s8\">skomplikowane problemy w spos<\/span><span class=\"s8\">\u00f3<\/span><span class=\"s8\">b, kt<\/span><span class=\"s8\">\u00f3<\/span><span class=\"s8\">ry do ludzi dociera <\/span><span class=\"s8\">\u2013 <\/span><span class=\"s8\">zaczynaj<\/span><span class=\"s8\">\u0105 <\/span><span class=\"s8\">uto<\/span><span class=\"s8\">\u017c<\/span><span class=\"s8\">samia<\/span><span class=\"s8\">\u0107 <\/span><span class=\"s8\">si<\/span><span class=\"s8\">\u0119 <\/span><span class=\"s8\">z dan<\/span><span class=\"s8\">\u0105 <\/span><span class=\"s8\">problematyk<\/span><span class=\"s8\">\u0105<\/span><span class=\"s8\">. I bardzo mi zale<\/span><span class=\"s8\">\u017c<\/span><span class=\"s8\">a<\/span><span class=\"s8\">\u0142<\/span><span class=\"s8\">o na tym, aby hermetyczny j<\/span><span class=\"s8\">\u0119<\/span><span class=\"s8\">zyk nauki przet<\/span><span class=\"s8\">\u0142<\/span><span class=\"s8\">umaczy<\/span><span class=\"s8\">\u0107 <\/span><span class=\"s8\">na j<\/span><span class=\"s8\">\u0119<\/span><span class=\"s8\">zyk zrozumia<\/span><span class=\"s8\">\u0142<\/span><span class=\"s8\">y dla wszystkich i dotrze<\/span><span class=\"s8\">\u0107 <\/span><span class=\"s8\">z przekazem <\/span><span class=\"s8\">\u2013 <\/span><span class=\"s8\">o skali destrukcji rzek i o metodach na popraw<\/span><span class=\"s8\">\u0119 <\/span><span class=\"s8\">tej sytuacji <\/span><span class=\"s8\">\u2013 <\/span><span class=\"s8\">jak najszerzej. Uda<\/span><span class=\"s8\">\u0142<\/span><span class=\"s8\">o nam si<\/span><span class=\"s8\">\u0119 <\/span><span class=\"s8\">to osi<\/span><span class=\"s8\">\u0105<\/span><span class=\"s8\">gn<\/span><span class=\"s8\">\u0105\u0107<\/span><span class=\"s8\">. Ten film porusza struny emocji. Po ka<\/span><span class=\"s8\">\u017c<\/span><span class=\"s8\">dej projekcji wywo<\/span><span class=\"s8\">\u0142<\/span><span class=\"s8\">ywa<\/span><span class=\"s8\">\u0142 <\/span><span class=\"s8\">niesamowite dyskusje na temat zanieczyszczeni<\/span><span class=\"s8\">a<\/span><span class=\"s8\"> rzek, trudno<\/span><span class=\"s8\">\u015b<\/span><span class=\"s8\">ci z dost<\/span><span class=\"s8\">\u0119<\/span><span class=\"s8\">pem do czystej, dobrej jako<\/span><span class=\"s8\">\u015b<\/span><span class=\"s8\">ci wody. To nie jest problem wyst<\/span><span class=\"s8\">\u0119<\/span><span class=\"s8\">puj<\/span><span class=\"s8\">\u0105<\/span><span class=\"s8\">cy gdzie<\/span><span class=\"s8\">\u015b <\/span><span class=\"s8\">daleko. On dotyczy r<\/span><span class=\"s8\">\u00f3<\/span><span class=\"s8\">wnie<\/span><span class=\"s8\">\u017c <\/span><span class=\"s8\">Polski. W naszym kraju mamy tylko 1,1% w<\/span><span class=\"s8\">\u00f3<\/span><span class=\"s8\">d powierzchniowych (czyli rzek i jezior), w dobrym stanie ekologicznym. Przyt<\/span><span class=\"s8\">\u0142<\/span><span class=\"s8\">aczaj<\/span><span class=\"s8\">\u0105<\/span><span class=\"s8\">ca wi<\/span><span class=\"s8\">\u0119<\/span><span class=\"s8\">kszo<\/span><span class=\"s8\">\u015b\u0107 \u2013 <\/span><span class=\"s8\">blisko 99% naszych rzek i jezior wymaga ju<\/span><span class=\"s8\">\u017c <\/span><span class=\"s8\">dzia<\/span><span class=\"s8\">\u0142<\/span><span class=\"s8\">a<\/span><span class=\"s8\">\u0144 <\/span><span class=\"s8\">poprawiaj<\/span><span class=\"s8\">\u0105<\/span><span class=\"s8\">cych ich stan. Takie s<\/span><span class=\"s8\">\u0105 <\/span><span class=\"s8\">fakty<\/span><span class=\"s8\">,<\/span><span class=\"s8\"> o kt<\/span><span class=\"s8\">\u00f3<\/span><span class=\"s8\">rych nie wie przeci<\/span><span class=\"s8\">\u0119<\/span><span class=\"s8\">tny obywatel, cz<\/span><span class=\"s8\">\u0119<\/span><span class=\"s8\">sto przekonany, <\/span><span class=\"s8\">\u017c<\/span><span class=\"s8\">e Polska pozostaje krajem czystej i nieska<\/span><span class=\"s8\">\u017c<\/span><span class=\"s8\">onej przyrody.<\/span><span class=\"s8\">\u201d <\/span><span class=\"s8\">&#8211;<\/span><span class=\"s7\"> zaznacza Piotr Niezna<\/span><span class=\"s7\">\u0144<\/span><span class=\"s7\">ski.<\/span><\/p>\n<p class=\"s3\" style=\"text-align: justify;\"><strong><span class=\"s6\">Zbi<\/span><span class=\"s6\">\u00f3<\/span><span class=\"s6\">rka podpis<\/span><span class=\"s6\">\u00f3<\/span><span class=\"s6\">w pod projektem ustawy o nadaniu Odry osobowo<\/span><span class=\"s6\">\u015b<\/span><span class=\"s6\">ci prawnej<\/span><\/strong><\/p>\n<p class=\"s3\" style=\"text-align: justify;\"><span class=\"s7\">W ramach wydarzenia odb<\/span><span class=\"s7\">\u0119<\/span><span class=\"s7\">dzie si<\/span><span class=\"s7\">\u0119 <\/span><span class=\"s7\">r<\/span><span class=\"s7\">\u00f3<\/span><span class=\"s7\">wnie<\/span><span class=\"s7\">\u017c <\/span><span class=\"s6\">zbi<\/span><span class=\"s6\">\u00f3<\/span><span class=\"s6\">rka podpis<\/span><span class=\"s6\">\u00f3<\/span><span class=\"s6\">w pod projektem ustawy<\/span><span class=\"s7\"> maj<\/span><span class=\"s7\">\u0105<\/span><span class=\"s7\">cym na celu nadanie rzece Odrze osobowo<\/span><span class=\"s7\">\u015b<\/span><span class=\"s7\">ci prawnej. Inicjatywa <\/span><span class=\"s7\">s<\/span><span class=\"s7\">\u0142<\/span><span class=\"s7\">u<\/span><span class=\"s7\">\u017c<\/span><span class=\"s7\">y<\/span><span class=\"s7\"> zapewnieni<\/span><span class=\"s7\">u<\/span><span class=\"s7\"> skuteczniejszej ochrony rzeki, co pozwoli na podejmowanie dzia<\/span><span class=\"s7\">\u0142<\/span><span class=\"s7\">a<\/span><span class=\"s7\">\u0144 <\/span><span class=\"s7\">na rzecz jej interes<\/span><span class=\"s7\">\u00f3<\/span><span class=\"s7\">w <\/span><span class=\"s7\">np. <\/span><span class=\"s7\">w s<\/span><span class=\"s7\">\u0105<\/span><span class=\"s7\">dzie. Projekt ustawy zak<\/span><span class=\"s7\">\u0142<\/span><span class=\"s7\">ada, <\/span><span class=\"s7\">\u017c<\/span><span class=\"s7\">e rzeka Odra, jako element ekosystemu o znaczeniu narodowym, otrzyma status podmiotu prawnego, co u<\/span><span class=\"s7\">\u0142<\/span><span class=\"s7\">atwi proces ochrony jej zasob<\/span><span class=\"s7\">\u00f3<\/span><span class=\"s7\">w przed zanieczyszczeniem czy degradacj<\/span><span class=\"s7\">\u0105<\/span><span class=\"s7\">.<\/span><\/p>\n<p class=\"s3\" style=\"text-align: justify;\"><span class=\"s7\">Ochrona Odry jest szczeg<\/span><span class=\"s7\">\u00f3<\/span><span class=\"s7\">lnie wa<\/span><span class=\"s7\">\u017c<\/span><span class=\"s7\">na w kontek<\/span><span class=\"s7\">\u015b<\/span><span class=\"s7\">cie coraz cz<\/span><span class=\"s7\">\u0119<\/span><span class=\"s7\">stszych zagro<\/span><span class=\"s7\">\u017c<\/span><span class=\"s7\">'s<\/span><span class=\"s7\">\u0144 <\/span><span class=\"s7\">zwi<\/span><span class=\"s7\">\u0105<\/span><span class=\"s7\">zanych z suszami, zanieczyszczeniem w<\/span><span class=\"s7\">\u00f3<\/span><span class=\"s7\">d oraz innymi zagro<\/span><span class=\"s7\">\u017c<\/span><span class=\"s7\">eniami wynikaj<\/span><span class=\"s7\">\u0105<\/span><span class=\"s7\">cymi z dzia<\/span><span class=\"s7\">\u0142<\/span><span class=\"s7\">alno<\/span><span class=\"s7\">\u015b<\/span><span class=\"s7\">ci cz<\/span><span class=\"s7\">\u0142<\/span><span class=\"s7\">owieka. Dzi<\/span><span class=\"s7\">\u0119<\/span><span class=\"s7\">ki nadaniu jej osobowo<\/span><span class=\"s7\">\u015b<\/span><span class=\"s7\">ci prawnej, mo<\/span><span class=\"s7\">\u017c<\/span><span class=\"s7\">liwe b<\/span><span class=\"s7\">\u0119<\/span><span class=\"s7\">dzie skuteczne dzia<\/span><span class=\"s7\">\u0142<\/span><span class=\"s7\">ania na rzecz jej ochrony oraz reprezentowanie jej interes<\/span><span class=\"s7\">\u00f3<\/span><span class=\"s7\">w przed s<\/span><span class=\"s7\">\u0105<\/span><span class=\"s7\">dem. To nie tylko krok ku lepszej ochronie rzeki, ale tak<\/span><span class=\"s7\">\u017c<\/span><span class=\"s7\">e przyk<\/span><span class=\"s7\">\u0142<\/span><span class=\"s7\">ad <\/span><span class=\"s7\">tego<\/span><span class=\"s7\">, jak nowe podej<\/span><span class=\"s7\">\u015b<\/span><span class=\"s7\">cie do praw przyrody mo<\/span><span class=\"s7\">\u017c<\/span><span class=\"s7\">e przynie<\/span><span class=\"s7\">\u015b\u0107 <\/span><span class=\"s7\">korzy<\/span><span class=\"s7\">\u015b<\/span><span class=\"s7\">ci ekologicznym i spo<\/span><span class=\"s7\">\u0142<\/span><span class=\"s7\">ecznym.<\/span><\/p>\n<p><img fetchpriority=\"high\" decoding=\"async\" class=\"aligncenter size-full wp-image-6586\" src=\"https:\/\/www.cfg.edu.pl\/wp-content\/uploads\/2025\/03\/PROO_zestawienie_2_plik_edytowalny_KOLOR.png\" alt=\"\" width=\"1905\" height=\"834\" srcset=\"https:\/\/www.cfg.edu.pl\/wp-content\/uploads\/2025\/03\/PROO_zestawienie_2_plik_edytowalny_KOLOR.png 1905w, https:\/\/www.cfg.edu.pl\/wp-content\/uploads\/2025\/03\/PROO_zestawienie_2_plik_edytowalny_KOLOR-300x131.png 300w, https:\/\/www.cfg.edu.pl\/wp-content\/uploads\/2025\/03\/PROO_zestawienie_2_plik_edytowalny_KOLOR-1024x448.png 1024w, https:\/\/www.cfg.edu.pl\/wp-content\/uploads\/2025\/03\/PROO_zestawienie_2_plik_edytowalny_KOLOR-768x336.png 768w, https:\/\/www.cfg.edu.pl\/wp-content\/uploads\/2025\/03\/PROO_zestawienie_2_plik_edytowalny_KOLOR-1536x672.png 1536w, https:\/\/www.cfg.edu.pl\/wp-content\/uploads\/2025\/03\/PROO_zestawienie_2_plik_edytowalny_KOLOR-18x8.png 18w, https:\/\/www.cfg.edu.pl\/wp-content\/uploads\/2025\/03\/PROO_zestawienie_2_plik_edytowalny_KOLOR-600x263.png 600w\" sizes=\"(max-width: 1905px) 100vw, 1905px\" \/><\/p>\n\n\n<figure class=\"wp-block-gallery has-nested-images columns-default is-cropped wp-block-gallery-1 is-layout-flex wp-block-gallery-is-layout-flex\">\n<figure class=\"wp-block-image size-large\"><img decoding=\"async\" width=\"453\" height=\"640\" data-id=\"6584\" src=\"https:\/\/www.cfg.edu.pl\/wp-content\/uploads\/2025\/03\/Suwalki-Sredni-1.jpeg\" alt=\"\" class=\"wp-image-6584\" srcset=\"https:\/\/www.cfg.edu.pl\/wp-content\/uploads\/2025\/03\/Suwalki-Sredni-1.jpeg 453w, https:\/\/www.cfg.edu.pl\/wp-content\/uploads\/2025\/03\/Suwalki-Sredni-1-212x300.jpeg 212w, https:\/\/www.cfg.edu.pl\/wp-content\/uploads\/2025\/03\/Suwalki-Sredni-1-8x12.jpeg 8w\" sizes=\"(max-width: 453px) 100vw, 453px\" \/><\/figure>\n\n\n\n<figure class=\"wp-block-image size-large\"><img decoding=\"async\" width=\"453\" height=\"640\" data-id=\"6583\" src=\"https:\/\/www.cfg.edu.pl\/wp-content\/uploads\/2025\/03\/Augustow-Sredni-1.jpeg\" alt=\"\" class=\"wp-image-6583\" srcset=\"https:\/\/www.cfg.edu.pl\/wp-content\/uploads\/2025\/03\/Augustow-Sredni-1.jpeg 453w, https:\/\/www.cfg.edu.pl\/wp-content\/uploads\/2025\/03\/Augustow-Sredni-1-212x300.jpeg 212w, https:\/\/www.cfg.edu.pl\/wp-content\/uploads\/2025\/03\/Augustow-Sredni-1-8x12.jpeg 8w\" sizes=\"(max-width: 453px) 100vw, 453px\" \/><\/figure>\n\n\n\n<figure class=\"wp-block-image size-large\"><img loading=\"lazy\" decoding=\"async\" width=\"453\" height=\"640\" data-id=\"6585\" src=\"https:\/\/www.cfg.edu.pl\/wp-content\/uploads\/2025\/03\/Sejny-Sredni-1.jpeg\" alt=\"\" class=\"wp-image-6585\" srcset=\"https:\/\/www.cfg.edu.pl\/wp-content\/uploads\/2025\/03\/Sejny-Sredni-1.jpeg 453w, https:\/\/www.cfg.edu.pl\/wp-content\/uploads\/2025\/03\/Sejny-Sredni-1-212x300.jpeg 212w, https:\/\/www.cfg.edu.pl\/wp-content\/uploads\/2025\/03\/Sejny-Sredni-1-8x12.jpeg 8w\" sizes=\"(max-width: 453px) 100vw, 453px\" \/><\/figure>\n<\/figure>","protected":false},"excerpt":{"rendered":"<p>Woda to \u017cycie \u2013 to has\u0142o, kt\u00f3re przy\u015bwieca wydarzeniu, kt\u00f3re wkr\u00f3tce odb\u0119dzie si\u0119 w Suwa\u0142kach, Augustowie i Sejnach. Film dokumentalny \u201eDo ostatniej kropli\u201d w re\u017cyserii Ewy Ewart, kt\u00f3ry porusza temat ochrony zasob\u00f3w wodnych, stanie si\u0119 punktem wyj\u015bcia do wa\u017cnej dyskusji o przysz\u0142o\u015bci naszych rzek. To tak\u017ce okazja do z\u0142o\u017cenia podpisu na projekcie uchwa\u0142y o nadaniu [&hellip;]<\/p>\n","protected":false},"author":8,"featured_media":6588,"comment_status":"closed","ping_status":"closed","sticky":false,"template":"","format":"standard","meta":{"_acf_changed":false,"footnotes":""},"categories":[1,74,65,68],"tags":[78,84,83,190,79],"class_list":["post-6577","post","type-post","status-publish","format-standard","has-post-thumbnail","hentry","category-aktualnosci","category-code-for-blue","category-edukacja-wodna","category-woda","tag-code-for-blue","tag-do-ostatniej-kropli","tag-ewa-ewart","tag-osoba-odra","tag-piotr-nieznanski"],"acf":[],"yoast_head":"<!-- This site is optimized with the Yoast SEO Premium plugin v23.4 (Yoast SEO v27.4) - https:\/\/yoast.com\/product\/yoast-seo-premium-wordpress\/ -->\n<title>Nagradzany film Ewy Ewart w Suwa\u0142kach, Augustowie i Sejnach<\/title>\n<meta name=\"description\" content=\"Zapraszamy na pokaz filmu &quot;Do ostatniej kropli&quot;, spotkanie z Piotrem Niezna\u0144skim oraz zach\u0119camy do z\u0142o\u017cenia podpisu w sprawie rzeki Odry.\" \/>\n<meta name=\"robots\" content=\"index, follow, max-snippet:-1, max-image-preview:large, max-video-preview:-1\" \/>\n<link rel=\"canonical\" href=\"https:\/\/www.cfg.edu.pl\/eng\/blog\/do-ostatniej-kropli-zapraszamy-na-film-spotkanie-z-ekspertem-i-zbiorke-podpisow-na-rzecz-odry\/\" \/>\n<meta property=\"og:locale\" content=\"en_GB\" \/>\n<meta property=\"og:type\" content=\"article\" \/>\n<meta property=\"og:title\" content=\"&quot;Do ostatniej kropli&quot;\u00a0\u2013\u00a0zapraszamy na\u00a0film, spotkanie z ekspertem i zbi\u00f3rk\u0119\u00a0podpis\u00f3w na rzecz Odry\" \/>\n<meta property=\"og:description\" content=\"Zapraszamy na pokaz filmu &quot;Do ostatniej kropli&quot;, spotkanie z Piotrem Niezna\u0144skim oraz zach\u0119camy do z\u0142o\u017cenia podpisu w sprawie rzeki Odry.\" \/>\n<meta property=\"og:url\" content=\"https:\/\/www.cfg.edu.pl\/eng\/blog\/do-ostatniej-kropli-zapraszamy-na-film-spotkanie-z-ekspertem-i-zbiorke-podpisow-na-rzecz-odry\/\" \/>\n<meta property=\"og:site_name\" content=\"Code for Green\" \/>\n<meta property=\"article:publisher\" content=\"https:\/\/www.facebook.com\/FundacjaForumInicjatywSpolecznych\/\" \/>\n<meta property=\"article:published_time\" content=\"2025-03-25T13:13:41+00:00\" \/>\n<meta property=\"article:modified_time\" content=\"2025-03-26T13:25:25+00:00\" \/>\n<meta property=\"og:image\" content=\"https:\/\/www.cfg.edu.pl\/wp-content\/uploads\/2025\/03\/FB-plansza.jpg\" \/>\n\t<meta property=\"og:image:width\" content=\"1200\" \/>\n\t<meta property=\"og:image:height\" content=\"628\" \/>\n\t<meta property=\"og:image:type\" content=\"image\/jpeg\" \/>\n<meta name=\"author\" content=\"Iwona Danilewicz\" \/>\n<meta name=\"twitter:card\" content=\"summary_large_image\" \/>\n<meta name=\"twitter:label1\" content=\"Written by\" \/>\n\t<meta name=\"twitter:data1\" content=\"Iwona Danilewicz\" \/>\n\t<meta name=\"twitter:label2\" content=\"Est. reading time\" \/>\n\t<meta name=\"twitter:data2\" content=\"8 minutes\" \/>\n<script type=\"application\/ld+json\" class=\"yoast-schema-graph\">{\"@context\":\"https:\\\/\\\/schema.org\",\"@graph\":[{\"@type\":\"Article\",\"@id\":\"https:\\\/\\\/www.cfg.edu.pl\\\/blog\\\/do-ostatniej-kropli-zapraszamy-na-film-spotkanie-z-ekspertem-i-zbiorke-podpisow-na-rzecz-odry\\\/#article\",\"isPartOf\":{\"@id\":\"https:\\\/\\\/www.cfg.edu.pl\\\/blog\\\/do-ostatniej-kropli-zapraszamy-na-film-spotkanie-z-ekspertem-i-zbiorke-podpisow-na-rzecz-odry\\\/\"},\"author\":{\"name\":\"Iwona Danilewicz\",\"@id\":\"https:\\\/\\\/www.cfg.edu.pl\\\/#\\\/schema\\\/person\\\/fdc9fdf7fb9849e5a56520737e800c31\"},\"headline\":\"&#8222;Do ostatniej kropli&#8221;\u00a0\u2013\u00a0zapraszamy na\u00a0film, spotkanie z ekspertem i zbi\u00f3rk\u0119\u00a0podpis\u00f3w na rzecz Odry\",\"datePublished\":\"2025-03-25T13:13:41+00:00\",\"dateModified\":\"2025-03-26T13:25:25+00:00\",\"mainEntityOfPage\":{\"@id\":\"https:\\\/\\\/www.cfg.edu.pl\\\/blog\\\/do-ostatniej-kropli-zapraszamy-na-film-spotkanie-z-ekspertem-i-zbiorke-podpisow-na-rzecz-odry\\\/\"},\"wordCount\":914,\"publisher\":{\"@id\":\"https:\\\/\\\/www.cfg.edu.pl\\\/#organization\"},\"image\":{\"@id\":\"https:\\\/\\\/www.cfg.edu.pl\\\/blog\\\/do-ostatniej-kropli-zapraszamy-na-film-spotkanie-z-ekspertem-i-zbiorke-podpisow-na-rzecz-odry\\\/#primaryimage\"},\"thumbnailUrl\":\"https:\\\/\\\/www.cfg.edu.pl\\\/wp-content\\\/uploads\\\/2025\\\/03\\\/FB-plansza.jpg\",\"keywords\":[\"Code for Blue\",\"Do ostatniej kropli\",\"Ewa Ewart\",\"Osoba Odra\",\"Piotr Niezna\u0144ski\"],\"articleSection\":[\"Aktualno\u015bci\",\"Code for Blue\",\"Edukacja wodna\",\"Woda\"],\"inLanguage\":\"en-GB\"},{\"@type\":\"WebPage\",\"@id\":\"https:\\\/\\\/www.cfg.edu.pl\\\/blog\\\/do-ostatniej-kropli-zapraszamy-na-film-spotkanie-z-ekspertem-i-zbiorke-podpisow-na-rzecz-odry\\\/\",\"url\":\"https:\\\/\\\/www.cfg.edu.pl\\\/blog\\\/do-ostatniej-kropli-zapraszamy-na-film-spotkanie-z-ekspertem-i-zbiorke-podpisow-na-rzecz-odry\\\/\",\"name\":\"Nagradzany film Ewy Ewart w Suwa\u0142kach, Augustowie i Sejnach\",\"isPartOf\":{\"@id\":\"https:\\\/\\\/www.cfg.edu.pl\\\/#website\"},\"primaryImageOfPage\":{\"@id\":\"https:\\\/\\\/www.cfg.edu.pl\\\/blog\\\/do-ostatniej-kropli-zapraszamy-na-film-spotkanie-z-ekspertem-i-zbiorke-podpisow-na-rzecz-odry\\\/#primaryimage\"},\"image\":{\"@id\":\"https:\\\/\\\/www.cfg.edu.pl\\\/blog\\\/do-ostatniej-kropli-zapraszamy-na-film-spotkanie-z-ekspertem-i-zbiorke-podpisow-na-rzecz-odry\\\/#primaryimage\"},\"thumbnailUrl\":\"https:\\\/\\\/www.cfg.edu.pl\\\/wp-content\\\/uploads\\\/2025\\\/03\\\/FB-plansza.jpg\",\"datePublished\":\"2025-03-25T13:13:41+00:00\",\"dateModified\":\"2025-03-26T13:25:25+00:00\",\"description\":\"Zapraszamy na pokaz filmu \\\"Do ostatniej kropli\\\", spotkanie z Piotrem Niezna\u0144skim oraz zach\u0119camy do z\u0142o\u017cenia podpisu w sprawie rzeki Odry.\",\"breadcrumb\":{\"@id\":\"https:\\\/\\\/www.cfg.edu.pl\\\/blog\\\/do-ostatniej-kropli-zapraszamy-na-film-spotkanie-z-ekspertem-i-zbiorke-podpisow-na-rzecz-odry\\\/#breadcrumb\"},\"inLanguage\":\"en-GB\",\"potentialAction\":[{\"@type\":\"ReadAction\",\"target\":[\"https:\\\/\\\/www.cfg.edu.pl\\\/blog\\\/do-ostatniej-kropli-zapraszamy-na-film-spotkanie-z-ekspertem-i-zbiorke-podpisow-na-rzecz-odry\\\/\"]}]},{\"@type\":\"ImageObject\",\"inLanguage\":\"en-GB\",\"@id\":\"https:\\\/\\\/www.cfg.edu.pl\\\/blog\\\/do-ostatniej-kropli-zapraszamy-na-film-spotkanie-z-ekspertem-i-zbiorke-podpisow-na-rzecz-odry\\\/#primaryimage\",\"url\":\"https:\\\/\\\/www.cfg.edu.pl\\\/wp-content\\\/uploads\\\/2025\\\/03\\\/FB-plansza.jpg\",\"contentUrl\":\"https:\\\/\\\/www.cfg.edu.pl\\\/wp-content\\\/uploads\\\/2025\\\/03\\\/FB-plansza.jpg\",\"width\":1200,\"height\":628},{\"@type\":\"BreadcrumbList\",\"@id\":\"https:\\\/\\\/www.cfg.edu.pl\\\/blog\\\/do-ostatniej-kropli-zapraszamy-na-film-spotkanie-z-ekspertem-i-zbiorke-podpisow-na-rzecz-odry\\\/#breadcrumb\",\"itemListElement\":[{\"@type\":\"ListItem\",\"position\":1,\"name\":\"Home\",\"item\":\"https:\\\/\\\/www.cfg.edu.pl\\\/\"},{\"@type\":\"ListItem\",\"position\":2,\"name\":\"&#8222;Do ostatniej kropli&#8221;\u00a0\u2013\u00a0zapraszamy na\u00a0film, spotkanie z ekspertem i zbi\u00f3rk\u0119\u00a0podpis\u00f3w na rzecz Odry\"}]},{\"@type\":\"WebSite\",\"@id\":\"https:\\\/\\\/www.cfg.edu.pl\\\/#website\",\"url\":\"https:\\\/\\\/www.cfg.edu.pl\\\/\",\"name\":\"Fundacja Code for Green\",\"description\":\"Edukacja, \u015arodowisko, Sprawczo\u015b\u0107, Technologia\",\"publisher\":{\"@id\":\"https:\\\/\\\/www.cfg.edu.pl\\\/#organization\"},\"alternateName\":\"Code for Green\",\"potentialAction\":[{\"@type\":\"SearchAction\",\"target\":{\"@type\":\"EntryPoint\",\"urlTemplate\":\"https:\\\/\\\/www.cfg.edu.pl\\\/?s={search_term_string}\"},\"query-input\":{\"@type\":\"PropertyValueSpecification\",\"valueRequired\":true,\"valueName\":\"search_term_string\"}}],\"inLanguage\":\"en-GB\"},{\"@type\":\"Organization\",\"@id\":\"https:\\\/\\\/www.cfg.edu.pl\\\/#organization\",\"name\":\"Code for Green\",\"alternateName\":\"Fundacja Forum Inicjatyw Spo\u0142ecznych\",\"url\":\"https:\\\/\\\/www.cfg.edu.pl\\\/\",\"logo\":{\"@type\":\"ImageObject\",\"inLanguage\":\"en-GB\",\"@id\":\"https:\\\/\\\/www.cfg.edu.pl\\\/#\\\/schema\\\/logo\\\/image\\\/\",\"url\":\"https:\\\/\\\/www.cfg.edu.pl\\\/wp-content\\\/uploads\\\/2024\\\/02\\\/FUNDACJA_Code_for_Green_logo.svg\",\"contentUrl\":\"https:\\\/\\\/www.cfg.edu.pl\\\/wp-content\\\/uploads\\\/2024\\\/02\\\/FUNDACJA_Code_for_Green_logo.svg\",\"width\":236,\"height\":111,\"caption\":\"Code for Green\"},\"image\":{\"@id\":\"https:\\\/\\\/www.cfg.edu.pl\\\/#\\\/schema\\\/logo\\\/image\\\/\"},\"sameAs\":[\"https:\\\/\\\/www.facebook.com\\\/FundacjaForumInicjatywSpolecznych\\\/\",\"https:\\\/\\\/www.youtube.com\\\/@fundacjaforuminicjatywspoe6910\\\/featured\"],\"description\":\"Jeste\u015bmy polsk\u0105 organizacj\u0105 non-profit, kt\u00f3ra od 2018 roku aktywnie wprowadza sprawcza edukacj\u0119 \u015brodowiskow\u0105 do szk\u00f3\u0142, by m\u0142odzi potrafili rozwi\u0105zywa\u0107 lokalne problemy wykorzystuj\u0105c technologie cyfrowe. Kszta\u0142cimy nauczycieli \u2013 przekszta\u0142camy szko\u0142\u0119 w centrum edukacji \u015brodowiskowej.\",\"email\":\"biuro@ffis.edu.pl\",\"legalName\":\"Fundacja Forum Inicjatyw Spo\u0142ecznych\",\"vatID\":\"PL8442359966\",\"taxID\":\"8442359966\"},{\"@type\":\"Person\",\"@id\":\"https:\\\/\\\/www.cfg.edu.pl\\\/#\\\/schema\\\/person\\\/fdc9fdf7fb9849e5a56520737e800c31\",\"name\":\"Iwona Danilewicz\",\"image\":{\"@type\":\"ImageObject\",\"inLanguage\":\"en-GB\",\"@id\":\"https:\\\/\\\/secure.gravatar.com\\\/avatar\\\/2ae8921d776b718c1a50fff3daae571e64f82b2a3f1f3de3f168bdd28d48343d?s=96&d=mm&r=g\",\"url\":\"https:\\\/\\\/secure.gravatar.com\\\/avatar\\\/2ae8921d776b718c1a50fff3daae571e64f82b2a3f1f3de3f168bdd28d48343d?s=96&d=mm&r=g\",\"contentUrl\":\"https:\\\/\\\/secure.gravatar.com\\\/avatar\\\/2ae8921d776b718c1a50fff3daae571e64f82b2a3f1f3de3f168bdd28d48343d?s=96&d=mm&r=g\",\"caption\":\"Iwona Danilewicz\"}}]}<\/script>\n<!-- \/ Yoast SEO Premium plugin. -->","yoast_head_json":{"title":"Nagradzany film Ewy Ewart w Suwa\u0142kach, Augustowie i Sejnach","description":"Zapraszamy na pokaz filmu \"Do ostatniej kropli\", spotkanie z Piotrem Niezna\u0144skim oraz zach\u0119camy do z\u0142o\u017cenia podpisu w sprawie rzeki Odry.","robots":{"index":"index","follow":"follow","max-snippet":"max-snippet:-1","max-image-preview":"max-image-preview:large","max-video-preview":"max-video-preview:-1"},"canonical":"https:\/\/www.cfg.edu.pl\/eng\/blog\/do-ostatniej-kropli-zapraszamy-na-film-spotkanie-z-ekspertem-i-zbiorke-podpisow-na-rzecz-odry\/","og_locale":"en_GB","og_type":"article","og_title":"\"Do ostatniej kropli\"\u00a0\u2013\u00a0zapraszamy na\u00a0film, spotkanie z ekspertem i zbi\u00f3rk\u0119\u00a0podpis\u00f3w na rzecz Odry","og_description":"Zapraszamy na pokaz filmu \"Do ostatniej kropli\", spotkanie z Piotrem Niezna\u0144skim oraz zach\u0119camy do z\u0142o\u017cenia podpisu w sprawie rzeki Odry.","og_url":"https:\/\/www.cfg.edu.pl\/eng\/blog\/do-ostatniej-kropli-zapraszamy-na-film-spotkanie-z-ekspertem-i-zbiorke-podpisow-na-rzecz-odry\/","og_site_name":"Code for Green","article_publisher":"https:\/\/www.facebook.com\/FundacjaForumInicjatywSpolecznych\/","article_published_time":"2025-03-25T13:13:41+00:00","article_modified_time":"2025-03-26T13:25:25+00:00","og_image":[{"width":1200,"height":628,"url":"https:\/\/www.cfg.edu.pl\/wp-content\/uploads\/2025\/03\/FB-plansza.jpg","type":"image\/jpeg"}],"author":"Iwona Danilewicz","twitter_card":"summary_large_image","twitter_misc":{"Written by":"Iwona Danilewicz","Est. reading time":"8 minutes"},"schema":{"@context":"https:\/\/schema.org","@graph":[{"@type":"Article","@id":"https:\/\/www.cfg.edu.pl\/blog\/do-ostatniej-kropli-zapraszamy-na-film-spotkanie-z-ekspertem-i-zbiorke-podpisow-na-rzecz-odry\/#article","isPartOf":{"@id":"https:\/\/www.cfg.edu.pl\/blog\/do-ostatniej-kropli-zapraszamy-na-film-spotkanie-z-ekspertem-i-zbiorke-podpisow-na-rzecz-odry\/"},"author":{"name":"Iwona Danilewicz","@id":"https:\/\/www.cfg.edu.pl\/#\/schema\/person\/fdc9fdf7fb9849e5a56520737e800c31"},"headline":"&#8222;Do ostatniej kropli&#8221;\u00a0\u2013\u00a0zapraszamy na\u00a0film, spotkanie z ekspertem i zbi\u00f3rk\u0119\u00a0podpis\u00f3w na rzecz Odry","datePublished":"2025-03-25T13:13:41+00:00","dateModified":"2025-03-26T13:25:25+00:00","mainEntityOfPage":{"@id":"https:\/\/www.cfg.edu.pl\/blog\/do-ostatniej-kropli-zapraszamy-na-film-spotkanie-z-ekspertem-i-zbiorke-podpisow-na-rzecz-odry\/"},"wordCount":914,"publisher":{"@id":"https:\/\/www.cfg.edu.pl\/#organization"},"image":{"@id":"https:\/\/www.cfg.edu.pl\/blog\/do-ostatniej-kropli-zapraszamy-na-film-spotkanie-z-ekspertem-i-zbiorke-podpisow-na-rzecz-odry\/#primaryimage"},"thumbnailUrl":"https:\/\/www.cfg.edu.pl\/wp-content\/uploads\/2025\/03\/FB-plansza.jpg","keywords":["Code for Blue","Do ostatniej kropli","Ewa Ewart","Osoba Odra","Piotr Niezna\u0144ski"],"articleSection":["Aktualno\u015bci","Code for Blue","Edukacja wodna","Woda"],"inLanguage":"en-GB"},{"@type":"WebPage","@id":"https:\/\/www.cfg.edu.pl\/blog\/do-ostatniej-kropli-zapraszamy-na-film-spotkanie-z-ekspertem-i-zbiorke-podpisow-na-rzecz-odry\/","url":"https:\/\/www.cfg.edu.pl\/blog\/do-ostatniej-kropli-zapraszamy-na-film-spotkanie-z-ekspertem-i-zbiorke-podpisow-na-rzecz-odry\/","name":"Nagradzany film Ewy Ewart w Suwa\u0142kach, Augustowie i Sejnach","isPartOf":{"@id":"https:\/\/www.cfg.edu.pl\/#website"},"primaryImageOfPage":{"@id":"https:\/\/www.cfg.edu.pl\/blog\/do-ostatniej-kropli-zapraszamy-na-film-spotkanie-z-ekspertem-i-zbiorke-podpisow-na-rzecz-odry\/#primaryimage"},"image":{"@id":"https:\/\/www.cfg.edu.pl\/blog\/do-ostatniej-kropli-zapraszamy-na-film-spotkanie-z-ekspertem-i-zbiorke-podpisow-na-rzecz-odry\/#primaryimage"},"thumbnailUrl":"https:\/\/www.cfg.edu.pl\/wp-content\/uploads\/2025\/03\/FB-plansza.jpg","datePublished":"2025-03-25T13:13:41+00:00","dateModified":"2025-03-26T13:25:25+00:00","description":"Zapraszamy na pokaz filmu \"Do ostatniej kropli\", spotkanie z Piotrem Niezna\u0144skim oraz zach\u0119camy do z\u0142o\u017cenia podpisu w sprawie rzeki Odry.","breadcrumb":{"@id":"https:\/\/www.cfg.edu.pl\/blog\/do-ostatniej-kropli-zapraszamy-na-film-spotkanie-z-ekspertem-i-zbiorke-podpisow-na-rzecz-odry\/#breadcrumb"},"inLanguage":"en-GB","potentialAction":[{"@type":"ReadAction","target":["https:\/\/www.cfg.edu.pl\/blog\/do-ostatniej-kropli-zapraszamy-na-film-spotkanie-z-ekspertem-i-zbiorke-podpisow-na-rzecz-odry\/"]}]},{"@type":"ImageObject","inLanguage":"en-GB","@id":"https:\/\/www.cfg.edu.pl\/blog\/do-ostatniej-kropli-zapraszamy-na-film-spotkanie-z-ekspertem-i-zbiorke-podpisow-na-rzecz-odry\/#primaryimage","url":"https:\/\/www.cfg.edu.pl\/wp-content\/uploads\/2025\/03\/FB-plansza.jpg","contentUrl":"https:\/\/www.cfg.edu.pl\/wp-content\/uploads\/2025\/03\/FB-plansza.jpg","width":1200,"height":628},{"@type":"BreadcrumbList","@id":"https:\/\/www.cfg.edu.pl\/blog\/do-ostatniej-kropli-zapraszamy-na-film-spotkanie-z-ekspertem-i-zbiorke-podpisow-na-rzecz-odry\/#breadcrumb","itemListElement":[{"@type":"ListItem","position":1,"name":"Home","item":"https:\/\/www.cfg.edu.pl\/"},{"@type":"ListItem","position":2,"name":"&#8222;Do ostatniej kropli&#8221;\u00a0\u2013\u00a0zapraszamy na\u00a0film, spotkanie z ekspertem i zbi\u00f3rk\u0119\u00a0podpis\u00f3w na rzecz Odry"}]},{"@type":"WebSite","@id":"https:\/\/www.cfg.edu.pl\/#website","url":"https:\/\/www.cfg.edu.pl\/","name":"Code for Green Foundation","description":"Edukacja, \u015arodowisko, Sprawczo\u015b\u0107, Technologia","publisher":{"@id":"https:\/\/www.cfg.edu.pl\/#organization"},"alternateName":"Code for Green","potentialAction":[{"@type":"SearchAction","target":{"@type":"EntryPoint","urlTemplate":"https:\/\/www.cfg.edu.pl\/?s={search_term_string}"},"query-input":{"@type":"PropertyValueSpecification","valueRequired":true,"valueName":"search_term_string"}}],"inLanguage":"en-GB"},{"@type":"Organization","@id":"https:\/\/www.cfg.edu.pl\/#organization","name":"Code for Green","alternateName":"Fundacja Forum Inicjatyw Spo\u0142ecznych","url":"https:\/\/www.cfg.edu.pl\/","logo":{"@type":"ImageObject","inLanguage":"en-GB","@id":"https:\/\/www.cfg.edu.pl\/#\/schema\/logo\/image\/","url":"https:\/\/www.cfg.edu.pl\/wp-content\/uploads\/2024\/02\/FUNDACJA_Code_for_Green_logo.svg","contentUrl":"https:\/\/www.cfg.edu.pl\/wp-content\/uploads\/2024\/02\/FUNDACJA_Code_for_Green_logo.svg","width":236,"height":111,"caption":"Code for Green"},"image":{"@id":"https:\/\/www.cfg.edu.pl\/#\/schema\/logo\/image\/"},"sameAs":["https:\/\/www.facebook.com\/FundacjaForumInicjatywSpolecznych\/","https:\/\/www.youtube.com\/@fundacjaforuminicjatywspoe6910\/featured"],"description":"Jeste\u015bmy polsk\u0105 organizacj\u0105 non-profit, kt\u00f3ra od 2018 roku aktywnie wprowadza sprawcza edukacj\u0119 \u015brodowiskow\u0105 do szk\u00f3\u0142, by m\u0142odzi potrafili rozwi\u0105zywa\u0107 lokalne problemy wykorzystuj\u0105c technologie cyfrowe. Kszta\u0142cimy nauczycieli \u2013 przekszta\u0142camy szko\u0142\u0119 w centrum edukacji \u015brodowiskowej.","email":"biuro@ffis.edu.pl","legalName":"Fundacja Forum Inicjatyw Spo\u0142ecznych","vatID":"PL8442359966","taxID":"8442359966"},{"@type":"Person","@id":"https:\/\/www.cfg.edu.pl\/#\/schema\/person\/fdc9fdf7fb9849e5a56520737e800c31","name":"Iwona Danilewicz","image":{"@type":"ImageObject","inLanguage":"en-GB","@id":"https:\/\/secure.gravatar.com\/avatar\/2ae8921d776b718c1a50fff3daae571e64f82b2a3f1f3de3f168bdd28d48343d?s=96&d=mm&r=g","url":"https:\/\/secure.gravatar.com\/avatar\/2ae8921d776b718c1a50fff3daae571e64f82b2a3f1f3de3f168bdd28d48343d?s=96&d=mm&r=g","contentUrl":"https:\/\/secure.gravatar.com\/avatar\/2ae8921d776b718c1a50fff3daae571e64f82b2a3f1f3de3f168bdd28d48343d?s=96&d=mm&r=g","caption":"Iwona Danilewicz"}}]}},"_links":{"self":[{"href":"https:\/\/www.cfg.edu.pl\/eng\/wp-json\/wp\/v2\/posts\/6577","targetHints":{"allow":["GET"]}}],"collection":[{"href":"https:\/\/www.cfg.edu.pl\/eng\/wp-json\/wp\/v2\/posts"}],"about":[{"href":"https:\/\/www.cfg.edu.pl\/eng\/wp-json\/wp\/v2\/types\/post"}],"author":[{"embeddable":true,"href":"https:\/\/www.cfg.edu.pl\/eng\/wp-json\/wp\/v2\/users\/8"}],"replies":[{"embeddable":true,"href":"https:\/\/www.cfg.edu.pl\/eng\/wp-json\/wp\/v2\/comments?post=6577"}],"version-history":[{"count":2,"href":"https:\/\/www.cfg.edu.pl\/eng\/wp-json\/wp\/v2\/posts\/6577\/revisions"}],"predecessor-version":[{"id":6589,"href":"https:\/\/www.cfg.edu.pl\/eng\/wp-json\/wp\/v2\/posts\/6577\/revisions\/6589"}],"wp:featuredmedia":[{"embeddable":true,"href":"https:\/\/www.cfg.edu.pl\/eng\/wp-json\/wp\/v2\/media\/6588"}],"wp:attachment":[{"href":"https:\/\/www.cfg.edu.pl\/eng\/wp-json\/wp\/v2\/media?parent=6577"}],"wp:term":[{"taxonomy":"category","embeddable":true,"href":"https:\/\/www.cfg.edu.pl\/eng\/wp-json\/wp\/v2\/categories?post=6577"},{"taxonomy":"post_tag","embeddable":true,"href":"https:\/\/www.cfg.edu.pl\/eng\/wp-json\/wp\/v2\/tags?post=6577"}],"curies":[{"name":"wp","href":"https:\/\/api.w.org\/{rel}","templated":true}]}}