{"id":6820,"date":"2025-05-26T12:54:20","date_gmt":"2025-05-26T10:54:20","guid":{"rendered":"https:\/\/www.cfg.edu.pl\/?p=6820"},"modified":"2025-05-26T13:21:19","modified_gmt":"2025-05-26T11:21:19","slug":"dbaj-o-wode-z-ewa-ewart-szukamy-szkol-do-programu-code-for-blue","status":"publish","type":"post","link":"https:\/\/www.cfg.edu.pl\/eng\/blog\/dbaj-o-wode-z-ewa-ewart-szukamy-szkol-do-programu-code-for-blue\/","title":{"rendered":"Take Care of Water with Ewa Ewart! We\u2019re Looking for Schools to Join the Code For Blue Program"},"content":{"rendered":"<h3 class=\"s9\" style=\"text-align: justify;\"><span class=\"s7\">Czy szko<\/span><span class=\"s7\">\u0142<\/span><span class=\"s7\">a mo<\/span><span class=\"s7\">\u017c<\/span><span class=\"s7\">e przywr<\/span><span class=\"s7\">\u00f3<\/span><span class=\"s7\">ci<\/span><span class=\"s7\">\u0107 <\/span><span class=\"s7\">wodzie nale<\/span><span class=\"s7\">\u017c<\/span><span class=\"s7\">ne miejsce w <\/span><span class=\"s7\">\u015b<\/span><span class=\"s7\">wiecie?<\/span><span class=\"s4\"> Mo<\/span><span class=\"s4\">\u017c<\/span><span class=\"s4\">'s <\/span><span class=\"s4\">\u2013 <\/span><span class=\"s4\">je<\/span><span class=\"s4\">\u015b<\/span><span class=\"s4\">li tylko damy uczniom przestrze<\/span><span class=\"s4\">\u0144 <\/span><span class=\"s4\">do dzia<\/span><span class=\"s4\">\u0142<\/span><span class=\"s4\">ania, zaufanie i wiedz<\/span><span class=\"s4\">\u0119<\/span><span class=\"s4\">. W programie Code for Blue m<\/span><span class=\"s4\">\u0142<\/span><span class=\"s4\">odzi ludzie projektuj<\/span><span class=\"s4\">\u0105 <\/span><span class=\"s4\">realne rozwi<\/span><span class=\"s4\">\u0105<\/span><span class=\"s4\">zania: tworz<\/span><span class=\"s4\">\u0105 <\/span><span class=\"s4\">ceg<\/span><span class=\"s4\">\u0142<\/span><span class=\"s4\">y retencyjne, projekty k<\/span><span class=\"s4\">\u0142<\/span><span class=\"s4\">adki z ekomateria<\/span><span class=\"s4\">\u0142\u00f3<\/span><span class=\"s4\">w, planuj<\/span><span class=\"s4\">\u0105 <\/span><span class=\"s4\">nowe zagospodarowanie teren<\/span><span class=\"s4\">\u00f3<\/span><span class=\"s4\">w wok<\/span><span class=\"s4\">\u00f3\u0142 <\/span><span class=\"s4\">zalew<\/span><span class=\"s4\">\u00f3<\/span><span class=\"s4\">w i staw<\/span><span class=\"s4\">\u00f3<\/span><span class=\"s4\">w. Po pilota<\/span><span class=\"s4\">\u017c<\/span><span class=\"s4\">u w 10 szko<\/span><span class=\"s4\">\u0142<\/span><span class=\"s4\">ach, ruszamy z nowym naborem <\/span><span class=\"s4\">\u2013 <\/span><span class=\"s4\">tym razem <strong>szukamy 15 szk<\/strong><\/span><strong><span class=\"s4\">\u00f3\u0142 <\/span><span class=\"s4\">z wojew<\/span><span class=\"s4\">\u00f3<\/span><span class=\"s4\">dztwa podlaskiego i nauczycieli, kt<\/span><span class=\"s4\">\u00f3<\/span><span class=\"s4\">rzy chc<\/span><span class=\"s4\">\u0105 <\/span><span class=\"s4\">uczy<\/span><span class=\"s4\">\u0107 <\/span><span class=\"s4\">o wodzie inaczej <\/span><span class=\"s4\">\u2013 <\/span><span class=\"s4\">przez sprawczo<\/span><span class=\"s4\">\u015b\u0107<\/span><span class=\"s4\">, wsp<\/span><span class=\"s4\">\u00f3\u0142<\/span><span class=\"s4\">prac<\/span><span class=\"s4\">\u0119 <\/span><span class=\"s4\">i odwag<\/span><span class=\"s4\">\u0119 <\/span><span class=\"s4\">zmieniania swojego otoczenia.<\/span><span class=\"s8\">\u00a0\u00a0\u00a0<\/span><\/strong><\/h3>\n<p><img fetchpriority=\"high\" decoding=\"async\" class=\"aligncenter size-large wp-image-6688\" src=\"https:\/\/www.cfg.edu.pl\/wp-content\/uploads\/2025\/04\/NOWE_FIO_zestawienie_2_KOLOR-1024x449.png\" alt=\"\" width=\"800\" height=\"351\" srcset=\"https:\/\/www.cfg.edu.pl\/wp-content\/uploads\/2025\/04\/NOWE_FIO_zestawienie_2_KOLOR-1024x449.png 1024w, https:\/\/www.cfg.edu.pl\/wp-content\/uploads\/2025\/04\/NOWE_FIO_zestawienie_2_KOLOR-300x131.png 300w, https:\/\/www.cfg.edu.pl\/wp-content\/uploads\/2025\/04\/NOWE_FIO_zestawienie_2_KOLOR-768x337.png 768w, https:\/\/www.cfg.edu.pl\/wp-content\/uploads\/2025\/04\/NOWE_FIO_zestawienie_2_KOLOR-1536x673.png 1536w, https:\/\/www.cfg.edu.pl\/wp-content\/uploads\/2025\/04\/NOWE_FIO_zestawienie_2_KOLOR.png 2048w, https:\/\/www.cfg.edu.pl\/wp-content\/uploads\/2025\/04\/NOWE_FIO_zestawienie_2_KOLOR-18x8.png 18w, https:\/\/www.cfg.edu.pl\/wp-content\/uploads\/2025\/04\/NOWE_FIO_zestawienie_2_KOLOR-600x263.png 600w\" sizes=\"(max-width: 800px) 100vw, 800px\" \/><\/p>\n<p class=\"s11\" style=\"text-align: justify;\"><strong><span class=\"s10\">Na czym polega Code for Blue?<\/span><span class=\"s10\">\u00a0\u00a0<\/span><\/strong><\/p>\n<p class=\"s9\" style=\"text-align: justify;\"><span class=\"s8\">Program <\/span><span class=\"s10\">Code for Blue<\/span><span class=\"s8\"> opiera si<\/span><span class=\"s8\">\u0119 <\/span><span class=\"s8\">na metodzie edukacji <\/span><span class=\"s8\">\u015b<\/span><span class=\"s8\">rodowiskowej, kt<\/span><span class=\"s8\">\u00f3<\/span><span class=\"s8\">ra wychodzi poza ramy tradycyjnych lekcji. <\/span><span class=\"s8\">\u0141\u0105<\/span><span class=\"s8\">czy opowie<\/span><span class=\"s8\">\u015b\u0107 <\/span><span class=\"s8\">filmow<\/span><span class=\"s8\">\u0105 <\/span><span class=\"s8\">z dzia<\/span><span class=\"s8\">\u0142<\/span><span class=\"s8\">aniem <\/span><span class=\"s8\">\u2013 <\/span><span class=\"s8\">uruchamia emocje, budzi ciekawo<\/span><span class=\"s8\">\u015b\u0107<\/span><span class=\"s8\">, a przede wszystkim sk<\/span><span class=\"s8\">\u0142<\/span><span class=\"s8\">ania do szukania rozwi<\/span><span class=\"s8\">\u0105<\/span><span class=\"s8\">za<\/span><span class=\"s8\">\u0144<\/span><span class=\"s8\">. Uczniowie ucz<\/span><span class=\"s8\">\u0105 <\/span><span class=\"s8\">si<\/span><span class=\"s8\">\u0119 <\/span><span class=\"s8\">empatii, krytycznego i kreatywnego my<\/span><span class=\"s8\">\u015b<\/span><span class=\"s8\">lenia, a tak<\/span><span class=\"s8\">\u017c<\/span><span class=\"s8\">e wsp<\/span><span class=\"s8\">\u00f3\u0142<\/span><span class=\"s8\">pracy i odpowiedzialno<\/span><span class=\"s8\">\u015b<\/span><span class=\"s8\">ci. Wszystko po to, by rozwija<\/span><span class=\"s8\">\u0107 <\/span><span class=\"s8\">w nich kompetencj<\/span><span class=\"s8\">\u0119 <\/span><span class=\"s8\">kluczow<\/span><span class=\"s8\">\u0105 <\/span><span class=\"s8\">dla przysz<\/span><span class=\"s8\">\u0142<\/span><span class=\"s8\">o<\/span><span class=\"s8\">\u015b<\/span><span class=\"s8\">ci <\/span><span class=\"s8\">\u2013 <\/span><span class=\"s8\">sprawczo<\/span><span class=\"s8\">\u015b\u0107<\/span><span class=\"s8\">, czyli zdolno<\/span><span class=\"s8\">\u015b\u0107 <\/span><span class=\"s8\">do inicjowania i przeprowadzania realnych zmian w swoim otoczeniu.<\/span><span class=\"s8\">\u00a0<\/span><\/p>\n<p class=\"s13\" style=\"text-align: justify;\"><span class=\"s8\">Inspiracj<\/span><span class=\"s8\">\u0105 <\/span><span class=\"s8\">do dzia<\/span><span class=\"s8\">\u0142<\/span><span class=\"s8\">ania jest film dokumentalny <\/span><span class=\"s10\">\u201e<\/span><span class=\"s10\">Do ostatniej kropli<\/span><span class=\"s10\">\u201d<\/span><span class=\"s8\"> w re<\/span><span class=\"s8\">\u017c<\/span><span class=\"s8\">yserii Ewy Ewart i inne kr<\/span><span class=\"s8\">\u00f3<\/span><span class=\"s8\">tkie dokumenty jej autorstwa. Ten przejmuj<\/span><span class=\"s8\">\u0105<\/span><span class=\"s8\">cy obraz staje si<\/span><span class=\"s8\">\u0119 <\/span><span class=\"s8\">punktem wyj<\/span><span class=\"s8\">\u015b<\/span><span class=\"s8\">cia do rozm<\/span><span class=\"s8\">\u00f3<\/span><span class=\"s8\">w o wodzie, rzekach i zagro<\/span><span class=\"s8\">\u017c<\/span><span class=\"s8\">eniach dla zasob<\/span><span class=\"s8\">\u00f3<\/span><span class=\"s8\">w wodnych. Uczniowie szk<\/span><span class=\"s8\">\u00f3\u0142 <\/span><span class=\"s8\">podstawowych i <\/span><span class=\"s8\">\u015b<\/span><span class=\"s8\">rednich nie tylko analizuj<\/span><span class=\"s8\">\u0105 <\/span><span class=\"s8\">problemy, ale <\/span><span class=\"s8\">\u2013 <\/span><span class=\"s8\">co wa<\/span><span class=\"s8\">\u017c<\/span><span class=\"s8\">niejsze <\/span><span class=\"s8\">\u2013 <\/span><span class=\"s8\">szukaj<\/span><span class=\"s8\">\u0105 <\/span><span class=\"s8\">rozwi<\/span><span class=\"s8\">\u0105<\/span><span class=\"s8\">za<\/span><span class=\"s8\">\u0144<\/span><span class=\"s8\">, kt<\/span><span class=\"s8\">\u00f3<\/span><span class=\"s8\">re mo<\/span><span class=\"s8\">\u017c<\/span><span class=\"s8\">na wdro<\/span><span class=\"s8\">\u017c<\/span><span class=\"s8\">y<\/span><span class=\"s8\">\u0107 <\/span><span class=\"s8\">lokalnie.<\/span><span class=\"s8\">\u00a0<\/span><\/p>\n<p class=\"s13\" style=\"text-align: justify;\">Obejrzyj zwiastun:<\/p>\n\n\n<figure class=\"wp-block-embed is-type-video is-provider-youtube wp-block-embed-youtube wp-embed-aspect-16-9 wp-has-aspect-ratio\"><div class=\"wp-block-embed__wrapper\">\n<iframe title=\"DO OSTATNIEJ KROPLI TRAILER\" width=\"800\" height=\"450\" src=\"https:\/\/www.youtube.com\/embed\/35ckNN2zfVg?feature=oembed\" frameborder=\"0\" allow=\"accelerometer; autoplay; clipboard-write; encrypted-media; gyroscope; picture-in-picture; web-share\" referrerpolicy=\"strict-origin-when-cross-origin\" allowfullscreen><\/iframe>\n<\/div><\/figure>\n\n\n<p class=\"s9\" style=\"text-align: justify;\"><span class=\"s8\">Code for Blue oferuje r<\/span><span class=\"s8\">\u00f3<\/span><span class=\"s8\">wnie<\/span><span class=\"s8\">\u017c <\/span><span class=\"s8\">pe<\/span><span class=\"s8\">\u0142<\/span><span class=\"s8\">ne wsparcie dla nauczycieli. Szkolenia, warsztaty i mentoring ekspert<\/span><span class=\"s8\">\u00f3<\/span><span class=\"s8\">w z r<\/span><span class=\"s8\">\u00f3\u017c<\/span><span class=\"s8\">nych dziedzin, a tak<\/span><span class=\"s8\">\u017c<\/span><span class=\"s8\">e szkolenia na platformie e-learningowej pomagaj<\/span><span class=\"s8\">\u0105 <\/span><span class=\"s8\">im zbudowa<\/span><span class=\"s8\">\u0107 <\/span><span class=\"s8\">solidne podstawy merytoryczne i metodyczne. Dzi<\/span><span class=\"s8\">\u0119<\/span><span class=\"s8\">ki temu nauczyciele staj<\/span><span class=\"s8\">\u0105 <\/span><span class=\"s8\">si<\/span><span class=\"s8\">\u0119 <\/span><span class=\"s8\">nie tylko przewodnikami w procesie edukacyjnym, ale te<\/span><span class=\"s8\">\u017c <\/span><span class=\"s8\">partnerami w dzia<\/span><span class=\"s8\">\u0142<\/span><span class=\"s8\">aniu.<\/span><span class=\"s8\">\u00a0<\/span><\/p>\n<p class=\"s9\" style=\"text-align: justify;\"><span class=\"s8\">Wa<\/span><span class=\"s8\">\u017c<\/span><span class=\"s8\">nym etapem programu jest projektowanie i wdra<\/span><span class=\"s8\">\u017c<\/span><span class=\"s8\">anie uczniowskich inicjatyw. W pilota<\/span><span class=\"s8\">\u017c<\/span><span class=\"s8\">owych edycjach powsta<\/span><span class=\"s8\">\u0142<\/span><span class=\"s8\">y m.in. ceg<\/span><span class=\"s8\">\u0142<\/span><span class=\"s8\">y retencyjne, projekty k<\/span><span class=\"s8\">\u0142<\/span><span class=\"s8\">adki z ekomateria<\/span><span class=\"s8\">\u0142\u00f3<\/span><span class=\"s8\">w,<\/span><span class=\"s8\">\u00a0 <\/span><span class=\"s8\">makiety zagospodarowania staw<\/span><span class=\"s8\">\u00f3<\/span><span class=\"s8\">w i zalew<\/span><span class=\"s8\">\u00f3<\/span><span class=\"s8\">w oraz <\/span><span class=\"s8\">\u201e<\/span><span class=\"s8\">odbetonowania<\/span><span class=\"s8\">\u201d <\/span><span class=\"s8\">rynk<\/span><span class=\"s8\">\u00f3<\/span><span class=\"s8\">w. Te dzia<\/span><span class=\"s8\">\u0142<\/span><span class=\"s8\">ania pokazuj<\/span><span class=\"s8\">\u0105<\/span><span class=\"s8\">, <\/span><span class=\"s8\">\u017c<\/span><span class=\"s8\">e m<\/span><span class=\"s8\">\u0142<\/span><span class=\"s8\">odzie<\/span><span class=\"s8\">\u017c \u2013 <\/span><span class=\"s8\">przy odpowiednim wsparciu <\/span><span class=\"s8\">\u2013 <\/span><span class=\"s8\">potrafi zaprojektowa<\/span><span class=\"s8\">\u0107 <\/span><span class=\"s8\">zmiany, kt<\/span><span class=\"s8\">\u00f3<\/span><span class=\"s8\">re maj<\/span><span class=\"s8\">\u0105 <\/span><span class=\"s8\">znaczenie dla ca<\/span><span class=\"s8\">\u0142<\/span><span class=\"s8\">ej spo<\/span><span class=\"s8\">\u0142<\/span><span class=\"s8\">eczno<\/span><span class=\"s8\">\u015b<\/span><span class=\"s8\">ci.<\/span><span class=\"s8\">\u00a0<\/span><\/p>\n<p class=\"s11\" style=\"text-align: justify;\"><strong><span class=\"s10\">Korzy<\/span><span class=\"s10\">\u015b<\/span><span class=\"s10\">ci dla szk<\/span><span class=\"s10\">\u00f3\u0142<\/span><span class=\"s10\">:<\/span><\/strong><\/p>\n<p><span class=\"s8\">Udzia<\/span><span class=\"s8\">\u0142 <\/span><span class=\"s8\">w programie Code for Blue to wyj<\/span><span class=\"s8\">\u0105<\/span><span class=\"s8\">tkowa szansa dla szk<\/span><span class=\"s8\">\u00f3\u0142<\/span><span class=\"s8\">, kt<\/span><span class=\"s8\">\u00f3<\/span><span class=\"s8\">ra przynosi szereg korzy<\/span><span class=\"s8\">\u015b<\/span><span class=\"s8\">ci:<\/span><span class=\"s8\">\u00a0\u00a0<\/span><\/p>\n<ul>\n<li><span class=\"s8\">Realizacja podstawy programowej w anga<\/span><span class=\"s8\">\u017c<\/span><span class=\"s8\">uj<\/span><span class=\"s8\">\u0105<\/span><span class=\"s8\">cy, ciekawy dla ucznia i nauczyciela spos<\/span><span class=\"s8\">\u00f3<\/span><span class=\"s8\">b.<\/span><span class=\"s8\">\u00a0\u00a0<\/span><\/li>\n<li>Udzia\u0142 w programie <strong data-start=\"167\" data-end=\"184\">Code for Blue<\/strong> jest bezp\u0142atny \u2013 szko\u0142y nie ponosz\u0105 koszt\u00f3w uczestnictwa.<\/li>\n<li><span class=\"s8\">Wprowadzenie nowych, innowacyjnych metod kszta<\/span><span class=\"s8\">\u0142<\/span><span class=\"s8\">cenia.<\/span><span class=\"s8\">\u00a0\u00a0<\/span><\/li>\n<li><span class=\"s8\">Przeciwdzia<\/span><span class=\"s8\">\u0142<\/span><span class=\"s8\">anie wypaleniu zawodowemu nauczycieli dzi<\/span><span class=\"s8\">\u0119<\/span><span class=\"s8\">ki realnym narz<\/span><span class=\"s8\">\u0119<\/span><span class=\"s8\">dziom do pracy z uczniem.<\/span><span class=\"s8\">\u00a0\u00a0<\/span><\/li>\n<li><span class=\"s8\">Rozw<\/span><span class=\"s8\">\u00f3<\/span><span class=\"s8\">j kluczowych kompetencji, niezb<\/span><span class=\"s8\">\u0119<\/span><span class=\"s8\">dnych na nowym zielonym rynku pracy: sprawczo<\/span><span class=\"s8\">\u015b\u0107<\/span><span class=\"s8\">, umiej<\/span><span class=\"s8\">\u0119<\/span><span class=\"s8\">tno<\/span><span class=\"s8\">\u015b\u0107 <\/span><span class=\"s8\">rozwi<\/span><span class=\"s8\">\u0105<\/span><span class=\"s8\">zywania problem<\/span><span class=\"s8\">\u00f3<\/span><span class=\"s8\">w, kreatywno<\/span><span class=\"s8\">\u015b\u0107<\/span><span class=\"s8\">, krytyczne my<\/span><span class=\"s8\">\u015b<\/span><span class=\"s8\">lenie.<\/span><span class=\"s8\">\u00a0\u00a0<\/span><\/li>\n<li><span class=\"s8\">Podj<\/span><span class=\"s8\">\u0119<\/span><span class=\"s8\">cie istotnych dla otoczenia szko<\/span><span class=\"s8\">\u0142<\/span><span class=\"s8\">y temat<\/span><span class=\"s8\">\u00f3<\/span><span class=\"s8\">w.<\/span><span class=\"s8\">\u00a0\u00a0<\/span><\/li>\n<li><span class=\"s8\">Wsp<\/span><span class=\"s8\">\u00f3\u0142<\/span><span class=\"s8\">praca z innymi szko<\/span><span class=\"s8\">\u0142<\/span><span class=\"s8\">ami i networking.<\/span><span class=\"s8\">\u00a0\u00a0<\/span><\/li>\n<li><span class=\"s8\">Nauczyciele bior<\/span><span class=\"s8\">\u0105<\/span><span class=\"s8\">cy udzia<\/span><span class=\"s8\">\u0142 <\/span><span class=\"s8\">w programie otrzymaj<\/span><span class=\"s8\">\u0105 <\/span><span class=\"s8\">wynagrodzenie za przygotowanie scenariuszy zaj<\/span><span class=\"s8\">\u0119\u0107 <\/span><span class=\"s8\">i studi<\/span><span class=\"s8\">\u00f3<\/span><span class=\"s8\">w przypadku, kt<\/span><span class=\"s8\">\u00f3<\/span><span class=\"s8\">re b<\/span><span class=\"s8\">\u0119<\/span><span class=\"s8\">d<\/span><span class=\"s8\">\u0105 <\/span><span class=\"s8\">wykorzystywane w procesie edukacji.<\/span><span class=\"s8\">\u00a0<\/span><span class=\"s8\"><br \/><\/span><\/li>\n<li><span class=\"s8\">Mo<\/span><span class=\"s8\">\u017c<\/span><span class=\"s8\">liwo<\/span><span class=\"s8\">\u015b\u0107 <\/span><span class=\"s8\">zaprezentowania efekt<\/span><span class=\"s8\">\u00f3<\/span><span class=\"s8\">w projektu podczas wydarzenia ko<\/span><span class=\"s8\">\u0144<\/span><span class=\"s8\">cz<\/span><span class=\"s8\">\u0105<\/span><span class=\"s8\">cego program w czerwcu 2026 r.<\/span><\/li>\n<li><span class=\"s17\">Przygotowanie do nowej podstawy programowej.<\/span><\/li>\n<\/ul>\n<p class=\"s11\" style=\"text-align: justify;\"><strong><span class=\"s10\">Kogo szukamy?<\/span><span class=\"s10\">\u00a0<\/span><\/strong><\/p>\n<p class=\"s9\" style=\"text-align: justify;\"><span class=\"s8\">Do udzia<\/span><span class=\"s8\">\u0142<\/span><span class=\"s8\">u w programie <\/span><span class=\"s10\">zapraszamy szko<\/span><span class=\"s10\">\u0142<\/span><span class=\"s10\">y podstawowe i <\/span><span class=\"s10\">\u015b<\/span><span class=\"s10\">rednie z wojew<\/span><span class=\"s10\">\u00f3<\/span><span class=\"s10\">dztwa podlaskiego<\/span><span class=\"s8\">, szczeg<\/span><span class=\"s8\">\u00f3<\/span><span class=\"s8\">lnie z obszar<\/span><span class=\"s8\">\u00f3<\/span><span class=\"s8\">w zwi<\/span><span class=\"s8\">\u0105<\/span><span class=\"s8\">zanych z zasobami wodnymi <\/span><span class=\"s8\">\u2013 <\/span><span class=\"s8\">m.in. w s<\/span><span class=\"s8\">\u0105<\/span><span class=\"s8\">siedztwie Wigierskiego Parku Narodowego, Suwalskiego Parku Krajobrazowego, Narwia<\/span><span class=\"s8\">\u0144<\/span><span class=\"s8\">skiego i Biebrza<\/span><span class=\"s8\">\u0144<\/span><span class=\"s8\">skiego Parku Narodowego (powiaty: Sejny, Suwa<\/span><span class=\"s8\">\u0142<\/span><span class=\"s8\">ki, August<\/span><span class=\"s8\">\u00f3<\/span><span class=\"s8\">w, Rajgr<\/span><span class=\"s8\">\u00f3<\/span><span class=\"s8\">d, Mo<\/span><span class=\"s8\">\u0144<\/span><span class=\"s8\">ki, Sok<\/span><span class=\"s8\">\u00f3\u0142<\/span><span class=\"s8\">ka, <\/span><span class=\"s8\">\u0141<\/span><span class=\"s8\">om<\/span><span class=\"s8\">\u017c<\/span><span class=\"s8\">a, Grajewo, Wysokomazowiecki, Bia<\/span><span class=\"s8\">\u0142<\/span><span class=\"s8\">ostocki).<\/span><span class=\"s8\">\u00a0<\/span><\/p>\n<p class=\"s9\" style=\"text-align: justify;\"><strong><span class=\"s10\">Kryteria udzia<\/span><span class=\"s10\">\u0142<\/span><span class=\"s10\">u:<\/span><span class=\"s8\">\u00a0<\/span><\/strong><\/p>\n<ul>\n<li class=\"s9\" style=\"text-align: justify;\"><span class=\"s8\">gotowo<\/span><span class=\"s8\">\u015b\u0107 <\/span><span class=\"s8\">do prowadzenia pozalekcyjnych zaj<\/span><span class=\"s8\">\u0119\u0107 <\/span><span class=\"s8\">dla min. 10 uczni<\/span><span class=\"s8\">\u00f3<\/span><span class=\"s8\">w (10 godz.\/miesi<\/span><span class=\"s8\">\u0105<\/span><span class=\"s8\">c);<\/span><span class=\"s8\">\u00a0<\/span><span class=\"s8\"><br \/><\/span><\/li>\n<li class=\"s9\" style=\"text-align: justify;\"><span class=\"s8\">wskazanie dw<\/span><span class=\"s8\">\u00f3<\/span><span class=\"s8\">ch nauczycieli do realizacji programu;<\/span><span class=\"s8\">\u00a0<\/span><span class=\"s8\"><br \/><\/span><\/li>\n<li class=\"s9\" style=\"text-align: justify;\"><span class=\"s8\">zapewnienie przestrzeni na zaj<\/span><span class=\"s8\">\u0119<\/span><span class=\"s8\">cia i rekrutacja uczni<\/span><span class=\"s8\">\u00f3<\/span><span class=\"s8\">w;<\/span><span class=\"s8\">\u00a0<\/span><span class=\"s8\"><br \/><\/span><\/li>\n<li class=\"s9\" style=\"text-align: justify;\"><span class=\"s8\">otwarto<\/span><span class=\"s8\">\u015b\u0107 <\/span><span class=\"s8\">na wdra<\/span><span class=\"s8\">\u017c<\/span><span class=\"s8\">anie autorskiej metody Fundacji Code for Green.<\/span><span class=\"s8\">\u00a0<\/span><\/li>\n<li class=\"s20\" style=\"text-align: justify;\"><span class=\"s8\">zapewnienie sal na zaj<\/span><span class=\"s8\">\u0119<\/span><span class=\"s8\">cia oraz wsparcie w rekrutacji grupy uczni<\/span><span class=\"s8\">\u00f3<\/span><span class=\"s8\">w.<\/span><span class=\"s8\"> \u00a0<\/span><\/li>\n<\/ul>\n<p class=\"s11\" style=\"text-align: justify;\"><strong><span class=\"s10\">Co oferuje Fundacja?<\/span><span class=\"s10\">\u00a0\u00a0<\/span><\/strong><\/p>\n<p class=\"s9\" style=\"text-align: justify;\"><span class=\"s8\">W ramach programu Code for Blue Fundacja zapewnia:<\/span><span class=\"s8\">\u00a0\u00a0<\/span><\/p>\n<ul>\n<li class=\"s9\" style=\"text-align: justify;\"><span class=\"s8\">Warsztaty metodyczne dla nauczycieli stacjonarne i online<\/span><span class=\"s8\">\u00a0<\/span><\/li>\n<li class=\"s9\" style=\"text-align: justify;\"><span class=\"s8\">Dost<\/span><span class=\"s8\">\u0119<\/span><span class=\"s8\">p do kurs<\/span><span class=\"s8\">\u00f3<\/span><span class=\"s8\">w i zasob<\/span><span class=\"s8\">\u00f3<\/span><span class=\"s8\">w dedykowanych programowi na platformie e-learningowej<\/span><span class=\"s8\">\u00a0<\/span><\/li>\n<li class=\"s18\" style=\"text-align: justify;\"><span class=\"s8\">Wsparcie mentorskie przez ca<\/span><span class=\"s8\">\u0142<\/span><span class=\"s8\">y okres funkcjonowania programu.<\/span><span class=\"s8\">\u00a0<\/span><\/li>\n<li class=\"s18\" style=\"text-align: justify;\"><strong><span class=\"s10\">Sprz<\/span><span class=\"s10\">\u0119<\/span><span class=\"s10\">t i materia<\/span><span class=\"s10\">\u0142<\/span><span class=\"s10\">y do realizacji w wysoko<\/span><span class=\"s10\">\u015b<\/span><span class=\"s10\">ci 2000 z<\/span><span class=\"s10\">\u0142 <\/span><span class=\"s10\">na szko<\/span><span class=\"s10\">\u0142\u0119<\/span><span class=\"s10\">.<\/span><span class=\"s10\">\u00a0<\/span><span class=\"s8\">\u00a0<\/span><\/strong><\/li>\n<\/ul>\n<p class=\"s11\" style=\"text-align: justify;\"><strong><span class=\"s10\">Harmonogram i czas trwania programu<\/span><span class=\"s10\">\u00a0\u00a0<\/span><\/strong><\/p>\n<p class=\"s9\" style=\"text-align: justify;\"><span class=\"s8\">Program Code for Blue trwa od maja 2025 do lipca 2026. Obejmuje on nast<\/span><span class=\"s8\">\u0119<\/span><span class=\"s8\">puj<\/span><span class=\"s8\">\u0105<\/span><span class=\"s8\">ce etapy:<\/span><span class=\"s8\">\u00a0\u00a0<\/span><\/p>\n<p class=\"s9\" style=\"text-align: justify;\"><span class=\"s8\">1. Warsztaty metodyczne dla nauczycieli (koniec sierpnia\/wrzesie<\/span><span class=\"s8\">\u0144<\/span><span class=\"s8\">). <\/span><span class=\"s8\">\u00a0<\/span><\/p>\n<p class=\"s9\" style=\"text-align: justify;\"><span class=\"s8\">2. Szkolenie online dla nauczycieli (sierpie<\/span><span class=\"s8\">\u0144<\/span><span class=\"s8\">\/wrzesie<\/span><span class=\"s8\">\u0144<\/span><span class=\"s8\">).<\/span><span class=\"s8\">\u00a0\u00a0<\/span><\/p>\n<p class=\"s9\" style=\"text-align: justify;\"><span class=\"s8\">3. Realizacja zaj<\/span><span class=\"s8\">\u0119\u0107 <\/span><span class=\"s8\">pozalekcyjnych w szko<\/span><span class=\"s8\">\u0142<\/span><span class=\"s8\">ach (wrzesie<\/span><span class=\"s8\">\u0144 <\/span><span class=\"s8\">2025 &#8211; czerwiec 2026).<\/span><span class=\"s8\">\u00a0\u00a0<\/span><\/p>\n<p class=\"s9\" style=\"text-align: justify;\"><span class=\"s8\">4. Podsumowanie projektu i prezentacja wymiernych efekt<\/span><span class=\"s8\">\u00f3<\/span><span class=\"s8\">w spo<\/span><span class=\"s8\">\u0142<\/span><span class=\"s8\">eczno<\/span><span class=\"s8\">\u015b<\/span><span class=\"s8\">ci szkolnej\/lokalnej podczas wydarzenia podsumowuj<\/span><span class=\"s8\">\u0105<\/span><span class=\"s8\">cego projekt, przygotowanego przez szko<\/span><span class=\"s8\">\u0142\u0119<\/span><span class=\"s8\">.<\/span><span class=\"s8\">\u00a0\u00a0<\/span><\/p>\n<p class=\"s11\" style=\"text-align: justify;\"><strong><span class=\"s10\">Jak zg<\/span><span class=\"s10\">\u0142<\/span><span class=\"s10\">osi<\/span><span class=\"s10\">\u0107 <\/span><span class=\"s10\">si<\/span><span class=\"s10\">\u0119 <\/span><span class=\"s10\">do programu?<\/span><span class=\"s10\">\u00a0\u00a0<\/span><\/strong><\/p>\n<p class=\"s13\" style=\"text-align: justify;\"><span class=\"s8\">Szko<\/span><span class=\"s8\">\u0142<\/span><span class=\"s8\">y zainteresowane udzia<\/span><span class=\"s8\">\u0142<\/span><span class=\"s8\">em w programie Code for Blue mog<\/span><span class=\"s8\">\u0105 <\/span><span class=\"s8\">sk<\/span><span class=\"s8\">\u0142<\/span><span class=\"s8\">ada<\/span><span class=\"s8\">\u0107 <\/span><span class=\"s8\">wnioski do 20 czerwca 2025 roku.\u00a0<\/span><\/p>\n\n\n<div class=\"wp-block-buttons is-layout-flex wp-block-buttons-is-layout-flex\">\n<div class=\"wp-block-button has-custom-width wp-block-button__width-100\"><a class=\"wp-block-button__link has-vivid-cyan-blue-background-color has-background has-medium-font-size has-custom-font-size wp-element-button\" href=\"https:\/\/www.cfg.edu.pl\/eng\/nowefio\/\">WYPE\u0141NIJ FORMULARZ ZG\u0141OSZENIOWY<\/a><\/div>\n<\/div>","protected":false},"excerpt":{"rendered":"<p>Czy szko\u0142a mo\u017ce przywr\u00f3ci\u0107 wodzie nale\u017cne miejsce w \u015bwiecie? Mo\u017ce \u2013 je\u015bli tylko damy uczniom przestrze\u0144 do dzia\u0142ania, zaufanie i wiedz\u0119. W programie Code for Blue m\u0142odzi ludzie projektuj\u0105 realne rozwi\u0105zania: tworz\u0105 ceg\u0142y retencyjne, projekty k\u0142adki z ekomateria\u0142\u00f3w, planuj\u0105 nowe zagospodarowanie teren\u00f3w wok\u00f3\u0142 zalew\u00f3w i staw\u00f3w. Po pilota\u017cu w 10 szko\u0142ach, ruszamy z nowym naborem [&hellip;]<\/p>\n","protected":false},"author":8,"featured_media":6821,"comment_status":"closed","ping_status":"closed","sticky":false,"template":"","format":"standard","meta":{"_acf_changed":false,"footnotes":""},"categories":[1,74,65],"tags":[78,84,83,79,181],"class_list":["post-6820","post","type-post","status-publish","format-standard","has-post-thumbnail","hentry","category-aktualnosci","category-code-for-blue","category-edukacja-wodna","tag-code-for-blue","tag-do-ostatniej-kropli","tag-ewa-ewart","tag-piotr-nieznanski","tag-program-edukacyjny"],"acf":[],"yoast_head":"<!-- This site is optimized with the Yoast SEO Premium plugin v23.4 (Yoast SEO v27.4) - https:\/\/yoast.com\/product\/yoast-seo-premium-wordpress\/ -->\n<title>Trwa rekrutacja do programu Code For Blue<\/title>\n<meta name=\"description\" content=\"Szukamy 15 szk\u00f3\u0142 z wojew\u00f3dztwa podlaskiego, kt\u00f3re pracowa\u0107 b\u0119d\u0105 na bazie autorskiej metody, w oparciu o film Ewy Ewart &quot;Do ostatniej kropli&quot;.\" \/>\n<meta name=\"robots\" content=\"index, follow, max-snippet:-1, max-image-preview:large, max-video-preview:-1\" \/>\n<link rel=\"canonical\" href=\"https:\/\/www.cfg.edu.pl\/eng\/blog\/dbaj-o-wode-z-ewa-ewart-szukamy-szkol-do-programu-code-for-blue\/\" \/>\n<meta property=\"og:locale\" content=\"en_GB\" \/>\n<meta property=\"og:type\" content=\"article\" \/>\n<meta property=\"og:title\" content=\"Dbaj o wod\u0119 z Ew\u0105 Ewart! Szukamy szk\u00f3\u0142 do programu Code For Blue\" \/>\n<meta property=\"og:description\" content=\"Szukamy 15 szk\u00f3\u0142 z wojew\u00f3dztwa podlaskiego, kt\u00f3re pracowa\u0107 b\u0119d\u0105 na bazie autorskiej metody, w oparciu o film Ewy Ewart &quot;Do ostatniej kropli&quot;.\" \/>\n<meta property=\"og:url\" content=\"https:\/\/www.cfg.edu.pl\/eng\/blog\/dbaj-o-wode-z-ewa-ewart-szukamy-szkol-do-programu-code-for-blue\/\" \/>\n<meta property=\"og:site_name\" content=\"Code for Green\" \/>\n<meta property=\"article:publisher\" content=\"https:\/\/www.facebook.com\/FundacjaForumInicjatywSpolecznych\/\" \/>\n<meta property=\"article:published_time\" content=\"2025-05-26T10:54:20+00:00\" \/>\n<meta property=\"article:modified_time\" content=\"2025-05-26T11:21:19+00:00\" \/>\n<meta property=\"og:image\" content=\"https:\/\/www.cfg.edu.pl\/wp-content\/uploads\/2025\/05\/Kopia-\u2013-tlo-wydarzenia-fb.png\" \/>\n\t<meta property=\"og:image:width\" content=\"1920\" \/>\n\t<meta property=\"og:image:height\" content=\"1080\" \/>\n\t<meta property=\"og:image:type\" content=\"image\/png\" \/>\n<meta name=\"author\" content=\"Iwona Danilewicz\" \/>\n<meta name=\"twitter:card\" content=\"summary_large_image\" \/>\n<meta name=\"twitter:label1\" content=\"Written by\" \/>\n\t<meta name=\"twitter:data1\" content=\"Iwona Danilewicz\" \/>\n\t<meta name=\"twitter:label2\" content=\"Est. reading time\" \/>\n\t<meta name=\"twitter:data2\" content=\"7 minutes\" \/>\n<script type=\"application\/ld+json\" class=\"yoast-schema-graph\">{\"@context\":\"https:\\\/\\\/schema.org\",\"@graph\":[{\"@type\":\"Article\",\"@id\":\"https:\\\/\\\/www.cfg.edu.pl\\\/blog\\\/dbaj-o-wode-z-ewa-ewart-szukamy-szkol-do-programu-code-for-blue\\\/#article\",\"isPartOf\":{\"@id\":\"https:\\\/\\\/www.cfg.edu.pl\\\/blog\\\/dbaj-o-wode-z-ewa-ewart-szukamy-szkol-do-programu-code-for-blue\\\/\"},\"author\":{\"name\":\"Iwona Danilewicz\",\"@id\":\"https:\\\/\\\/www.cfg.edu.pl\\\/#\\\/schema\\\/person\\\/fdc9fdf7fb9849e5a56520737e800c31\"},\"headline\":\"Dbaj o wod\u0119 z Ew\u0105 Ewart! Szukamy szk\u00f3\u0142 do programu Code For Blue\",\"datePublished\":\"2025-05-26T10:54:20+00:00\",\"dateModified\":\"2025-05-26T11:21:19+00:00\",\"mainEntityOfPage\":{\"@id\":\"https:\\\/\\\/www.cfg.edu.pl\\\/blog\\\/dbaj-o-wode-z-ewa-ewart-szukamy-szkol-do-programu-code-for-blue\\\/\"},\"wordCount\":799,\"publisher\":{\"@id\":\"https:\\\/\\\/www.cfg.edu.pl\\\/#organization\"},\"image\":{\"@id\":\"https:\\\/\\\/www.cfg.edu.pl\\\/blog\\\/dbaj-o-wode-z-ewa-ewart-szukamy-szkol-do-programu-code-for-blue\\\/#primaryimage\"},\"thumbnailUrl\":\"https:\\\/\\\/www.cfg.edu.pl\\\/wp-content\\\/uploads\\\/2025\\\/05\\\/Kopia-\u2013-tlo-wydarzenia-fb.png\",\"keywords\":[\"Code for Blue\",\"Do ostatniej kropli\",\"Ewa Ewart\",\"Piotr Niezna\u0144ski\",\"program edukacyjny\"],\"articleSection\":[\"Aktualno\u015bci\",\"Code for Blue\",\"Edukacja wodna\"],\"inLanguage\":\"en-GB\"},{\"@type\":\"WebPage\",\"@id\":\"https:\\\/\\\/www.cfg.edu.pl\\\/blog\\\/dbaj-o-wode-z-ewa-ewart-szukamy-szkol-do-programu-code-for-blue\\\/\",\"url\":\"https:\\\/\\\/www.cfg.edu.pl\\\/blog\\\/dbaj-o-wode-z-ewa-ewart-szukamy-szkol-do-programu-code-for-blue\\\/\",\"name\":\"Trwa rekrutacja do programu Code For Blue\",\"isPartOf\":{\"@id\":\"https:\\\/\\\/www.cfg.edu.pl\\\/#website\"},\"primaryImageOfPage\":{\"@id\":\"https:\\\/\\\/www.cfg.edu.pl\\\/blog\\\/dbaj-o-wode-z-ewa-ewart-szukamy-szkol-do-programu-code-for-blue\\\/#primaryimage\"},\"image\":{\"@id\":\"https:\\\/\\\/www.cfg.edu.pl\\\/blog\\\/dbaj-o-wode-z-ewa-ewart-szukamy-szkol-do-programu-code-for-blue\\\/#primaryimage\"},\"thumbnailUrl\":\"https:\\\/\\\/www.cfg.edu.pl\\\/wp-content\\\/uploads\\\/2025\\\/05\\\/Kopia-\u2013-tlo-wydarzenia-fb.png\",\"datePublished\":\"2025-05-26T10:54:20+00:00\",\"dateModified\":\"2025-05-26T11:21:19+00:00\",\"description\":\"Szukamy 15 szk\u00f3\u0142 z wojew\u00f3dztwa podlaskiego, kt\u00f3re pracowa\u0107 b\u0119d\u0105 na bazie autorskiej metody, w oparciu o film Ewy Ewart \\\"Do ostatniej kropli\\\".\",\"breadcrumb\":{\"@id\":\"https:\\\/\\\/www.cfg.edu.pl\\\/blog\\\/dbaj-o-wode-z-ewa-ewart-szukamy-szkol-do-programu-code-for-blue\\\/#breadcrumb\"},\"inLanguage\":\"en-GB\",\"potentialAction\":[{\"@type\":\"ReadAction\",\"target\":[\"https:\\\/\\\/www.cfg.edu.pl\\\/blog\\\/dbaj-o-wode-z-ewa-ewart-szukamy-szkol-do-programu-code-for-blue\\\/\"]}]},{\"@type\":\"ImageObject\",\"inLanguage\":\"en-GB\",\"@id\":\"https:\\\/\\\/www.cfg.edu.pl\\\/blog\\\/dbaj-o-wode-z-ewa-ewart-szukamy-szkol-do-programu-code-for-blue\\\/#primaryimage\",\"url\":\"https:\\\/\\\/www.cfg.edu.pl\\\/wp-content\\\/uploads\\\/2025\\\/05\\\/Kopia-\u2013-tlo-wydarzenia-fb.png\",\"contentUrl\":\"https:\\\/\\\/www.cfg.edu.pl\\\/wp-content\\\/uploads\\\/2025\\\/05\\\/Kopia-\u2013-tlo-wydarzenia-fb.png\",\"width\":1920,\"height\":1080},{\"@type\":\"BreadcrumbList\",\"@id\":\"https:\\\/\\\/www.cfg.edu.pl\\\/blog\\\/dbaj-o-wode-z-ewa-ewart-szukamy-szkol-do-programu-code-for-blue\\\/#breadcrumb\",\"itemListElement\":[{\"@type\":\"ListItem\",\"position\":1,\"name\":\"Home\",\"item\":\"https:\\\/\\\/www.cfg.edu.pl\\\/\"},{\"@type\":\"ListItem\",\"position\":2,\"name\":\"Dbaj o wod\u0119 z Ew\u0105 Ewart! Szukamy szk\u00f3\u0142 do programu Code For Blue\"}]},{\"@type\":\"WebSite\",\"@id\":\"https:\\\/\\\/www.cfg.edu.pl\\\/#website\",\"url\":\"https:\\\/\\\/www.cfg.edu.pl\\\/\",\"name\":\"Fundacja Code for Green\",\"description\":\"Edukacja, \u015arodowisko, Sprawczo\u015b\u0107, Technologia\",\"publisher\":{\"@id\":\"https:\\\/\\\/www.cfg.edu.pl\\\/#organization\"},\"alternateName\":\"Code for Green\",\"potentialAction\":[{\"@type\":\"SearchAction\",\"target\":{\"@type\":\"EntryPoint\",\"urlTemplate\":\"https:\\\/\\\/www.cfg.edu.pl\\\/?s={search_term_string}\"},\"query-input\":{\"@type\":\"PropertyValueSpecification\",\"valueRequired\":true,\"valueName\":\"search_term_string\"}}],\"inLanguage\":\"en-GB\"},{\"@type\":\"Organization\",\"@id\":\"https:\\\/\\\/www.cfg.edu.pl\\\/#organization\",\"name\":\"Code for Green\",\"alternateName\":\"Fundacja Forum Inicjatyw Spo\u0142ecznych\",\"url\":\"https:\\\/\\\/www.cfg.edu.pl\\\/\",\"logo\":{\"@type\":\"ImageObject\",\"inLanguage\":\"en-GB\",\"@id\":\"https:\\\/\\\/www.cfg.edu.pl\\\/#\\\/schema\\\/logo\\\/image\\\/\",\"url\":\"https:\\\/\\\/www.cfg.edu.pl\\\/wp-content\\\/uploads\\\/2024\\\/02\\\/FUNDACJA_Code_for_Green_logo.svg\",\"contentUrl\":\"https:\\\/\\\/www.cfg.edu.pl\\\/wp-content\\\/uploads\\\/2024\\\/02\\\/FUNDACJA_Code_for_Green_logo.svg\",\"width\":236,\"height\":111,\"caption\":\"Code for Green\"},\"image\":{\"@id\":\"https:\\\/\\\/www.cfg.edu.pl\\\/#\\\/schema\\\/logo\\\/image\\\/\"},\"sameAs\":[\"https:\\\/\\\/www.facebook.com\\\/FundacjaForumInicjatywSpolecznych\\\/\",\"https:\\\/\\\/www.youtube.com\\\/@fundacjaforuminicjatywspoe6910\\\/featured\"],\"description\":\"Jeste\u015bmy polsk\u0105 organizacj\u0105 non-profit, kt\u00f3ra od 2018 roku aktywnie wprowadza sprawcza edukacj\u0119 \u015brodowiskow\u0105 do szk\u00f3\u0142, by m\u0142odzi potrafili rozwi\u0105zywa\u0107 lokalne problemy wykorzystuj\u0105c technologie cyfrowe. Kszta\u0142cimy nauczycieli \u2013 przekszta\u0142camy szko\u0142\u0119 w centrum edukacji \u015brodowiskowej.\",\"email\":\"biuro@ffis.edu.pl\",\"legalName\":\"Fundacja Forum Inicjatyw Spo\u0142ecznych\",\"vatID\":\"PL8442359966\",\"taxID\":\"8442359966\"},{\"@type\":\"Person\",\"@id\":\"https:\\\/\\\/www.cfg.edu.pl\\\/#\\\/schema\\\/person\\\/fdc9fdf7fb9849e5a56520737e800c31\",\"name\":\"Iwona Danilewicz\",\"image\":{\"@type\":\"ImageObject\",\"inLanguage\":\"en-GB\",\"@id\":\"https:\\\/\\\/secure.gravatar.com\\\/avatar\\\/2ae8921d776b718c1a50fff3daae571e64f82b2a3f1f3de3f168bdd28d48343d?s=96&d=mm&r=g\",\"url\":\"https:\\\/\\\/secure.gravatar.com\\\/avatar\\\/2ae8921d776b718c1a50fff3daae571e64f82b2a3f1f3de3f168bdd28d48343d?s=96&d=mm&r=g\",\"contentUrl\":\"https:\\\/\\\/secure.gravatar.com\\\/avatar\\\/2ae8921d776b718c1a50fff3daae571e64f82b2a3f1f3de3f168bdd28d48343d?s=96&d=mm&r=g\",\"caption\":\"Iwona Danilewicz\"}}]}<\/script>\n<!-- \/ Yoast SEO Premium plugin. -->","yoast_head_json":{"title":"Trwa rekrutacja do programu Code For Blue","description":"Szukamy 15 szk\u00f3\u0142 z wojew\u00f3dztwa podlaskiego, kt\u00f3re pracowa\u0107 b\u0119d\u0105 na bazie autorskiej metody, w oparciu o film Ewy Ewart \"Do ostatniej kropli\".","robots":{"index":"index","follow":"follow","max-snippet":"max-snippet:-1","max-image-preview":"max-image-preview:large","max-video-preview":"max-video-preview:-1"},"canonical":"https:\/\/www.cfg.edu.pl\/eng\/blog\/dbaj-o-wode-z-ewa-ewart-szukamy-szkol-do-programu-code-for-blue\/","og_locale":"en_GB","og_type":"article","og_title":"Dbaj o wod\u0119 z Ew\u0105 Ewart! Szukamy szk\u00f3\u0142 do programu Code For Blue","og_description":"Szukamy 15 szk\u00f3\u0142 z wojew\u00f3dztwa podlaskiego, kt\u00f3re pracowa\u0107 b\u0119d\u0105 na bazie autorskiej metody, w oparciu o film Ewy Ewart \"Do ostatniej kropli\".","og_url":"https:\/\/www.cfg.edu.pl\/eng\/blog\/dbaj-o-wode-z-ewa-ewart-szukamy-szkol-do-programu-code-for-blue\/","og_site_name":"Code for Green","article_publisher":"https:\/\/www.facebook.com\/FundacjaForumInicjatywSpolecznych\/","article_published_time":"2025-05-26T10:54:20+00:00","article_modified_time":"2025-05-26T11:21:19+00:00","og_image":[{"width":1920,"height":1080,"url":"https:\/\/www.cfg.edu.pl\/wp-content\/uploads\/2025\/05\/Kopia-\u2013-tlo-wydarzenia-fb.png","type":"image\/png"}],"author":"Iwona Danilewicz","twitter_card":"summary_large_image","twitter_misc":{"Written by":"Iwona Danilewicz","Est. reading time":"7 minutes"},"schema":{"@context":"https:\/\/schema.org","@graph":[{"@type":"Article","@id":"https:\/\/www.cfg.edu.pl\/blog\/dbaj-o-wode-z-ewa-ewart-szukamy-szkol-do-programu-code-for-blue\/#article","isPartOf":{"@id":"https:\/\/www.cfg.edu.pl\/blog\/dbaj-o-wode-z-ewa-ewart-szukamy-szkol-do-programu-code-for-blue\/"},"author":{"name":"Iwona Danilewicz","@id":"https:\/\/www.cfg.edu.pl\/#\/schema\/person\/fdc9fdf7fb9849e5a56520737e800c31"},"headline":"Dbaj o wod\u0119 z Ew\u0105 Ewart! Szukamy szk\u00f3\u0142 do programu Code For Blue","datePublished":"2025-05-26T10:54:20+00:00","dateModified":"2025-05-26T11:21:19+00:00","mainEntityOfPage":{"@id":"https:\/\/www.cfg.edu.pl\/blog\/dbaj-o-wode-z-ewa-ewart-szukamy-szkol-do-programu-code-for-blue\/"},"wordCount":799,"publisher":{"@id":"https:\/\/www.cfg.edu.pl\/#organization"},"image":{"@id":"https:\/\/www.cfg.edu.pl\/blog\/dbaj-o-wode-z-ewa-ewart-szukamy-szkol-do-programu-code-for-blue\/#primaryimage"},"thumbnailUrl":"https:\/\/www.cfg.edu.pl\/wp-content\/uploads\/2025\/05\/Kopia-\u2013-tlo-wydarzenia-fb.png","keywords":["Code for Blue","Do ostatniej kropli","Ewa Ewart","Piotr Niezna\u0144ski","program edukacyjny"],"articleSection":["Aktualno\u015bci","Code for Blue","Edukacja wodna"],"inLanguage":"en-GB"},{"@type":"WebPage","@id":"https:\/\/www.cfg.edu.pl\/blog\/dbaj-o-wode-z-ewa-ewart-szukamy-szkol-do-programu-code-for-blue\/","url":"https:\/\/www.cfg.edu.pl\/blog\/dbaj-o-wode-z-ewa-ewart-szukamy-szkol-do-programu-code-for-blue\/","name":"Trwa rekrutacja do programu Code For Blue","isPartOf":{"@id":"https:\/\/www.cfg.edu.pl\/#website"},"primaryImageOfPage":{"@id":"https:\/\/www.cfg.edu.pl\/blog\/dbaj-o-wode-z-ewa-ewart-szukamy-szkol-do-programu-code-for-blue\/#primaryimage"},"image":{"@id":"https:\/\/www.cfg.edu.pl\/blog\/dbaj-o-wode-z-ewa-ewart-szukamy-szkol-do-programu-code-for-blue\/#primaryimage"},"thumbnailUrl":"https:\/\/www.cfg.edu.pl\/wp-content\/uploads\/2025\/05\/Kopia-\u2013-tlo-wydarzenia-fb.png","datePublished":"2025-05-26T10:54:20+00:00","dateModified":"2025-05-26T11:21:19+00:00","description":"Szukamy 15 szk\u00f3\u0142 z wojew\u00f3dztwa podlaskiego, kt\u00f3re pracowa\u0107 b\u0119d\u0105 na bazie autorskiej metody, w oparciu o film Ewy Ewart \"Do ostatniej kropli\".","breadcrumb":{"@id":"https:\/\/www.cfg.edu.pl\/blog\/dbaj-o-wode-z-ewa-ewart-szukamy-szkol-do-programu-code-for-blue\/#breadcrumb"},"inLanguage":"en-GB","potentialAction":[{"@type":"ReadAction","target":["https:\/\/www.cfg.edu.pl\/blog\/dbaj-o-wode-z-ewa-ewart-szukamy-szkol-do-programu-code-for-blue\/"]}]},{"@type":"ImageObject","inLanguage":"en-GB","@id":"https:\/\/www.cfg.edu.pl\/blog\/dbaj-o-wode-z-ewa-ewart-szukamy-szkol-do-programu-code-for-blue\/#primaryimage","url":"https:\/\/www.cfg.edu.pl\/wp-content\/uploads\/2025\/05\/Kopia-\u2013-tlo-wydarzenia-fb.png","contentUrl":"https:\/\/www.cfg.edu.pl\/wp-content\/uploads\/2025\/05\/Kopia-\u2013-tlo-wydarzenia-fb.png","width":1920,"height":1080},{"@type":"BreadcrumbList","@id":"https:\/\/www.cfg.edu.pl\/blog\/dbaj-o-wode-z-ewa-ewart-szukamy-szkol-do-programu-code-for-blue\/#breadcrumb","itemListElement":[{"@type":"ListItem","position":1,"name":"Home","item":"https:\/\/www.cfg.edu.pl\/"},{"@type":"ListItem","position":2,"name":"Dbaj o wod\u0119 z Ew\u0105 Ewart! Szukamy szk\u00f3\u0142 do programu Code For Blue"}]},{"@type":"WebSite","@id":"https:\/\/www.cfg.edu.pl\/#website","url":"https:\/\/www.cfg.edu.pl\/","name":"Code for Green Foundation","description":"Edukacja, \u015arodowisko, Sprawczo\u015b\u0107, Technologia","publisher":{"@id":"https:\/\/www.cfg.edu.pl\/#organization"},"alternateName":"Code for Green","potentialAction":[{"@type":"SearchAction","target":{"@type":"EntryPoint","urlTemplate":"https:\/\/www.cfg.edu.pl\/?s={search_term_string}"},"query-input":{"@type":"PropertyValueSpecification","valueRequired":true,"valueName":"search_term_string"}}],"inLanguage":"en-GB"},{"@type":"Organization","@id":"https:\/\/www.cfg.edu.pl\/#organization","name":"Code for Green","alternateName":"Fundacja Forum Inicjatyw Spo\u0142ecznych","url":"https:\/\/www.cfg.edu.pl\/","logo":{"@type":"ImageObject","inLanguage":"en-GB","@id":"https:\/\/www.cfg.edu.pl\/#\/schema\/logo\/image\/","url":"https:\/\/www.cfg.edu.pl\/wp-content\/uploads\/2024\/02\/FUNDACJA_Code_for_Green_logo.svg","contentUrl":"https:\/\/www.cfg.edu.pl\/wp-content\/uploads\/2024\/02\/FUNDACJA_Code_for_Green_logo.svg","width":236,"height":111,"caption":"Code for Green"},"image":{"@id":"https:\/\/www.cfg.edu.pl\/#\/schema\/logo\/image\/"},"sameAs":["https:\/\/www.facebook.com\/FundacjaForumInicjatywSpolecznych\/","https:\/\/www.youtube.com\/@fundacjaforuminicjatywspoe6910\/featured"],"description":"Jeste\u015bmy polsk\u0105 organizacj\u0105 non-profit, kt\u00f3ra od 2018 roku aktywnie wprowadza sprawcza edukacj\u0119 \u015brodowiskow\u0105 do szk\u00f3\u0142, by m\u0142odzi potrafili rozwi\u0105zywa\u0107 lokalne problemy wykorzystuj\u0105c technologie cyfrowe. Kszta\u0142cimy nauczycieli \u2013 przekszta\u0142camy szko\u0142\u0119 w centrum edukacji \u015brodowiskowej.","email":"biuro@ffis.edu.pl","legalName":"Fundacja Forum Inicjatyw Spo\u0142ecznych","vatID":"PL8442359966","taxID":"8442359966"},{"@type":"Person","@id":"https:\/\/www.cfg.edu.pl\/#\/schema\/person\/fdc9fdf7fb9849e5a56520737e800c31","name":"Iwona Danilewicz","image":{"@type":"ImageObject","inLanguage":"en-GB","@id":"https:\/\/secure.gravatar.com\/avatar\/2ae8921d776b718c1a50fff3daae571e64f82b2a3f1f3de3f168bdd28d48343d?s=96&d=mm&r=g","url":"https:\/\/secure.gravatar.com\/avatar\/2ae8921d776b718c1a50fff3daae571e64f82b2a3f1f3de3f168bdd28d48343d?s=96&d=mm&r=g","contentUrl":"https:\/\/secure.gravatar.com\/avatar\/2ae8921d776b718c1a50fff3daae571e64f82b2a3f1f3de3f168bdd28d48343d?s=96&d=mm&r=g","caption":"Iwona Danilewicz"}}]}},"_links":{"self":[{"href":"https:\/\/www.cfg.edu.pl\/eng\/wp-json\/wp\/v2\/posts\/6820","targetHints":{"allow":["GET"]}}],"collection":[{"href":"https:\/\/www.cfg.edu.pl\/eng\/wp-json\/wp\/v2\/posts"}],"about":[{"href":"https:\/\/www.cfg.edu.pl\/eng\/wp-json\/wp\/v2\/types\/post"}],"author":[{"embeddable":true,"href":"https:\/\/www.cfg.edu.pl\/eng\/wp-json\/wp\/v2\/users\/8"}],"replies":[{"embeddable":true,"href":"https:\/\/www.cfg.edu.pl\/eng\/wp-json\/wp\/v2\/comments?post=6820"}],"version-history":[{"count":2,"href":"https:\/\/www.cfg.edu.pl\/eng\/wp-json\/wp\/v2\/posts\/6820\/revisions"}],"predecessor-version":[{"id":6823,"href":"https:\/\/www.cfg.edu.pl\/eng\/wp-json\/wp\/v2\/posts\/6820\/revisions\/6823"}],"wp:featuredmedia":[{"embeddable":true,"href":"https:\/\/www.cfg.edu.pl\/eng\/wp-json\/wp\/v2\/media\/6821"}],"wp:attachment":[{"href":"https:\/\/www.cfg.edu.pl\/eng\/wp-json\/wp\/v2\/media?parent=6820"}],"wp:term":[{"taxonomy":"category","embeddable":true,"href":"https:\/\/www.cfg.edu.pl\/eng\/wp-json\/wp\/v2\/categories?post=6820"},{"taxonomy":"post_tag","embeddable":true,"href":"https:\/\/www.cfg.edu.pl\/eng\/wp-json\/wp\/v2\/tags?post=6820"}],"curies":[{"name":"wp","href":"https:\/\/api.w.org\/{rel}","templated":true}]}}