{"id":6917,"date":"2025-06-23T09:56:38","date_gmt":"2025-06-23T07:56:38","guid":{"rendered":"https:\/\/www.cfg.edu.pl\/?p=6917"},"modified":"2025-06-23T09:56:52","modified_gmt":"2025-06-23T07:56:52","slug":"wydluzamy-termin-naboru-programu-code-for-blue","status":"publish","type":"post","link":"https:\/\/www.cfg.edu.pl\/eng\/blog\/wydluzamy-termin-naboru-programu-code-for-blue\/","title":{"rendered":"We\u2019re Extending the Application Deadline for the Code For Blue Program!"},"content":{"rendered":"<h3 style=\"text-align: justify;\"><strong>Rekrutacja przed\u0142u\u017cona do 29 czerwca! <\/strong>W programie Code for Blue m\u0142odzi ludzie tworz\u0105 realne rozwi\u0105zania: od projekt\u00f3w zagospodarowania staw\u00f3w i zalew\u00f3w po ceg\u0142y &#8211; skrzynki retencyjne i prototypy k\u0142adki z ekomateria\u0142\u00f3w.<\/h3>\n<p style=\"text-align: justify;\">Po pilota\u017cu w 10 szko\u0142ach ruszamy z nowym naborem \u2013 tym razem <strong>szukamy 15 szk\u00f3\u0142 podstawowych i \u015brednich z woj. podlaskiego<\/strong>, szczeg\u00f3lnie z okolic park\u00f3w narodowych i krajobrazowych. Szukamy nauczycieli, kt\u00f3rzy chc\u0105 uczy\u0107 o wodzie przez sprawczo\u015b\u0107, wsp\u00f3\u0142prac\u0119 i odwag\u0119 dzia\u0142ania.<\/p>\n<p style=\"text-align: justify;\">Program opiera si\u0119 na metodzie edukacji \u015brodowiskowej, kt\u00f3ra \u0142\u0105czy film dokumentalny Ewy Ewart \u201eDo ostatniej kropli\u201d z dzia\u0142aniem i projektowaniem lokalnych rozwi\u0105za\u0144. Uczniowie ucz\u0105 si\u0119 empatii, krytycznego my\u015blenia i odpowiedzialno\u015bci, a nauczyciele otrzymuj\u0105 szkolenia, mentoring oraz wynagrodzenie za przygotowanie scenariuszy.<\/p>\n<p style=\"text-align: justify;\"><span style=\"text-decoration: underline;\">Fundacja Code for Green zapewnia m.in.:<\/span><\/p>\n<ul>\n<li style=\"text-align: justify;\">warsztaty i szkolenia,<\/li>\n<li style=\"text-align: justify;\">wsparcie mentorskie,<\/li>\n<li style=\"text-align: justify;\">sprz\u0119t i materia\u0142y do 2000 z\u0142 na szko\u0142\u0119.<\/li>\n<\/ul>\n<p style=\"text-align: justify;\">Na zg\u0142oszenia czekamy do 29 czerwca 2025.<\/p>\n\n\n<p class=\"has-text-align-center\"><a href=\"https:\/\/www.cfg.edu.pl\/eng\/nowefio\/\"><strong>WYPE\u0141NIJ FORMULARZ ZG\u0141OSZENIOWY<\/strong><\/a><\/p>\n\n\n<p><img fetchpriority=\"high\" decoding=\"async\" class=\"aligncenter size-large wp-image-6688\" src=\"https:\/\/www.cfg.edu.pl\/wp-content\/uploads\/2025\/04\/NOWE_FIO_zestawienie_2_KOLOR-1024x449.png\" alt=\"\" width=\"800\" height=\"351\" srcset=\"https:\/\/www.cfg.edu.pl\/wp-content\/uploads\/2025\/04\/NOWE_FIO_zestawienie_2_KOLOR-1024x449.png 1024w, https:\/\/www.cfg.edu.pl\/wp-content\/uploads\/2025\/04\/NOWE_FIO_zestawienie_2_KOLOR-300x131.png 300w, https:\/\/www.cfg.edu.pl\/wp-content\/uploads\/2025\/04\/NOWE_FIO_zestawienie_2_KOLOR-768x337.png 768w, https:\/\/www.cfg.edu.pl\/wp-content\/uploads\/2025\/04\/NOWE_FIO_zestawienie_2_KOLOR-1536x673.png 1536w, https:\/\/www.cfg.edu.pl\/wp-content\/uploads\/2025\/04\/NOWE_FIO_zestawienie_2_KOLOR.png 2048w, https:\/\/www.cfg.edu.pl\/wp-content\/uploads\/2025\/04\/NOWE_FIO_zestawienie_2_KOLOR-18x8.png 18w, https:\/\/www.cfg.edu.pl\/wp-content\/uploads\/2025\/04\/NOWE_FIO_zestawienie_2_KOLOR-600x263.png 600w\" sizes=\"(max-width: 800px) 100vw, 800px\" \/><\/p>","protected":false},"excerpt":{"rendered":"<p>We\u2019re Extending the Application Deadline to June 29!<\/p>","protected":false},"author":8,"featured_media":6918,"comment_status":"closed","ping_status":"closed","sticky":false,"template":"","format":"standard","meta":{"_acf_changed":false,"footnotes":""},"categories":[1,74,65],"tags":[78,84,112,83],"class_list":["post-6917","post","type-post","status-publish","format-standard","has-post-thumbnail","hentry","category-aktualnosci","category-code-for-blue","category-edukacja-wodna","tag-code-for-blue","tag-do-ostatniej-kropli","tag-edukacja-o-wodzie","tag-ewa-ewart"],"acf":[],"yoast_head":"<!-- This site is optimized with the Yoast SEO Premium plugin v23.4 (Yoast SEO v27.4) - https:\/\/yoast.com\/product\/yoast-seo-premium-wordpress\/ -->\n<title>Wyd\u0142u\u017camy termin naboru do programu Code For Blue! - Code for Green<\/title>\n<meta name=\"description\" content=\"Program edukacji o wodzie oparty o film Ewy Ewart &quot;Do ostatniej kropli&quot; wkracza do wojew\u00f3dztwa podlaskiego. Warto zg\u0142osi\u0107 szko\u0142\u0119!\" \/>\n<meta name=\"robots\" content=\"index, follow, max-snippet:-1, max-image-preview:large, max-video-preview:-1\" \/>\n<link rel=\"canonical\" href=\"https:\/\/www.cfg.edu.pl\/eng\/blog\/wydluzamy-termin-naboru-programu-code-for-blue\/\" \/>\n<meta property=\"og:locale\" content=\"en_GB\" \/>\n<meta property=\"og:type\" content=\"article\" \/>\n<meta property=\"og:title\" content=\"Wyd\u0142u\u017camy termin naboru do programu Code For Blue!\" \/>\n<meta property=\"og:description\" content=\"Program edukacji o wodzie oparty o film Ewy Ewart &quot;Do ostatniej kropli&quot; wkracza do wojew\u00f3dztwa podlaskiego. Warto zg\u0142osi\u0107 szko\u0142\u0119!\" \/>\n<meta property=\"og:url\" content=\"https:\/\/www.cfg.edu.pl\/eng\/blog\/wydluzamy-termin-naboru-programu-code-for-blue\/\" \/>\n<meta property=\"og:site_name\" content=\"Code for Green\" \/>\n<meta property=\"article:publisher\" content=\"https:\/\/www.facebook.com\/FundacjaForumInicjatywSpolecznych\/\" \/>\n<meta property=\"article:published_time\" content=\"2025-06-23T07:56:38+00:00\" \/>\n<meta property=\"article:modified_time\" content=\"2025-06-23T07:56:52+00:00\" \/>\n<meta property=\"og:image\" content=\"https:\/\/www.cfg.edu.pl\/wp-content\/uploads\/2025\/06\/nowy_terminCFB.png\" \/>\n\t<meta property=\"og:image:width\" content=\"1920\" \/>\n\t<meta property=\"og:image:height\" content=\"1080\" \/>\n\t<meta property=\"og:image:type\" content=\"image\/png\" \/>\n<meta name=\"author\" content=\"Iwona Danilewicz\" \/>\n<meta name=\"twitter:card\" content=\"summary_large_image\" \/>\n<meta name=\"twitter:label1\" content=\"Written by\" \/>\n\t<meta name=\"twitter:data1\" content=\"Iwona Danilewicz\" \/>\n\t<meta name=\"twitter:label2\" content=\"Est. reading time\" \/>\n\t<meta name=\"twitter:data2\" content=\"2 minutes\" \/>\n<script type=\"application\/ld+json\" class=\"yoast-schema-graph\">{\"@context\":\"https:\\\/\\\/schema.org\",\"@graph\":[{\"@type\":\"Article\",\"@id\":\"https:\\\/\\\/www.cfg.edu.pl\\\/blog\\\/wydluzamy-termin-naboru-programu-code-for-blue\\\/#article\",\"isPartOf\":{\"@id\":\"https:\\\/\\\/www.cfg.edu.pl\\\/blog\\\/wydluzamy-termin-naboru-programu-code-for-blue\\\/\"},\"author\":{\"name\":\"Iwona Danilewicz\",\"@id\":\"https:\\\/\\\/www.cfg.edu.pl\\\/#\\\/schema\\\/person\\\/fdc9fdf7fb9849e5a56520737e800c31\"},\"headline\":\"Wyd\u0142u\u017camy termin naboru do programu Code For Blue!\",\"datePublished\":\"2025-06-23T07:56:38+00:00\",\"dateModified\":\"2025-06-23T07:56:52+00:00\",\"mainEntityOfPage\":{\"@id\":\"https:\\\/\\\/www.cfg.edu.pl\\\/blog\\\/wydluzamy-termin-naboru-programu-code-for-blue\\\/\"},\"wordCount\":172,\"publisher\":{\"@id\":\"https:\\\/\\\/www.cfg.edu.pl\\\/#organization\"},\"image\":{\"@id\":\"https:\\\/\\\/www.cfg.edu.pl\\\/blog\\\/wydluzamy-termin-naboru-programu-code-for-blue\\\/#primaryimage\"},\"thumbnailUrl\":\"https:\\\/\\\/www.cfg.edu.pl\\\/wp-content\\\/uploads\\\/2025\\\/06\\\/nowy_terminCFB.png\",\"keywords\":[\"Code for Blue\",\"Do ostatniej kropli\",\"edukacja o wodzie\",\"Ewa Ewart\"],\"articleSection\":[\"Aktualno\u015bci\",\"Code for Blue\",\"Edukacja wodna\"],\"inLanguage\":\"en-GB\"},{\"@type\":\"WebPage\",\"@id\":\"https:\\\/\\\/www.cfg.edu.pl\\\/blog\\\/wydluzamy-termin-naboru-programu-code-for-blue\\\/\",\"url\":\"https:\\\/\\\/www.cfg.edu.pl\\\/blog\\\/wydluzamy-termin-naboru-programu-code-for-blue\\\/\",\"name\":\"Wyd\u0142u\u017camy termin naboru do programu Code For Blue! - Code for Green\",\"isPartOf\":{\"@id\":\"https:\\\/\\\/www.cfg.edu.pl\\\/#website\"},\"primaryImageOfPage\":{\"@id\":\"https:\\\/\\\/www.cfg.edu.pl\\\/blog\\\/wydluzamy-termin-naboru-programu-code-for-blue\\\/#primaryimage\"},\"image\":{\"@id\":\"https:\\\/\\\/www.cfg.edu.pl\\\/blog\\\/wydluzamy-termin-naboru-programu-code-for-blue\\\/#primaryimage\"},\"thumbnailUrl\":\"https:\\\/\\\/www.cfg.edu.pl\\\/wp-content\\\/uploads\\\/2025\\\/06\\\/nowy_terminCFB.png\",\"datePublished\":\"2025-06-23T07:56:38+00:00\",\"dateModified\":\"2025-06-23T07:56:52+00:00\",\"description\":\"Program edukacji o wodzie oparty o film Ewy Ewart \\\"Do ostatniej kropli\\\" wkracza do wojew\u00f3dztwa podlaskiego. Warto zg\u0142osi\u0107 szko\u0142\u0119!\",\"breadcrumb\":{\"@id\":\"https:\\\/\\\/www.cfg.edu.pl\\\/blog\\\/wydluzamy-termin-naboru-programu-code-for-blue\\\/#breadcrumb\"},\"inLanguage\":\"en-GB\",\"potentialAction\":[{\"@type\":\"ReadAction\",\"target\":[\"https:\\\/\\\/www.cfg.edu.pl\\\/blog\\\/wydluzamy-termin-naboru-programu-code-for-blue\\\/\"]}]},{\"@type\":\"ImageObject\",\"inLanguage\":\"en-GB\",\"@id\":\"https:\\\/\\\/www.cfg.edu.pl\\\/blog\\\/wydluzamy-termin-naboru-programu-code-for-blue\\\/#primaryimage\",\"url\":\"https:\\\/\\\/www.cfg.edu.pl\\\/wp-content\\\/uploads\\\/2025\\\/06\\\/nowy_terminCFB.png\",\"contentUrl\":\"https:\\\/\\\/www.cfg.edu.pl\\\/wp-content\\\/uploads\\\/2025\\\/06\\\/nowy_terminCFB.png\",\"width\":1920,\"height\":1080},{\"@type\":\"BreadcrumbList\",\"@id\":\"https:\\\/\\\/www.cfg.edu.pl\\\/blog\\\/wydluzamy-termin-naboru-programu-code-for-blue\\\/#breadcrumb\",\"itemListElement\":[{\"@type\":\"ListItem\",\"position\":1,\"name\":\"Home\",\"item\":\"https:\\\/\\\/www.cfg.edu.pl\\\/\"},{\"@type\":\"ListItem\",\"position\":2,\"name\":\"Wyd\u0142u\u017camy termin naboru do programu Code For Blue!\"}]},{\"@type\":\"WebSite\",\"@id\":\"https:\\\/\\\/www.cfg.edu.pl\\\/#website\",\"url\":\"https:\\\/\\\/www.cfg.edu.pl\\\/\",\"name\":\"Fundacja Code for Green\",\"description\":\"Edukacja, \u015arodowisko, Sprawczo\u015b\u0107, Technologia\",\"publisher\":{\"@id\":\"https:\\\/\\\/www.cfg.edu.pl\\\/#organization\"},\"alternateName\":\"Code for Green\",\"potentialAction\":[{\"@type\":\"SearchAction\",\"target\":{\"@type\":\"EntryPoint\",\"urlTemplate\":\"https:\\\/\\\/www.cfg.edu.pl\\\/?s={search_term_string}\"},\"query-input\":{\"@type\":\"PropertyValueSpecification\",\"valueRequired\":true,\"valueName\":\"search_term_string\"}}],\"inLanguage\":\"en-GB\"},{\"@type\":\"Organization\",\"@id\":\"https:\\\/\\\/www.cfg.edu.pl\\\/#organization\",\"name\":\"Code for Green\",\"alternateName\":\"Fundacja Forum Inicjatyw Spo\u0142ecznych\",\"url\":\"https:\\\/\\\/www.cfg.edu.pl\\\/\",\"logo\":{\"@type\":\"ImageObject\",\"inLanguage\":\"en-GB\",\"@id\":\"https:\\\/\\\/www.cfg.edu.pl\\\/#\\\/schema\\\/logo\\\/image\\\/\",\"url\":\"https:\\\/\\\/www.cfg.edu.pl\\\/wp-content\\\/uploads\\\/2024\\\/02\\\/FUNDACJA_Code_for_Green_logo.svg\",\"contentUrl\":\"https:\\\/\\\/www.cfg.edu.pl\\\/wp-content\\\/uploads\\\/2024\\\/02\\\/FUNDACJA_Code_for_Green_logo.svg\",\"width\":236,\"height\":111,\"caption\":\"Code for Green\"},\"image\":{\"@id\":\"https:\\\/\\\/www.cfg.edu.pl\\\/#\\\/schema\\\/logo\\\/image\\\/\"},\"sameAs\":[\"https:\\\/\\\/www.facebook.com\\\/FundacjaForumInicjatywSpolecznych\\\/\",\"https:\\\/\\\/www.youtube.com\\\/@fundacjaforuminicjatywspoe6910\\\/featured\"],\"description\":\"Jeste\u015bmy polsk\u0105 organizacj\u0105 non-profit, kt\u00f3ra od 2018 roku aktywnie wprowadza sprawcza edukacj\u0119 \u015brodowiskow\u0105 do szk\u00f3\u0142, by m\u0142odzi potrafili rozwi\u0105zywa\u0107 lokalne problemy wykorzystuj\u0105c technologie cyfrowe. Kszta\u0142cimy nauczycieli \u2013 przekszta\u0142camy szko\u0142\u0119 w centrum edukacji \u015brodowiskowej.\",\"email\":\"biuro@ffis.edu.pl\",\"legalName\":\"Fundacja Forum Inicjatyw Spo\u0142ecznych\",\"vatID\":\"PL8442359966\",\"taxID\":\"8442359966\"},{\"@type\":\"Person\",\"@id\":\"https:\\\/\\\/www.cfg.edu.pl\\\/#\\\/schema\\\/person\\\/fdc9fdf7fb9849e5a56520737e800c31\",\"name\":\"Iwona Danilewicz\",\"image\":{\"@type\":\"ImageObject\",\"inLanguage\":\"en-GB\",\"@id\":\"https:\\\/\\\/secure.gravatar.com\\\/avatar\\\/2ae8921d776b718c1a50fff3daae571e64f82b2a3f1f3de3f168bdd28d48343d?s=96&d=mm&r=g\",\"url\":\"https:\\\/\\\/secure.gravatar.com\\\/avatar\\\/2ae8921d776b718c1a50fff3daae571e64f82b2a3f1f3de3f168bdd28d48343d?s=96&d=mm&r=g\",\"contentUrl\":\"https:\\\/\\\/secure.gravatar.com\\\/avatar\\\/2ae8921d776b718c1a50fff3daae571e64f82b2a3f1f3de3f168bdd28d48343d?s=96&d=mm&r=g\",\"caption\":\"Iwona Danilewicz\"}}]}<\/script>\n<!-- \/ Yoast SEO Premium plugin. -->","yoast_head_json":{"title":"Wyd\u0142u\u017camy termin naboru do programu Code For Blue! - Code for Green","description":"Program edukacji o wodzie oparty o film Ewy Ewart \"Do ostatniej kropli\" wkracza do wojew\u00f3dztwa podlaskiego. Warto zg\u0142osi\u0107 szko\u0142\u0119!","robots":{"index":"index","follow":"follow","max-snippet":"max-snippet:-1","max-image-preview":"max-image-preview:large","max-video-preview":"max-video-preview:-1"},"canonical":"https:\/\/www.cfg.edu.pl\/eng\/blog\/wydluzamy-termin-naboru-programu-code-for-blue\/","og_locale":"en_GB","og_type":"article","og_title":"Wyd\u0142u\u017camy termin naboru do programu Code For Blue!","og_description":"Program edukacji o wodzie oparty o film Ewy Ewart \"Do ostatniej kropli\" wkracza do wojew\u00f3dztwa podlaskiego. Warto zg\u0142osi\u0107 szko\u0142\u0119!","og_url":"https:\/\/www.cfg.edu.pl\/eng\/blog\/wydluzamy-termin-naboru-programu-code-for-blue\/","og_site_name":"Code for Green","article_publisher":"https:\/\/www.facebook.com\/FundacjaForumInicjatywSpolecznych\/","article_published_time":"2025-06-23T07:56:38+00:00","article_modified_time":"2025-06-23T07:56:52+00:00","og_image":[{"width":1920,"height":1080,"url":"https:\/\/www.cfg.edu.pl\/wp-content\/uploads\/2025\/06\/nowy_terminCFB.png","type":"image\/png"}],"author":"Iwona Danilewicz","twitter_card":"summary_large_image","twitter_misc":{"Written by":"Iwona Danilewicz","Est. reading time":"2 minutes"},"schema":{"@context":"https:\/\/schema.org","@graph":[{"@type":"Article","@id":"https:\/\/www.cfg.edu.pl\/blog\/wydluzamy-termin-naboru-programu-code-for-blue\/#article","isPartOf":{"@id":"https:\/\/www.cfg.edu.pl\/blog\/wydluzamy-termin-naboru-programu-code-for-blue\/"},"author":{"name":"Iwona Danilewicz","@id":"https:\/\/www.cfg.edu.pl\/#\/schema\/person\/fdc9fdf7fb9849e5a56520737e800c31"},"headline":"Wyd\u0142u\u017camy termin naboru do programu Code For Blue!","datePublished":"2025-06-23T07:56:38+00:00","dateModified":"2025-06-23T07:56:52+00:00","mainEntityOfPage":{"@id":"https:\/\/www.cfg.edu.pl\/blog\/wydluzamy-termin-naboru-programu-code-for-blue\/"},"wordCount":172,"publisher":{"@id":"https:\/\/www.cfg.edu.pl\/#organization"},"image":{"@id":"https:\/\/www.cfg.edu.pl\/blog\/wydluzamy-termin-naboru-programu-code-for-blue\/#primaryimage"},"thumbnailUrl":"https:\/\/www.cfg.edu.pl\/wp-content\/uploads\/2025\/06\/nowy_terminCFB.png","keywords":["Code for Blue","Do ostatniej kropli","edukacja o wodzie","Ewa Ewart"],"articleSection":["Aktualno\u015bci","Code for Blue","Edukacja wodna"],"inLanguage":"en-GB"},{"@type":"WebPage","@id":"https:\/\/www.cfg.edu.pl\/blog\/wydluzamy-termin-naboru-programu-code-for-blue\/","url":"https:\/\/www.cfg.edu.pl\/blog\/wydluzamy-termin-naboru-programu-code-for-blue\/","name":"Wyd\u0142u\u017camy termin naboru do programu Code For Blue! - Code for Green","isPartOf":{"@id":"https:\/\/www.cfg.edu.pl\/#website"},"primaryImageOfPage":{"@id":"https:\/\/www.cfg.edu.pl\/blog\/wydluzamy-termin-naboru-programu-code-for-blue\/#primaryimage"},"image":{"@id":"https:\/\/www.cfg.edu.pl\/blog\/wydluzamy-termin-naboru-programu-code-for-blue\/#primaryimage"},"thumbnailUrl":"https:\/\/www.cfg.edu.pl\/wp-content\/uploads\/2025\/06\/nowy_terminCFB.png","datePublished":"2025-06-23T07:56:38+00:00","dateModified":"2025-06-23T07:56:52+00:00","description":"Program edukacji o wodzie oparty o film Ewy Ewart \"Do ostatniej kropli\" wkracza do wojew\u00f3dztwa podlaskiego. Warto zg\u0142osi\u0107 szko\u0142\u0119!","breadcrumb":{"@id":"https:\/\/www.cfg.edu.pl\/blog\/wydluzamy-termin-naboru-programu-code-for-blue\/#breadcrumb"},"inLanguage":"en-GB","potentialAction":[{"@type":"ReadAction","target":["https:\/\/www.cfg.edu.pl\/blog\/wydluzamy-termin-naboru-programu-code-for-blue\/"]}]},{"@type":"ImageObject","inLanguage":"en-GB","@id":"https:\/\/www.cfg.edu.pl\/blog\/wydluzamy-termin-naboru-programu-code-for-blue\/#primaryimage","url":"https:\/\/www.cfg.edu.pl\/wp-content\/uploads\/2025\/06\/nowy_terminCFB.png","contentUrl":"https:\/\/www.cfg.edu.pl\/wp-content\/uploads\/2025\/06\/nowy_terminCFB.png","width":1920,"height":1080},{"@type":"BreadcrumbList","@id":"https:\/\/www.cfg.edu.pl\/blog\/wydluzamy-termin-naboru-programu-code-for-blue\/#breadcrumb","itemListElement":[{"@type":"ListItem","position":1,"name":"Home","item":"https:\/\/www.cfg.edu.pl\/"},{"@type":"ListItem","position":2,"name":"Wyd\u0142u\u017camy termin naboru do programu Code For Blue!"}]},{"@type":"WebSite","@id":"https:\/\/www.cfg.edu.pl\/#website","url":"https:\/\/www.cfg.edu.pl\/","name":"Code for Green Foundation","description":"Edukacja, \u015arodowisko, Sprawczo\u015b\u0107, Technologia","publisher":{"@id":"https:\/\/www.cfg.edu.pl\/#organization"},"alternateName":"Code for Green","potentialAction":[{"@type":"SearchAction","target":{"@type":"EntryPoint","urlTemplate":"https:\/\/www.cfg.edu.pl\/?s={search_term_string}"},"query-input":{"@type":"PropertyValueSpecification","valueRequired":true,"valueName":"search_term_string"}}],"inLanguage":"en-GB"},{"@type":"Organization","@id":"https:\/\/www.cfg.edu.pl\/#organization","name":"Code for Green","alternateName":"Fundacja Forum Inicjatyw Spo\u0142ecznych","url":"https:\/\/www.cfg.edu.pl\/","logo":{"@type":"ImageObject","inLanguage":"en-GB","@id":"https:\/\/www.cfg.edu.pl\/#\/schema\/logo\/image\/","url":"https:\/\/www.cfg.edu.pl\/wp-content\/uploads\/2024\/02\/FUNDACJA_Code_for_Green_logo.svg","contentUrl":"https:\/\/www.cfg.edu.pl\/wp-content\/uploads\/2024\/02\/FUNDACJA_Code_for_Green_logo.svg","width":236,"height":111,"caption":"Code for Green"},"image":{"@id":"https:\/\/www.cfg.edu.pl\/#\/schema\/logo\/image\/"},"sameAs":["https:\/\/www.facebook.com\/FundacjaForumInicjatywSpolecznych\/","https:\/\/www.youtube.com\/@fundacjaforuminicjatywspoe6910\/featured"],"description":"Jeste\u015bmy polsk\u0105 organizacj\u0105 non-profit, kt\u00f3ra od 2018 roku aktywnie wprowadza sprawcza edukacj\u0119 \u015brodowiskow\u0105 do szk\u00f3\u0142, by m\u0142odzi potrafili rozwi\u0105zywa\u0107 lokalne problemy wykorzystuj\u0105c technologie cyfrowe. Kszta\u0142cimy nauczycieli \u2013 przekszta\u0142camy szko\u0142\u0119 w centrum edukacji \u015brodowiskowej.","email":"biuro@ffis.edu.pl","legalName":"Fundacja Forum Inicjatyw Spo\u0142ecznych","vatID":"PL8442359966","taxID":"8442359966"},{"@type":"Person","@id":"https:\/\/www.cfg.edu.pl\/#\/schema\/person\/fdc9fdf7fb9849e5a56520737e800c31","name":"Iwona Danilewicz","image":{"@type":"ImageObject","inLanguage":"en-GB","@id":"https:\/\/secure.gravatar.com\/avatar\/2ae8921d776b718c1a50fff3daae571e64f82b2a3f1f3de3f168bdd28d48343d?s=96&d=mm&r=g","url":"https:\/\/secure.gravatar.com\/avatar\/2ae8921d776b718c1a50fff3daae571e64f82b2a3f1f3de3f168bdd28d48343d?s=96&d=mm&r=g","contentUrl":"https:\/\/secure.gravatar.com\/avatar\/2ae8921d776b718c1a50fff3daae571e64f82b2a3f1f3de3f168bdd28d48343d?s=96&d=mm&r=g","caption":"Iwona Danilewicz"}}]}},"_links":{"self":[{"href":"https:\/\/www.cfg.edu.pl\/eng\/wp-json\/wp\/v2\/posts\/6917","targetHints":{"allow":["GET"]}}],"collection":[{"href":"https:\/\/www.cfg.edu.pl\/eng\/wp-json\/wp\/v2\/posts"}],"about":[{"href":"https:\/\/www.cfg.edu.pl\/eng\/wp-json\/wp\/v2\/types\/post"}],"author":[{"embeddable":true,"href":"https:\/\/www.cfg.edu.pl\/eng\/wp-json\/wp\/v2\/users\/8"}],"replies":[{"embeddable":true,"href":"https:\/\/www.cfg.edu.pl\/eng\/wp-json\/wp\/v2\/comments?post=6917"}],"version-history":[{"count":2,"href":"https:\/\/www.cfg.edu.pl\/eng\/wp-json\/wp\/v2\/posts\/6917\/revisions"}],"predecessor-version":[{"id":6920,"href":"https:\/\/www.cfg.edu.pl\/eng\/wp-json\/wp\/v2\/posts\/6917\/revisions\/6920"}],"wp:featuredmedia":[{"embeddable":true,"href":"https:\/\/www.cfg.edu.pl\/eng\/wp-json\/wp\/v2\/media\/6918"}],"wp:attachment":[{"href":"https:\/\/www.cfg.edu.pl\/eng\/wp-json\/wp\/v2\/media?parent=6917"}],"wp:term":[{"taxonomy":"category","embeddable":true,"href":"https:\/\/www.cfg.edu.pl\/eng\/wp-json\/wp\/v2\/categories?post=6917"},{"taxonomy":"post_tag","embeddable":true,"href":"https:\/\/www.cfg.edu.pl\/eng\/wp-json\/wp\/v2\/tags?post=6917"}],"curies":[{"name":"wp","href":"https:\/\/api.w.org\/{rel}","templated":true}]}}