{"id":7094,"date":"2025-09-22T06:20:00","date_gmt":"2025-09-22T04:20:00","guid":{"rendered":"https:\/\/www.cfg.edu.pl\/?p=7094"},"modified":"2025-09-21T19:51:06","modified_gmt":"2025-09-21T17:51:06","slug":"warsztaty-nad-woda-co-zyje-w-wisle-i-czy-edukacje-terenowa-poprowadzi-kazdy-nauczyciel","status":"publish","type":"post","link":"https:\/\/www.cfg.edu.pl\/eng\/blog\/warsztaty-nad-woda-co-zyje-w-wisle-i-czy-edukacje-terenowa-poprowadzi-kazdy-nauczyciel\/","title":{"rendered":"Workshops by the water. What lives in the Vistula River, and can every teacher lead field education?"},"content":{"rendered":"\n\n<h3 class=\"leading-7 first:mt-0 last:mb-0 whitespace-pre-line mb-5 mt-5\" style=\"text-align: justify;\">W s\u0142oneczny wrze\u015bniowy dzie\u0144 bulwary wi\u015blane w Krakowie zamieni\u0142y si\u0119 na kr\u00f3tk\u0105 chwil\u0119 w terenowe laboratorium. Zamiast zwyk\u0142ego spaceru nad rzek\u0105, w ruch posz\u0142y zestawy do bada\u0144, pojemniki z wod\u0105, przyrz\u0105dy pomiarowe, przeno\u015bne lupy i mikroskop z kamer\u0105 w MobiLab. Nauczyciele z Ma\u0142opolski i Podkarpacia pochylili si\u0119 nad pr\u00f3bkami bentosu, organizm\u00f3w \u017cyj\u0105cych w rzece, kt\u00f3re s\u0105 wska\u017anikiem jako\u015bci w\u00f3d.<\/h3>\n<p class=\"leading-7 first:mt-0 last:mb-0 whitespace-pre-line mb-5 mt-5\" style=\"text-align: justify;\">Badania w terenie by\u0142y cz\u0119\u015bci\u0105 warsztat\u00f3w <strong class=\"font-semibold\">Code for Blue<\/strong>, programu Fundacji Code for Green, kt\u00f3ry \u0142\u0105czy edukacj\u0119 klimatyczn\u0105 z praktyk\u0105 i metod\u0105 <strong class=\"font-semibold\">design thinking<\/strong>. Partnerem wydarzenia w Krakowie by\u0142a firma <strong class=\"font-semibold\">Canpack S.A.<\/strong>, kt\u00f3ra udost\u0119pni\u0142a przestrze\u0144 do pracy warsztatowej. Warto przypomnie\u0107, \u017ce Canpack od dw\u00f3ch lat wspiera nasz program edukacji o wodzie .<\/p>\n<p class=\"leading-7 first:mt-0 last:mb-0 whitespace-pre-line mb-5 mt-5\" style=\"text-align: justify;\">Design thinking, czyli metoda pracy oparta na wsp\u00f3\u0142pracy, empatii i szukaniu rozwi\u0105za\u0144 \u201eoczami ucznia&#8221;, sta\u0142a si\u0119 jednym z g\u0142\u00f3wnych punkt\u00f3w szkolenia. Nauczyciele mieli okazj\u0119 przej\u015b\u0107 intensywny sprint DT i zobaczy\u0107, jak mo\u017cna wprowadzi\u0107 j\u0105 do codziennej pracy w szkole.<\/p>\n<p class=\"leading-7 first:mt-0 last:mb-0 whitespace-pre-line mb-5 mt-5\" style=\"text-align: justify;\">\u201eZapisa\u0142am si\u0119, bo my\u015bla\u0142am, \u017ce to projekt tylko zwi\u0105zany z ekologi\u0105. Dzi\u015b wiem, \u017ce to co\u015b znacznie szerszego \u2013 praca <em>w przyrodzie i z przyrod\u0105<\/em> powinna by\u0107 w centrum naszej uwagi&#8221; \u2013 powiedzia\u0142a po warsztatach <strong class=\"font-semibold\">Justyna Witek, nauczycielka ze Szko\u0142y Podstawowej w Krakowie<\/strong>. \u201eDzi\u0119ki Design Thinking zyskujemy konkretne narz\u0119dzie, kt\u00f3re u\u0142atwi mi rozwijanie kluczowych kompetencji u dzieci&#8221;.<\/p>\n<p class=\"leading-7 first:mt-0 last:mb-0 whitespace-pre-line mb-5 mt-5\" style=\"text-align: justify;\">Podobne refleksje mia\u0142 <strong class=\"font-semibold\">Krzysztof Skraba ze Szko\u0142y Podstawowej im. Armii Krajowej w Str\u00f3\u017cach<\/strong>: \u201eMy\u015bla\u0142em, \u017ce projekty b\u0119d\u0105 dotyczy\u0142y wy\u0142\u0105cznie ekologii. Tymczasem poznana metoda pracy sprawdzi si\u0119 tak\u017ce na innych lekcjach. To, co w niej najcenniejsze, to spojrzenie na problemy z perspektywy ucznia, a nie nauczyciela.&#8221;<\/p>\n<p class=\"leading-7 first:mt-0 last:mb-0 whitespace-pre-line mb-5 mt-5\" style=\"text-align: justify;\">Dla <strong class=\"font-semibold\">Katarzyny Kawalec z II Liceum Og\u00f3lnokszta\u0142c\u0105cego w Tarnowie<\/strong>\u00a0kluczowe by\u0142o praktyczne do\u015bwiadczenie: \u201eZej\u015bcie do poziomu ucznia \u2013 osoby, kt\u00f3ra odkrywa co\u015b nowego i mo\u017ce to sprawdzi\u0107 \u2013 to najlepszy spos\u00f3b uczenia si\u0119, zar\u00f3wno dla nich, jak i dla mnie.&#8221;<\/p>\n<h2 class=\"text-n-large tracking-tight first:mt-0 last:mb-0 mb-4 mt-8 scroll-m-20\" style=\"text-align: justify;\">Znaczenie edukacji terenowej &#8211; co m\u00f3wi\u0105 najnowsze badania<\/h2>\n<p style=\"text-align: justify;\">Ciekawostk\u0105 dla nauczycieli by\u0142y warsztaty terenowe prowadzone z wykorzystaniem mobilnego laboratorium MobiLab. Praktyczne aspekty edukacji terenowej przybli\u017cy\u0142a grupie uczestnik\u00f3w Magdalena Oko\u0142\u00f3w.<\/p>\n<p class=\"leading-7 first:mt-0 last:mb-0 whitespace-pre-line mb-5 mt-5\" style=\"text-align: justify;\">Najnowsze badania z lat 2023-2024 wyra\u017anie potwierdzaj\u0105 znacz\u0105c\u0105 warto\u015b\u0107 edukacji prowadzonej w terenie. Jak podkre\u015blano podczas konferencji \u201eTerenowa edukacja przyrodnicza dzieci i m\u0142odzie\u017cy&#8221; zorganizowanej przez Ministerstwo Klimatu i \u015arodowiska w 2024 roku, bezpo\u015bredni kontakt z przyrod\u0105 nie tylko poprawia koncentracj\u0119 i koordynacj\u0119 ruchow\u0105 uczni\u00f3w, ale przede wszystkim pozwala zregenerowa\u0107 umys\u0142 i cia\u0142o.<\/p>\n<p class=\"leading-7 first:mt-0 last:mb-0 whitespace-pre-line mb-5 mt-5\" style=\"text-align: justify;\">Eksperci zauwa\u017caj\u0105, \u017ce pomimo tych korzy\u015bci, polscy uczniowie wci\u0105\u017c zbyt rzadko uczestnicz\u0105 w zaj\u0119ciach terenowych, co negatywnie wp\u0142ywa na ich rozw\u00f3j poznawczy i emocjonalny. Wed\u0142ug opinii uczestnik\u00f3w wspomnianej konferencji, bezpo\u015brednia ekspozycja na przyrod\u0119 jest niezb\u0119dna dla optymalnego rozwoju fizycznego i emocjonalnego dzieci i m\u0142odzie\u017cy.<\/p>\n<p class=\"leading-7 first:mt-0 last:mb-0 whitespace-pre-line mb-5 mt-5\" style=\"text-align: justify;\">Badania pedagogiczne z 2024 roku wskazuj\u0105 r\u00f3wnie\u017c, \u017ce edukacja terenowa znacz\u0105co wp\u0142ywa na rozwijanie u uczni\u00f3w kompetencji spo\u0142ecznych, kt\u00f3re s\u0105 niezb\u0119dne w procesie podejmowania decyzji dotycz\u0105cych ochrony \u015brodowiska. Uczniowie uczestnicz\u0105cy w regularnych zaj\u0119ciach terenowych wykazuj\u0105 si\u0119 wi\u0119ksz\u0105 inicjatyw\u0105, odpowiedzialno\u015bci\u0105 oraz zdolno\u015bci\u0105 do krytycznego my\u015blenia.<\/p>\n<p class=\"leading-7 first:mt-0 last:mb-0 whitespace-pre-line mb-5 mt-5\" style=\"text-align: justify;\">Co istotne, warsztaty i zaj\u0119cia terenowe umo\u017cliwiaj\u0105 bezpo\u015brednie do\u015bwiadczenie problem\u00f3w ekologicznych i spo\u0142ecznych &#8211; poprzez kontakt z przyrod\u0105, obserwacj\u0119, a tak\u017ce wsp\u00f3\u0142prac\u0119 z lokaln\u0105 spo\u0142eczno\u015bci\u0105. Ten rodzaj nauki przez do\u015bwiadczenie wzmacnia poczucie sprawczo\u015bci w\u015br\u00f3d uczni\u00f3w, kt\u00f3rzy mog\u0105 zobaczy\u0107 realne efekty swoich dzia\u0142a\u0144.<\/p>\n<p class=\"leading-7 first:mt-0 last:mb-0 whitespace-pre-line mb-5 mt-5\" style=\"text-align: justify;\">Interdyscyplinarny charakter edukacji terenowej jest szczeg\u00f3lnie podkre\u015blany przez specjalist\u00f3w. Jak wskazuj\u0105 analizy z 2025 roku, ale przede wszystkim &#8211; nasze do\u015bwiadczenia &#8211; projekty terenowe pozwalaj\u0105 na \u0142\u0105czenie r\u00f3\u017cnych przedmiot\u00f3w, takich jak biologia, chemia oraz geografia. Dzi\u0119ki temu uczniowie mog\u0105 spojrze\u0107 na zagadnienia przyrodnicze z wielu perspektyw, co sprzyja g\u0142\u0119bszemu zrozumieniu oraz integracji wiedzy.<\/p>\n<h2 class=\"text-n-large tracking-tight first:mt-0 last:mb-0 mb-4 mt-8 scroll-m-20\" style=\"text-align: justify;\">Praktyczne rozwi\u0105zania dla edukacji terenowej<\/h2>\n<p class=\"leading-7 first:mt-0 last:mb-0 whitespace-pre-line mb-5 mt-5\" style=\"text-align: justify;\">Nauczyciele uczestnicz\u0105cy w warsztatach Code for Blue podkre\u015blali, \u017ce mity dotycz\u0105ce organizacji zaj\u0119\u0107 terenowych cz\u0119sto hamuj\u0105 ich wdra\u017canie w codziennej praktyce szkolnej. W\u015br\u00f3d nauczycieli panuje przekonanie, \u017ce nie ma czasu na zaj\u0119cia terenowe. Warsztaty pokaza\u0142y, \u017ce w najbli\u017cszym otoczeniu mo\u017cna zrobi\u0107 kr\u00f3tkie, warto\u015bciowe zaj\u0119cia w terenie.<\/p>\n<p class=\"leading-7 first:mt-0 last:mb-0 whitespace-pre-line mb-5 mt-5\" style=\"text-align: justify;\">Do najbardziej skutecznych metod nauczania w terenie nale\u017c\u0105:<\/p>\n<ul class=\"list-disc ml-6 [&amp;&gt;li]:mt-2 !my-4\" style=\"text-align: justify;\">\n<li class=\"mt-2\">Projekty terenowe, podczas kt\u00f3rych uczniowie pracuj\u0105 nad rzeczywistymi problemami lokalnej spo\u0142eczno\u015bci<\/li>\n<li class=\"mt-2\">Gry terenowe \u0142\u0105cz\u0105ce elementy rywalizacji z nauk\u0105<\/li>\n<li class=\"mt-2\">Obserwacje przyrodnicze w lasach, parkach czy nad rzekami<\/li>\n<li class=\"mt-2\">Warsztaty praktyczne wykorzystuj\u0105ce naturalne materia\u0142y<\/li>\n<li class=\"mt-2\">Wsp\u00f3\u0142praca z lokalnymi ekspertami z r\u00f3\u017cnych dziedzin<\/li>\n<\/ul>\n<p class=\"leading-7 first:mt-0 last:mb-0 whitespace-pre-line mb-5 mt-5\" style=\"text-align: justify;\">Warsztaty to dopiero pocz\u0105tek. Nauczyciele b\u0119d\u0105 teraz korzysta\u0107 z materia\u0142\u00f3w przygotowanych w ramach programu &#8211; w tym <em>Podr\u0119cznika do edukacji klimatycznej<\/em>, filmu Ewy Ewart <em>\u201eDo ostatniej kropli&#8221;<\/em>, kr\u00f3tkich film\u00f3w tematycznych oraz specjalnej <strong class=\"font-semibold\">platformy edukacyjnej<\/strong>, kt\u00f3ra wspiera prac\u0119 projektow\u0105 z uczniami.<\/p>\n<p class=\"leading-7 first:mt-0 last:mb-0 whitespace-pre-line mb-5 mt-5\" style=\"text-align: justify;\">Po\u0142\u0105czenie zaj\u0119\u0107 terenowych, metody design thinking i zasob\u00f3w multimedialnych sprawia, \u017ce <strong class=\"font-semibold\">Code for Blue<\/strong> to nie tylko projekt edukacyjny, ale te\u017c przestrze\u0144 do wsp\u00f3lnego dzia\u0142ania, odkrywania i rozmowy o tym, jak szko\u0142a mo\u017ce realnie przygotowa\u0107 m\u0142odych ludzi na wyzwania przysz\u0142o\u015bci.<\/p>\n\n\n<figure class=\"wp-block-gallery has-nested-images columns-default is-cropped wp-block-gallery-1 is-layout-flex wp-block-gallery-is-layout-flex\">\n<figure class=\"wp-block-image size-large\"><img fetchpriority=\"high\" decoding=\"async\" width=\"640\" height=\"480\" data-id=\"7109\" src=\"https:\/\/www.cfg.edu.pl\/wp-content\/uploads\/2025\/09\/warsztatyCFB_CanpackKrakow64-Sredni.jpeg\" alt=\"\" class=\"wp-image-7109\" srcset=\"https:\/\/www.cfg.edu.pl\/wp-content\/uploads\/2025\/09\/warsztatyCFB_CanpackKrakow64-Sredni.jpeg 640w, https:\/\/www.cfg.edu.pl\/wp-content\/uploads\/2025\/09\/warsztatyCFB_CanpackKrakow64-Sredni-300x225.jpeg 300w, https:\/\/www.cfg.edu.pl\/wp-content\/uploads\/2025\/09\/warsztatyCFB_CanpackKrakow64-Sredni-16x12.jpeg 16w, https:\/\/www.cfg.edu.pl\/wp-content\/uploads\/2025\/09\/warsztatyCFB_CanpackKrakow64-Sredni-600x450.jpeg 600w\" sizes=\"(max-width: 640px) 100vw, 640px\" \/><\/figure>\n\n\n\n<figure class=\"wp-block-image size-large\"><img decoding=\"async\" width=\"640\" height=\"480\" data-id=\"7108\" src=\"https:\/\/www.cfg.edu.pl\/wp-content\/uploads\/2025\/09\/warsztatyCFB_CanpackKrakow2-Sredni.jpeg\" alt=\"\" class=\"wp-image-7108\" srcset=\"https:\/\/www.cfg.edu.pl\/wp-content\/uploads\/2025\/09\/warsztatyCFB_CanpackKrakow2-Sredni.jpeg 640w, https:\/\/www.cfg.edu.pl\/wp-content\/uploads\/2025\/09\/warsztatyCFB_CanpackKrakow2-Sredni-300x225.jpeg 300w, https:\/\/www.cfg.edu.pl\/wp-content\/uploads\/2025\/09\/warsztatyCFB_CanpackKrakow2-Sredni-16x12.jpeg 16w, https:\/\/www.cfg.edu.pl\/wp-content\/uploads\/2025\/09\/warsztatyCFB_CanpackKrakow2-Sredni-600x450.jpeg 600w\" sizes=\"(max-width: 640px) 100vw, 640px\" \/><\/figure>\n\n\n\n<figure class=\"wp-block-image size-large\"><img decoding=\"async\" width=\"640\" height=\"480\" data-id=\"7107\" src=\"https:\/\/www.cfg.edu.pl\/wp-content\/uploads\/2025\/09\/warsztatyCFB_CanpackKrakow5-Sredni.jpeg\" alt=\"\" class=\"wp-image-7107\" srcset=\"https:\/\/www.cfg.edu.pl\/wp-content\/uploads\/2025\/09\/warsztatyCFB_CanpackKrakow5-Sredni.jpeg 640w, https:\/\/www.cfg.edu.pl\/wp-content\/uploads\/2025\/09\/warsztatyCFB_CanpackKrakow5-Sredni-300x225.jpeg 300w, https:\/\/www.cfg.edu.pl\/wp-content\/uploads\/2025\/09\/warsztatyCFB_CanpackKrakow5-Sredni-16x12.jpeg 16w, https:\/\/www.cfg.edu.pl\/wp-content\/uploads\/2025\/09\/warsztatyCFB_CanpackKrakow5-Sredni-600x450.jpeg 600w\" sizes=\"(max-width: 640px) 100vw, 640px\" \/><\/figure>\n\n\n\n<figure class=\"wp-block-image size-large\"><img loading=\"lazy\" decoding=\"async\" width=\"640\" height=\"480\" data-id=\"7106\" src=\"https:\/\/www.cfg.edu.pl\/wp-content\/uploads\/2025\/09\/warsztatyCFB_CanpackKrakow11-Sredni.jpeg\" alt=\"\" class=\"wp-image-7106\" srcset=\"https:\/\/www.cfg.edu.pl\/wp-content\/uploads\/2025\/09\/warsztatyCFB_CanpackKrakow11-Sredni.jpeg 640w, https:\/\/www.cfg.edu.pl\/wp-content\/uploads\/2025\/09\/warsztatyCFB_CanpackKrakow11-Sredni-300x225.jpeg 300w, https:\/\/www.cfg.edu.pl\/wp-content\/uploads\/2025\/09\/warsztatyCFB_CanpackKrakow11-Sredni-16x12.jpeg 16w, https:\/\/www.cfg.edu.pl\/wp-content\/uploads\/2025\/09\/warsztatyCFB_CanpackKrakow11-Sredni-600x450.jpeg 600w\" sizes=\"(max-width: 640px) 100vw, 640px\" \/><\/figure>\n\n\n\n<figure class=\"wp-block-image size-large\"><img loading=\"lazy\" decoding=\"async\" width=\"640\" height=\"480\" data-id=\"7105\" src=\"https:\/\/www.cfg.edu.pl\/wp-content\/uploads\/2025\/09\/warsztatyCFB_CanpackKrakow20-Sredni.jpeg\" alt=\"\" class=\"wp-image-7105\" srcset=\"https:\/\/www.cfg.edu.pl\/wp-content\/uploads\/2025\/09\/warsztatyCFB_CanpackKrakow20-Sredni.jpeg 640w, https:\/\/www.cfg.edu.pl\/wp-content\/uploads\/2025\/09\/warsztatyCFB_CanpackKrakow20-Sredni-300x225.jpeg 300w, https:\/\/www.cfg.edu.pl\/wp-content\/uploads\/2025\/09\/warsztatyCFB_CanpackKrakow20-Sredni-16x12.jpeg 16w, https:\/\/www.cfg.edu.pl\/wp-content\/uploads\/2025\/09\/warsztatyCFB_CanpackKrakow20-Sredni-600x450.jpeg 600w\" sizes=\"(max-width: 640px) 100vw, 640px\" \/><\/figure>\n\n\n\n<figure class=\"wp-block-image size-large\"><img loading=\"lazy\" decoding=\"async\" width=\"640\" height=\"480\" data-id=\"7104\" src=\"https:\/\/www.cfg.edu.pl\/wp-content\/uploads\/2025\/09\/warsztatyCFB_CanpackKrakow31-Sredni.jpeg\" alt=\"\" class=\"wp-image-7104\" srcset=\"https:\/\/www.cfg.edu.pl\/wp-content\/uploads\/2025\/09\/warsztatyCFB_CanpackKrakow31-Sredni.jpeg 640w, https:\/\/www.cfg.edu.pl\/wp-content\/uploads\/2025\/09\/warsztatyCFB_CanpackKrakow31-Sredni-300x225.jpeg 300w, https:\/\/www.cfg.edu.pl\/wp-content\/uploads\/2025\/09\/warsztatyCFB_CanpackKrakow31-Sredni-16x12.jpeg 16w, https:\/\/www.cfg.edu.pl\/wp-content\/uploads\/2025\/09\/warsztatyCFB_CanpackKrakow31-Sredni-600x450.jpeg 600w\" sizes=\"(max-width: 640px) 100vw, 640px\" \/><\/figure>\n\n\n\n<figure class=\"wp-block-image size-large\"><img loading=\"lazy\" decoding=\"async\" width=\"640\" height=\"480\" data-id=\"7103\" src=\"https:\/\/www.cfg.edu.pl\/wp-content\/uploads\/2025\/09\/warsztatyCFB_CanpackKrakow40-Sredni.jpeg\" alt=\"\" class=\"wp-image-7103\" srcset=\"https:\/\/www.cfg.edu.pl\/wp-content\/uploads\/2025\/09\/warsztatyCFB_CanpackKrakow40-Sredni.jpeg 640w, https:\/\/www.cfg.edu.pl\/wp-content\/uploads\/2025\/09\/warsztatyCFB_CanpackKrakow40-Sredni-300x225.jpeg 300w, https:\/\/www.cfg.edu.pl\/wp-content\/uploads\/2025\/09\/warsztatyCFB_CanpackKrakow40-Sredni-16x12.jpeg 16w, https:\/\/www.cfg.edu.pl\/wp-content\/uploads\/2025\/09\/warsztatyCFB_CanpackKrakow40-Sredni-600x450.jpeg 600w\" sizes=\"(max-width: 640px) 100vw, 640px\" \/><\/figure>\n\n\n\n<figure class=\"wp-block-image size-large\"><img loading=\"lazy\" decoding=\"async\" width=\"640\" height=\"480\" data-id=\"7102\" src=\"https:\/\/www.cfg.edu.pl\/wp-content\/uploads\/2025\/09\/warsztatyCFB_CanpackKrakow43-Sredni.jpeg\" alt=\"\" class=\"wp-image-7102\" srcset=\"https:\/\/www.cfg.edu.pl\/wp-content\/uploads\/2025\/09\/warsztatyCFB_CanpackKrakow43-Sredni.jpeg 640w, https:\/\/www.cfg.edu.pl\/wp-content\/uploads\/2025\/09\/warsztatyCFB_CanpackKrakow43-Sredni-300x225.jpeg 300w, https:\/\/www.cfg.edu.pl\/wp-content\/uploads\/2025\/09\/warsztatyCFB_CanpackKrakow43-Sredni-16x12.jpeg 16w, https:\/\/www.cfg.edu.pl\/wp-content\/uploads\/2025\/09\/warsztatyCFB_CanpackKrakow43-Sredni-600x450.jpeg 600w\" sizes=\"(max-width: 640px) 100vw, 640px\" \/><\/figure>\n\n\n\n<figure class=\"wp-block-image size-large\"><img loading=\"lazy\" decoding=\"async\" width=\"640\" height=\"480\" data-id=\"7101\" src=\"https:\/\/www.cfg.edu.pl\/wp-content\/uploads\/2025\/09\/warsztatyCFB_CanpackKrakow48-Sredni.jpeg\" alt=\"\" class=\"wp-image-7101\" srcset=\"https:\/\/www.cfg.edu.pl\/wp-content\/uploads\/2025\/09\/warsztatyCFB_CanpackKrakow48-Sredni.jpeg 640w, https:\/\/www.cfg.edu.pl\/wp-content\/uploads\/2025\/09\/warsztatyCFB_CanpackKrakow48-Sredni-300x225.jpeg 300w, https:\/\/www.cfg.edu.pl\/wp-content\/uploads\/2025\/09\/warsztatyCFB_CanpackKrakow48-Sredni-16x12.jpeg 16w, https:\/\/www.cfg.edu.pl\/wp-content\/uploads\/2025\/09\/warsztatyCFB_CanpackKrakow48-Sredni-600x450.jpeg 600w\" sizes=\"(max-width: 640px) 100vw, 640px\" \/><\/figure>\n\n\n\n<figure class=\"wp-block-image size-large\"><img loading=\"lazy\" decoding=\"async\" width=\"640\" height=\"480\" data-id=\"7100\" src=\"https:\/\/www.cfg.edu.pl\/wp-content\/uploads\/2025\/09\/warsztatyCFB_CanpackKrakow49-Sredni.jpeg\" alt=\"\" class=\"wp-image-7100\" srcset=\"https:\/\/www.cfg.edu.pl\/wp-content\/uploads\/2025\/09\/warsztatyCFB_CanpackKrakow49-Sredni.jpeg 640w, https:\/\/www.cfg.edu.pl\/wp-content\/uploads\/2025\/09\/warsztatyCFB_CanpackKrakow49-Sredni-300x225.jpeg 300w, https:\/\/www.cfg.edu.pl\/wp-content\/uploads\/2025\/09\/warsztatyCFB_CanpackKrakow49-Sredni-16x12.jpeg 16w, https:\/\/www.cfg.edu.pl\/wp-content\/uploads\/2025\/09\/warsztatyCFB_CanpackKrakow49-Sredni-600x450.jpeg 600w\" sizes=\"(max-width: 640px) 100vw, 640px\" \/><\/figure>\n\n\n\n<figure class=\"wp-block-image size-large\"><img loading=\"lazy\" decoding=\"async\" width=\"640\" height=\"480\" data-id=\"7099\" src=\"https:\/\/www.cfg.edu.pl\/wp-content\/uploads\/2025\/09\/warsztatyCFB_CanpackKrakow50-Sredni.jpeg\" alt=\"\" class=\"wp-image-7099\" srcset=\"https:\/\/www.cfg.edu.pl\/wp-content\/uploads\/2025\/09\/warsztatyCFB_CanpackKrakow50-Sredni.jpeg 640w, https:\/\/www.cfg.edu.pl\/wp-content\/uploads\/2025\/09\/warsztatyCFB_CanpackKrakow50-Sredni-300x225.jpeg 300w, https:\/\/www.cfg.edu.pl\/wp-content\/uploads\/2025\/09\/warsztatyCFB_CanpackKrakow50-Sredni-16x12.jpeg 16w, https:\/\/www.cfg.edu.pl\/wp-content\/uploads\/2025\/09\/warsztatyCFB_CanpackKrakow50-Sredni-600x450.jpeg 600w\" sizes=\"(max-width: 640px) 100vw, 640px\" \/><\/figure>\n\n\n\n<figure class=\"wp-block-image size-large\"><img loading=\"lazy\" decoding=\"async\" width=\"480\" height=\"640\" data-id=\"7098\" src=\"https:\/\/www.cfg.edu.pl\/wp-content\/uploads\/2025\/09\/warsztatyCFB_CanpackKrakow55-Sredni.jpeg\" alt=\"\" class=\"wp-image-7098\" srcset=\"https:\/\/www.cfg.edu.pl\/wp-content\/uploads\/2025\/09\/warsztatyCFB_CanpackKrakow55-Sredni.jpeg 480w, https:\/\/www.cfg.edu.pl\/wp-content\/uploads\/2025\/09\/warsztatyCFB_CanpackKrakow55-Sredni-225x300.jpeg 225w, https:\/\/www.cfg.edu.pl\/wp-content\/uploads\/2025\/09\/warsztatyCFB_CanpackKrakow55-Sredni-9x12.jpeg 9w\" sizes=\"(max-width: 480px) 100vw, 480px\" \/><\/figure>\n\n\n\n<figure class=\"wp-block-image size-large\"><img loading=\"lazy\" decoding=\"async\" width=\"480\" height=\"640\" data-id=\"7097\" src=\"https:\/\/www.cfg.edu.pl\/wp-content\/uploads\/2025\/09\/warsztatyCFB_CanpackKrakow58-Sredni.jpeg\" alt=\"\" class=\"wp-image-7097\" srcset=\"https:\/\/www.cfg.edu.pl\/wp-content\/uploads\/2025\/09\/warsztatyCFB_CanpackKrakow58-Sredni.jpeg 480w, https:\/\/www.cfg.edu.pl\/wp-content\/uploads\/2025\/09\/warsztatyCFB_CanpackKrakow58-Sredni-225x300.jpeg 225w, https:\/\/www.cfg.edu.pl\/wp-content\/uploads\/2025\/09\/warsztatyCFB_CanpackKrakow58-Sredni-9x12.jpeg 9w\" sizes=\"(max-width: 480px) 100vw, 480px\" \/><\/figure>\n\n\n\n<figure class=\"wp-block-image size-large\"><img loading=\"lazy\" decoding=\"async\" width=\"640\" height=\"480\" data-id=\"7096\" src=\"https:\/\/www.cfg.edu.pl\/wp-content\/uploads\/2025\/09\/warsztatyCFB_CanpackKrakow60-Sredni.jpeg\" alt=\"\" class=\"wp-image-7096\" srcset=\"https:\/\/www.cfg.edu.pl\/wp-content\/uploads\/2025\/09\/warsztatyCFB_CanpackKrakow60-Sredni.jpeg 640w, https:\/\/www.cfg.edu.pl\/wp-content\/uploads\/2025\/09\/warsztatyCFB_CanpackKrakow60-Sredni-300x225.jpeg 300w, https:\/\/www.cfg.edu.pl\/wp-content\/uploads\/2025\/09\/warsztatyCFB_CanpackKrakow60-Sredni-16x12.jpeg 16w, https:\/\/www.cfg.edu.pl\/wp-content\/uploads\/2025\/09\/warsztatyCFB_CanpackKrakow60-Sredni-600x450.jpeg 600w\" sizes=\"(max-width: 640px) 100vw, 640px\" \/><\/figure>\n\n\n\n<figure class=\"wp-block-image size-large\"><img loading=\"lazy\" decoding=\"async\" width=\"640\" height=\"480\" data-id=\"7095\" src=\"https:\/\/www.cfg.edu.pl\/wp-content\/uploads\/2025\/09\/warsztatyCFB_CanpackKrakow61-Sredni.jpeg\" alt=\"\" class=\"wp-image-7095\" srcset=\"https:\/\/www.cfg.edu.pl\/wp-content\/uploads\/2025\/09\/warsztatyCFB_CanpackKrakow61-Sredni.jpeg 640w, https:\/\/www.cfg.edu.pl\/wp-content\/uploads\/2025\/09\/warsztatyCFB_CanpackKrakow61-Sredni-300x225.jpeg 300w, https:\/\/www.cfg.edu.pl\/wp-content\/uploads\/2025\/09\/warsztatyCFB_CanpackKrakow61-Sredni-16x12.jpeg 16w, https:\/\/www.cfg.edu.pl\/wp-content\/uploads\/2025\/09\/warsztatyCFB_CanpackKrakow61-Sredni-600x450.jpeg 600w\" sizes=\"(max-width: 640px) 100vw, 640px\" \/><\/figure>\n<\/figure>\n","protected":false},"excerpt":{"rendered":"<p>W s\u0142oneczny wrze\u015bniowy dzie\u0144 bulwary wi\u015blane w Krakowie zamieni\u0142y si\u0119 na kr\u00f3tk\u0105 chwil\u0119 w terenowe laboratorium. Zamiast zwyk\u0142ego spaceru nad rzek\u0105, w ruch posz\u0142y zestawy do bada\u0144, pojemniki z wod\u0105, przyrz\u0105dy pomiarowe, przeno\u015bne lupy i mikroskop z kamer\u0105 w MobiLab. Nauczyciele z Ma\u0142opolski i Podkarpacia pochylili si\u0119 nad pr\u00f3bkami bentosu, organizm\u00f3w \u017cyj\u0105cych w rzece, kt\u00f3re [&hellip;]<\/p>\n","protected":false},"author":8,"featured_media":7101,"comment_status":"closed","ping_status":"closed","sticky":false,"template":"","format":"standard","meta":{"_acf_changed":false,"footnotes":""},"categories":[1,74,65,36],"tags":[229,78,230,95],"class_list":["post-7094","post","type-post","status-publish","format-standard","has-post-thumbnail","hentry","category-aktualnosci","category-code-for-blue","category-edukacja-wodna","category-mobilab","tag-canpack","tag-code-for-blue","tag-magdalena-okolow","tag-mobilab"],"acf":[],"yoast_head":"<!-- This site is optimized with the Yoast SEO Premium plugin v23.4 (Yoast SEO v27.4) - https:\/\/yoast.com\/product\/yoast-seo-premium-wordpress\/ -->\n<title>Czy Wis\u0142a jest czysta? Okazuje si\u0119, \u017ce jest pe\u0142na \u017cycia<\/title>\n<meta name=\"description\" content=\"Bentos w Wi\u015ble ma si\u0119 dobrze. Na bulwarach wi\u015blanych sprawdzali\u015bmy stopie\u0144 czysto\u015bci rzeki i przez kupy ogl\u0105dali\u015bmy \u017cyj\u0105ce w niej organizmy.\" \/>\n<meta name=\"robots\" content=\"index, follow, max-snippet:-1, max-image-preview:large, max-video-preview:-1\" \/>\n<link rel=\"canonical\" href=\"https:\/\/www.cfg.edu.pl\/eng\/blog\/warsztaty-nad-woda-co-zyje-w-wisle-i-czy-edukacje-terenowa-poprowadzi-kazdy-nauczyciel\/\" \/>\n<meta property=\"og:locale\" content=\"en_GB\" \/>\n<meta property=\"og:type\" content=\"article\" \/>\n<meta property=\"og:title\" content=\"Warsztaty nad wod\u0105. Co \u017cyje w Wi\u015ble i czy edukacj\u0119 terenow\u0105 poprowadzi ka\u017cdy nauczyciel?\" \/>\n<meta property=\"og:description\" content=\"Bentos w Wi\u015ble ma si\u0119 dobrze. Na bulwarach wi\u015blanych sprawdzali\u015bmy stopie\u0144 czysto\u015bci rzeki i przez kupy ogl\u0105dali\u015bmy \u017cyj\u0105ce w niej organizmy.\" \/>\n<meta property=\"og:url\" content=\"https:\/\/www.cfg.edu.pl\/eng\/blog\/warsztaty-nad-woda-co-zyje-w-wisle-i-czy-edukacje-terenowa-poprowadzi-kazdy-nauczyciel\/\" \/>\n<meta property=\"og:site_name\" content=\"Code for Green\" \/>\n<meta property=\"article:publisher\" content=\"https:\/\/www.facebook.com\/FundacjaForumInicjatywSpolecznych\/\" \/>\n<meta property=\"article:published_time\" content=\"2025-09-22T04:20:00+00:00\" \/>\n<meta property=\"og:image\" content=\"https:\/\/www.cfg.edu.pl\/wp-content\/uploads\/2025\/09\/warsztatyCFB_CanpackKrakow48-Sredni.jpeg\" \/>\n\t<meta property=\"og:image:width\" content=\"640\" \/>\n\t<meta property=\"og:image:height\" content=\"480\" \/>\n\t<meta property=\"og:image:type\" content=\"image\/jpeg\" \/>\n<meta name=\"author\" content=\"Iwona Danilewicz\" \/>\n<meta name=\"twitter:card\" content=\"summary_large_image\" \/>\n<meta name=\"twitter:label1\" content=\"Written by\" \/>\n\t<meta name=\"twitter:data1\" content=\"Iwona Danilewicz\" \/>\n\t<meta name=\"twitter:label2\" content=\"Est. reading time\" \/>\n\t<meta name=\"twitter:data2\" content=\"8 minutes\" \/>\n<script type=\"application\/ld+json\" class=\"yoast-schema-graph\">{\"@context\":\"https:\\\/\\\/schema.org\",\"@graph\":[{\"@type\":\"Article\",\"@id\":\"https:\\\/\\\/www.cfg.edu.pl\\\/blog\\\/warsztaty-nad-woda-co-zyje-w-wisle-i-czy-edukacje-terenowa-poprowadzi-kazdy-nauczyciel\\\/#article\",\"isPartOf\":{\"@id\":\"https:\\\/\\\/www.cfg.edu.pl\\\/blog\\\/warsztaty-nad-woda-co-zyje-w-wisle-i-czy-edukacje-terenowa-poprowadzi-kazdy-nauczyciel\\\/\"},\"author\":{\"name\":\"Iwona Danilewicz\",\"@id\":\"https:\\\/\\\/www.cfg.edu.pl\\\/#\\\/schema\\\/person\\\/fdc9fdf7fb9849e5a56520737e800c31\"},\"headline\":\"Warsztaty nad wod\u0105. Co \u017cyje w Wi\u015ble i czy edukacj\u0119 terenow\u0105 poprowadzi ka\u017cdy nauczyciel?\",\"datePublished\":\"2025-09-22T04:20:00+00:00\",\"mainEntityOfPage\":{\"@id\":\"https:\\\/\\\/www.cfg.edu.pl\\\/blog\\\/warsztaty-nad-woda-co-zyje-w-wisle-i-czy-edukacje-terenowa-poprowadzi-kazdy-nauczyciel\\\/\"},\"wordCount\":905,\"publisher\":{\"@id\":\"https:\\\/\\\/www.cfg.edu.pl\\\/#organization\"},\"image\":{\"@id\":\"https:\\\/\\\/www.cfg.edu.pl\\\/blog\\\/warsztaty-nad-woda-co-zyje-w-wisle-i-czy-edukacje-terenowa-poprowadzi-kazdy-nauczyciel\\\/#primaryimage\"},\"thumbnailUrl\":\"https:\\\/\\\/www.cfg.edu.pl\\\/wp-content\\\/uploads\\\/2025\\\/09\\\/warsztatyCFB_CanpackKrakow48-Sredni.jpeg\",\"keywords\":[\"Canpack\",\"Code for Blue\",\"Magdalena Oko\u0142\u00f3w\",\"Mobilab\"],\"articleSection\":[\"Aktualno\u015bci\",\"Code for Blue\",\"Edukacja wodna\",\"MobiLab\"],\"inLanguage\":\"en-GB\"},{\"@type\":\"WebPage\",\"@id\":\"https:\\\/\\\/www.cfg.edu.pl\\\/blog\\\/warsztaty-nad-woda-co-zyje-w-wisle-i-czy-edukacje-terenowa-poprowadzi-kazdy-nauczyciel\\\/\",\"url\":\"https:\\\/\\\/www.cfg.edu.pl\\\/blog\\\/warsztaty-nad-woda-co-zyje-w-wisle-i-czy-edukacje-terenowa-poprowadzi-kazdy-nauczyciel\\\/\",\"name\":\"Czy Wis\u0142a jest czysta? Okazuje si\u0119, \u017ce jest pe\u0142na \u017cycia\",\"isPartOf\":{\"@id\":\"https:\\\/\\\/www.cfg.edu.pl\\\/#website\"},\"primaryImageOfPage\":{\"@id\":\"https:\\\/\\\/www.cfg.edu.pl\\\/blog\\\/warsztaty-nad-woda-co-zyje-w-wisle-i-czy-edukacje-terenowa-poprowadzi-kazdy-nauczyciel\\\/#primaryimage\"},\"image\":{\"@id\":\"https:\\\/\\\/www.cfg.edu.pl\\\/blog\\\/warsztaty-nad-woda-co-zyje-w-wisle-i-czy-edukacje-terenowa-poprowadzi-kazdy-nauczyciel\\\/#primaryimage\"},\"thumbnailUrl\":\"https:\\\/\\\/www.cfg.edu.pl\\\/wp-content\\\/uploads\\\/2025\\\/09\\\/warsztatyCFB_CanpackKrakow48-Sredni.jpeg\",\"datePublished\":\"2025-09-22T04:20:00+00:00\",\"description\":\"Bentos w Wi\u015ble ma si\u0119 dobrze. Na bulwarach wi\u015blanych sprawdzali\u015bmy stopie\u0144 czysto\u015bci rzeki i przez kupy ogl\u0105dali\u015bmy \u017cyj\u0105ce w niej organizmy.\",\"breadcrumb\":{\"@id\":\"https:\\\/\\\/www.cfg.edu.pl\\\/blog\\\/warsztaty-nad-woda-co-zyje-w-wisle-i-czy-edukacje-terenowa-poprowadzi-kazdy-nauczyciel\\\/#breadcrumb\"},\"inLanguage\":\"en-GB\",\"potentialAction\":[{\"@type\":\"ReadAction\",\"target\":[\"https:\\\/\\\/www.cfg.edu.pl\\\/blog\\\/warsztaty-nad-woda-co-zyje-w-wisle-i-czy-edukacje-terenowa-poprowadzi-kazdy-nauczyciel\\\/\"]}]},{\"@type\":\"ImageObject\",\"inLanguage\":\"en-GB\",\"@id\":\"https:\\\/\\\/www.cfg.edu.pl\\\/blog\\\/warsztaty-nad-woda-co-zyje-w-wisle-i-czy-edukacje-terenowa-poprowadzi-kazdy-nauczyciel\\\/#primaryimage\",\"url\":\"https:\\\/\\\/www.cfg.edu.pl\\\/wp-content\\\/uploads\\\/2025\\\/09\\\/warsztatyCFB_CanpackKrakow48-Sredni.jpeg\",\"contentUrl\":\"https:\\\/\\\/www.cfg.edu.pl\\\/wp-content\\\/uploads\\\/2025\\\/09\\\/warsztatyCFB_CanpackKrakow48-Sredni.jpeg\",\"width\":640,\"height\":480},{\"@type\":\"BreadcrumbList\",\"@id\":\"https:\\\/\\\/www.cfg.edu.pl\\\/blog\\\/warsztaty-nad-woda-co-zyje-w-wisle-i-czy-edukacje-terenowa-poprowadzi-kazdy-nauczyciel\\\/#breadcrumb\",\"itemListElement\":[{\"@type\":\"ListItem\",\"position\":1,\"name\":\"Home\",\"item\":\"https:\\\/\\\/www.cfg.edu.pl\\\/\"},{\"@type\":\"ListItem\",\"position\":2,\"name\":\"Warsztaty nad wod\u0105. Co \u017cyje w Wi\u015ble i czy edukacj\u0119 terenow\u0105 poprowadzi ka\u017cdy nauczyciel?\"}]},{\"@type\":\"WebSite\",\"@id\":\"https:\\\/\\\/www.cfg.edu.pl\\\/#website\",\"url\":\"https:\\\/\\\/www.cfg.edu.pl\\\/\",\"name\":\"Fundacja Code for Green\",\"description\":\"Edukacja, \u015arodowisko, Sprawczo\u015b\u0107, Technologia\",\"publisher\":{\"@id\":\"https:\\\/\\\/www.cfg.edu.pl\\\/#organization\"},\"alternateName\":\"Code for Green\",\"potentialAction\":[{\"@type\":\"SearchAction\",\"target\":{\"@type\":\"EntryPoint\",\"urlTemplate\":\"https:\\\/\\\/www.cfg.edu.pl\\\/?s={search_term_string}\"},\"query-input\":{\"@type\":\"PropertyValueSpecification\",\"valueRequired\":true,\"valueName\":\"search_term_string\"}}],\"inLanguage\":\"en-GB\"},{\"@type\":\"Organization\",\"@id\":\"https:\\\/\\\/www.cfg.edu.pl\\\/#organization\",\"name\":\"Code for Green\",\"alternateName\":\"Fundacja Forum Inicjatyw Spo\u0142ecznych\",\"url\":\"https:\\\/\\\/www.cfg.edu.pl\\\/\",\"logo\":{\"@type\":\"ImageObject\",\"inLanguage\":\"en-GB\",\"@id\":\"https:\\\/\\\/www.cfg.edu.pl\\\/#\\\/schema\\\/logo\\\/image\\\/\",\"url\":\"https:\\\/\\\/www.cfg.edu.pl\\\/wp-content\\\/uploads\\\/2024\\\/02\\\/FUNDACJA_Code_for_Green_logo.svg\",\"contentUrl\":\"https:\\\/\\\/www.cfg.edu.pl\\\/wp-content\\\/uploads\\\/2024\\\/02\\\/FUNDACJA_Code_for_Green_logo.svg\",\"width\":236,\"height\":111,\"caption\":\"Code for Green\"},\"image\":{\"@id\":\"https:\\\/\\\/www.cfg.edu.pl\\\/#\\\/schema\\\/logo\\\/image\\\/\"},\"sameAs\":[\"https:\\\/\\\/www.facebook.com\\\/FundacjaForumInicjatywSpolecznych\\\/\",\"https:\\\/\\\/www.youtube.com\\\/@fundacjaforuminicjatywspoe6910\\\/featured\"],\"description\":\"Jeste\u015bmy polsk\u0105 organizacj\u0105 non-profit, kt\u00f3ra od 2018 roku aktywnie wprowadza sprawcza edukacj\u0119 \u015brodowiskow\u0105 do szk\u00f3\u0142, by m\u0142odzi potrafili rozwi\u0105zywa\u0107 lokalne problemy wykorzystuj\u0105c technologie cyfrowe. Kszta\u0142cimy nauczycieli \u2013 przekszta\u0142camy szko\u0142\u0119 w centrum edukacji \u015brodowiskowej.\",\"email\":\"biuro@ffis.edu.pl\",\"legalName\":\"Fundacja Forum Inicjatyw Spo\u0142ecznych\",\"vatID\":\"PL8442359966\",\"taxID\":\"8442359966\"},{\"@type\":\"Person\",\"@id\":\"https:\\\/\\\/www.cfg.edu.pl\\\/#\\\/schema\\\/person\\\/fdc9fdf7fb9849e5a56520737e800c31\",\"name\":\"Iwona Danilewicz\",\"image\":{\"@type\":\"ImageObject\",\"inLanguage\":\"en-GB\",\"@id\":\"https:\\\/\\\/secure.gravatar.com\\\/avatar\\\/2ae8921d776b718c1a50fff3daae571e64f82b2a3f1f3de3f168bdd28d48343d?s=96&d=mm&r=g\",\"url\":\"https:\\\/\\\/secure.gravatar.com\\\/avatar\\\/2ae8921d776b718c1a50fff3daae571e64f82b2a3f1f3de3f168bdd28d48343d?s=96&d=mm&r=g\",\"contentUrl\":\"https:\\\/\\\/secure.gravatar.com\\\/avatar\\\/2ae8921d776b718c1a50fff3daae571e64f82b2a3f1f3de3f168bdd28d48343d?s=96&d=mm&r=g\",\"caption\":\"Iwona Danilewicz\"}}]}<\/script>\n<!-- \/ Yoast SEO Premium plugin. -->","yoast_head_json":{"title":"Czy Wis\u0142a jest czysta? Okazuje si\u0119, \u017ce jest pe\u0142na \u017cycia","description":"Bentos w Wi\u015ble ma si\u0119 dobrze. Na bulwarach wi\u015blanych sprawdzali\u015bmy stopie\u0144 czysto\u015bci rzeki i przez kupy ogl\u0105dali\u015bmy \u017cyj\u0105ce w niej organizmy.","robots":{"index":"index","follow":"follow","max-snippet":"max-snippet:-1","max-image-preview":"max-image-preview:large","max-video-preview":"max-video-preview:-1"},"canonical":"https:\/\/www.cfg.edu.pl\/eng\/blog\/warsztaty-nad-woda-co-zyje-w-wisle-i-czy-edukacje-terenowa-poprowadzi-kazdy-nauczyciel\/","og_locale":"en_GB","og_type":"article","og_title":"Warsztaty nad wod\u0105. Co \u017cyje w Wi\u015ble i czy edukacj\u0119 terenow\u0105 poprowadzi ka\u017cdy nauczyciel?","og_description":"Bentos w Wi\u015ble ma si\u0119 dobrze. Na bulwarach wi\u015blanych sprawdzali\u015bmy stopie\u0144 czysto\u015bci rzeki i przez kupy ogl\u0105dali\u015bmy \u017cyj\u0105ce w niej organizmy.","og_url":"https:\/\/www.cfg.edu.pl\/eng\/blog\/warsztaty-nad-woda-co-zyje-w-wisle-i-czy-edukacje-terenowa-poprowadzi-kazdy-nauczyciel\/","og_site_name":"Code for Green","article_publisher":"https:\/\/www.facebook.com\/FundacjaForumInicjatywSpolecznych\/","article_published_time":"2025-09-22T04:20:00+00:00","og_image":[{"width":640,"height":480,"url":"https:\/\/www.cfg.edu.pl\/wp-content\/uploads\/2025\/09\/warsztatyCFB_CanpackKrakow48-Sredni.jpeg","type":"image\/jpeg"}],"author":"Iwona Danilewicz","twitter_card":"summary_large_image","twitter_misc":{"Written by":"Iwona Danilewicz","Est. reading time":"8 minutes"},"schema":{"@context":"https:\/\/schema.org","@graph":[{"@type":"Article","@id":"https:\/\/www.cfg.edu.pl\/blog\/warsztaty-nad-woda-co-zyje-w-wisle-i-czy-edukacje-terenowa-poprowadzi-kazdy-nauczyciel\/#article","isPartOf":{"@id":"https:\/\/www.cfg.edu.pl\/blog\/warsztaty-nad-woda-co-zyje-w-wisle-i-czy-edukacje-terenowa-poprowadzi-kazdy-nauczyciel\/"},"author":{"name":"Iwona Danilewicz","@id":"https:\/\/www.cfg.edu.pl\/#\/schema\/person\/fdc9fdf7fb9849e5a56520737e800c31"},"headline":"Warsztaty nad wod\u0105. Co \u017cyje w Wi\u015ble i czy edukacj\u0119 terenow\u0105 poprowadzi ka\u017cdy nauczyciel?","datePublished":"2025-09-22T04:20:00+00:00","mainEntityOfPage":{"@id":"https:\/\/www.cfg.edu.pl\/blog\/warsztaty-nad-woda-co-zyje-w-wisle-i-czy-edukacje-terenowa-poprowadzi-kazdy-nauczyciel\/"},"wordCount":905,"publisher":{"@id":"https:\/\/www.cfg.edu.pl\/#organization"},"image":{"@id":"https:\/\/www.cfg.edu.pl\/blog\/warsztaty-nad-woda-co-zyje-w-wisle-i-czy-edukacje-terenowa-poprowadzi-kazdy-nauczyciel\/#primaryimage"},"thumbnailUrl":"https:\/\/www.cfg.edu.pl\/wp-content\/uploads\/2025\/09\/warsztatyCFB_CanpackKrakow48-Sredni.jpeg","keywords":["Canpack","Code for Blue","Magdalena Oko\u0142\u00f3w","Mobilab"],"articleSection":["Aktualno\u015bci","Code for Blue","Edukacja wodna","MobiLab"],"inLanguage":"en-GB"},{"@type":"WebPage","@id":"https:\/\/www.cfg.edu.pl\/blog\/warsztaty-nad-woda-co-zyje-w-wisle-i-czy-edukacje-terenowa-poprowadzi-kazdy-nauczyciel\/","url":"https:\/\/www.cfg.edu.pl\/blog\/warsztaty-nad-woda-co-zyje-w-wisle-i-czy-edukacje-terenowa-poprowadzi-kazdy-nauczyciel\/","name":"Czy Wis\u0142a jest czysta? Okazuje si\u0119, \u017ce jest pe\u0142na \u017cycia","isPartOf":{"@id":"https:\/\/www.cfg.edu.pl\/#website"},"primaryImageOfPage":{"@id":"https:\/\/www.cfg.edu.pl\/blog\/warsztaty-nad-woda-co-zyje-w-wisle-i-czy-edukacje-terenowa-poprowadzi-kazdy-nauczyciel\/#primaryimage"},"image":{"@id":"https:\/\/www.cfg.edu.pl\/blog\/warsztaty-nad-woda-co-zyje-w-wisle-i-czy-edukacje-terenowa-poprowadzi-kazdy-nauczyciel\/#primaryimage"},"thumbnailUrl":"https:\/\/www.cfg.edu.pl\/wp-content\/uploads\/2025\/09\/warsztatyCFB_CanpackKrakow48-Sredni.jpeg","datePublished":"2025-09-22T04:20:00+00:00","description":"Bentos w Wi\u015ble ma si\u0119 dobrze. Na bulwarach wi\u015blanych sprawdzali\u015bmy stopie\u0144 czysto\u015bci rzeki i przez kupy ogl\u0105dali\u015bmy \u017cyj\u0105ce w niej organizmy.","breadcrumb":{"@id":"https:\/\/www.cfg.edu.pl\/blog\/warsztaty-nad-woda-co-zyje-w-wisle-i-czy-edukacje-terenowa-poprowadzi-kazdy-nauczyciel\/#breadcrumb"},"inLanguage":"en-GB","potentialAction":[{"@type":"ReadAction","target":["https:\/\/www.cfg.edu.pl\/blog\/warsztaty-nad-woda-co-zyje-w-wisle-i-czy-edukacje-terenowa-poprowadzi-kazdy-nauczyciel\/"]}]},{"@type":"ImageObject","inLanguage":"en-GB","@id":"https:\/\/www.cfg.edu.pl\/blog\/warsztaty-nad-woda-co-zyje-w-wisle-i-czy-edukacje-terenowa-poprowadzi-kazdy-nauczyciel\/#primaryimage","url":"https:\/\/www.cfg.edu.pl\/wp-content\/uploads\/2025\/09\/warsztatyCFB_CanpackKrakow48-Sredni.jpeg","contentUrl":"https:\/\/www.cfg.edu.pl\/wp-content\/uploads\/2025\/09\/warsztatyCFB_CanpackKrakow48-Sredni.jpeg","width":640,"height":480},{"@type":"BreadcrumbList","@id":"https:\/\/www.cfg.edu.pl\/blog\/warsztaty-nad-woda-co-zyje-w-wisle-i-czy-edukacje-terenowa-poprowadzi-kazdy-nauczyciel\/#breadcrumb","itemListElement":[{"@type":"ListItem","position":1,"name":"Home","item":"https:\/\/www.cfg.edu.pl\/"},{"@type":"ListItem","position":2,"name":"Warsztaty nad wod\u0105. Co \u017cyje w Wi\u015ble i czy edukacj\u0119 terenow\u0105 poprowadzi ka\u017cdy nauczyciel?"}]},{"@type":"WebSite","@id":"https:\/\/www.cfg.edu.pl\/#website","url":"https:\/\/www.cfg.edu.pl\/","name":"Code for Green Foundation","description":"Edukacja, \u015arodowisko, Sprawczo\u015b\u0107, Technologia","publisher":{"@id":"https:\/\/www.cfg.edu.pl\/#organization"},"alternateName":"Code for Green","potentialAction":[{"@type":"SearchAction","target":{"@type":"EntryPoint","urlTemplate":"https:\/\/www.cfg.edu.pl\/?s={search_term_string}"},"query-input":{"@type":"PropertyValueSpecification","valueRequired":true,"valueName":"search_term_string"}}],"inLanguage":"en-GB"},{"@type":"Organization","@id":"https:\/\/www.cfg.edu.pl\/#organization","name":"Code for Green","alternateName":"Fundacja Forum Inicjatyw Spo\u0142ecznych","url":"https:\/\/www.cfg.edu.pl\/","logo":{"@type":"ImageObject","inLanguage":"en-GB","@id":"https:\/\/www.cfg.edu.pl\/#\/schema\/logo\/image\/","url":"https:\/\/www.cfg.edu.pl\/wp-content\/uploads\/2024\/02\/FUNDACJA_Code_for_Green_logo.svg","contentUrl":"https:\/\/www.cfg.edu.pl\/wp-content\/uploads\/2024\/02\/FUNDACJA_Code_for_Green_logo.svg","width":236,"height":111,"caption":"Code for Green"},"image":{"@id":"https:\/\/www.cfg.edu.pl\/#\/schema\/logo\/image\/"},"sameAs":["https:\/\/www.facebook.com\/FundacjaForumInicjatywSpolecznych\/","https:\/\/www.youtube.com\/@fundacjaforuminicjatywspoe6910\/featured"],"description":"Jeste\u015bmy polsk\u0105 organizacj\u0105 non-profit, kt\u00f3ra od 2018 roku aktywnie wprowadza sprawcza edukacj\u0119 \u015brodowiskow\u0105 do szk\u00f3\u0142, by m\u0142odzi potrafili rozwi\u0105zywa\u0107 lokalne problemy wykorzystuj\u0105c technologie cyfrowe. Kszta\u0142cimy nauczycieli \u2013 przekszta\u0142camy szko\u0142\u0119 w centrum edukacji \u015brodowiskowej.","email":"biuro@ffis.edu.pl","legalName":"Fundacja Forum Inicjatyw Spo\u0142ecznych","vatID":"PL8442359966","taxID":"8442359966"},{"@type":"Person","@id":"https:\/\/www.cfg.edu.pl\/#\/schema\/person\/fdc9fdf7fb9849e5a56520737e800c31","name":"Iwona Danilewicz","image":{"@type":"ImageObject","inLanguage":"en-GB","@id":"https:\/\/secure.gravatar.com\/avatar\/2ae8921d776b718c1a50fff3daae571e64f82b2a3f1f3de3f168bdd28d48343d?s=96&d=mm&r=g","url":"https:\/\/secure.gravatar.com\/avatar\/2ae8921d776b718c1a50fff3daae571e64f82b2a3f1f3de3f168bdd28d48343d?s=96&d=mm&r=g","contentUrl":"https:\/\/secure.gravatar.com\/avatar\/2ae8921d776b718c1a50fff3daae571e64f82b2a3f1f3de3f168bdd28d48343d?s=96&d=mm&r=g","caption":"Iwona Danilewicz"}}]}},"_links":{"self":[{"href":"https:\/\/www.cfg.edu.pl\/eng\/wp-json\/wp\/v2\/posts\/7094","targetHints":{"allow":["GET"]}}],"collection":[{"href":"https:\/\/www.cfg.edu.pl\/eng\/wp-json\/wp\/v2\/posts"}],"about":[{"href":"https:\/\/www.cfg.edu.pl\/eng\/wp-json\/wp\/v2\/types\/post"}],"author":[{"embeddable":true,"href":"https:\/\/www.cfg.edu.pl\/eng\/wp-json\/wp\/v2\/users\/8"}],"replies":[{"embeddable":true,"href":"https:\/\/www.cfg.edu.pl\/eng\/wp-json\/wp\/v2\/comments?post=7094"}],"version-history":[{"count":1,"href":"https:\/\/www.cfg.edu.pl\/eng\/wp-json\/wp\/v2\/posts\/7094\/revisions"}],"predecessor-version":[{"id":7110,"href":"https:\/\/www.cfg.edu.pl\/eng\/wp-json\/wp\/v2\/posts\/7094\/revisions\/7110"}],"wp:featuredmedia":[{"embeddable":true,"href":"https:\/\/www.cfg.edu.pl\/eng\/wp-json\/wp\/v2\/media\/7101"}],"wp:attachment":[{"href":"https:\/\/www.cfg.edu.pl\/eng\/wp-json\/wp\/v2\/media?parent=7094"}],"wp:term":[{"taxonomy":"category","embeddable":true,"href":"https:\/\/www.cfg.edu.pl\/eng\/wp-json\/wp\/v2\/categories?post=7094"},{"taxonomy":"post_tag","embeddable":true,"href":"https:\/\/www.cfg.edu.pl\/eng\/wp-json\/wp\/v2\/tags?post=7094"}],"curies":[{"name":"wp","href":"https:\/\/api.w.org\/{rel}","templated":true}]}}