{"id":7111,"date":"2025-09-23T06:54:00","date_gmt":"2025-09-23T04:54:00","guid":{"rendered":"https:\/\/www.cfg.edu.pl\/?p=7111"},"modified":"2025-09-21T19:59:51","modified_gmt":"2025-09-21T17:59:51","slug":"mobilab-na-torunskiej-nocy-naukowcow-2025-w-mlynie-wiedzy","status":"publish","type":"post","link":"https:\/\/www.cfg.edu.pl\/eng\/blog\/mobilab-na-torunskiej-nocy-naukowcow-2025-w-mlynie-wiedzy\/","title":{"rendered":"MobiLab at the 2025 Toru\u0144 Science Night in the Mill of Knowledge"},"content":{"rendered":"<h3 style=\"text-align: justify;\" data-start=\"174\" data-end=\"544\">W tym roku Toru\u0144ska Noc Naukowc\u00f3w zapowiada si\u0119 wyj\u0105tkowo ekscytuj\u0105co, w Centrum Nowoczesno\u015bci M\u0142yn Wiedzy pojawi si\u0119 m.in. MobiLab, mobilne laboratorium edukacji klimatycznej Fundacji Code for Green. Wydarzenie odb\u0119dzie si\u0119 26 wrze\u015bnia w godz. 16:00\u201322:00 i ju\u017c tradycyjnie wype\u0142ni przestrzenie M\u0142yna Wiedzy pokazami, warsztatami i spotkaniami z naukowcami z ca\u0142ej Polski.<\/h3>\n<p style=\"text-align: justify;\" data-start=\"546\" data-end=\"908\">MobiLab stanie przed budynkiem MW1 i zaoferuje zaj\u0119cia terenowe po\u015bwi\u0119cone zasobom wodnym i ich ochronie. Uczestnicy b\u0119d\u0105 mogli wsp\u00f3lnie pobra\u0107 pr\u00f3bki wody z rzeki i przebada\u0107 je m.in. pod k\u0105tem gatunk\u00f3w wska\u017anikowych makrozoobentosu. Zaj\u0119cia b\u0119d\u0105 trwa\u0142y przez ca\u0142y czas trwania wydarzenia, a wsparcie merytoryczne zapewni\u0105 nasi fundacyjni eksperci &#8211; Piotr Niezna\u0144ski i Magdalena Oko\u0142\u00f3w.<\/p>\n<p style=\"text-align: justify;\" data-start=\"910\" data-end=\"1356\">MobiLab to nowoczesne, mobilne laboratorium warsztatowe, kt\u00f3re \u0142\u0105czy technologie z edukacj\u0105 terenow\u0105 w obszarze klimatu, wody i bior\u00f3\u017cnorodno\u015bci. Powsta\u0142o w ramach autorskiej metody <strong data-start=\"1092\" data-end=\"1111\">Code for Green\u00ae<\/strong>, opracowanej przez Fundacj\u0119 wraz z ekspertami z Uniwersytetu Adama Mickiewicza i Politechniki Pozna\u0144skiej. Celem MobiLab jest rozwijanie kompetencji m\u0142odych ludzi potrzebnych do rozumienia i wsp\u00f3\u0142tworzenia rozwi\u0105za\u0144 wobec zmian klimatycznych.<\/p>\n<p style=\"text-align: justify;\" data-start=\"1358\" data-end=\"1666\">W MobiLabie uczestnicy b\u0119d\u0105 mogli prowadzi\u0107 praktyczne badania \u015brodowiska z u\u017cyciem nowoczesnych technologii, takich jak mikroskopy, termowizja, tablety czy mapowanie terenu. Warsztaty pozwol\u0105 rozwija\u0107 umiej\u0119tno\u015bci badawcze, krytyczne my\u015blenie i empati\u0119, czyli kompetencje kluczowe w edukacji przysz\u0142o\u015bci.<\/p>\n<p style=\"text-align: justify;\" data-start=\"1668\" data-end=\"2011\">Torun\u0301ska Noc Naukowc\u00f3w to tak\u017ce wiele innych atrakcji: eksperymenty z glonami wulkanicznymi na ISS, pokazy Heweliuszy Nauki, s\u0142ynne P\u00f3\u0142kule magdeburskie oraz debaty o ochronie \u015brodowiska i klimatu. Warto pojawi\u0107 si\u0119 w M\u0142ynie Wiedzy nie tylko po to, by zobaczy\u0107 nauk\u0119 w akcji, ale tak\u017ce, by wzi\u0105\u0107 udzia\u0142 w praktycznych badaniach z MobiLabem.<\/p>\n<p style=\"text-align: justify;\" data-start=\"2013\" data-end=\"2148\">Szczeg\u00f3\u0142y o wydarzeniu i wej\u015bci\u00f3wki na warsztaty w budynku MW1 dost\u0119pne s\u0105 na stronie <a class=\"decorated-link\" href=\"https:\/\/mlynwiedzy.org.pl\" target=\"_new\" rel=\"noopener\" data-start=\"2099\" data-end=\"2145\">mlynwiedzy.org.pl<\/a>.<\/p>\n<p style=\"text-align: justify;\" data-start=\"2150\" data-end=\"2227\"><strong data-start=\"2150\" data-end=\"2225\">Eksperymentuj, odkrywaj, baw si\u0119 nauk\u0105 &#8211; spotkajmy si\u0119 w M\u0142ynie Wiedzy!<\/strong><\/p>","protected":false},"excerpt":{"rendered":"<p>W tym roku Toru\u0144ska Noc Naukowc\u00f3w zapowiada si\u0119 wyj\u0105tkowo ekscytuj\u0105co, w Centrum Nowoczesno\u015bci M\u0142yn Wiedzy pojawi si\u0119 m.in. MobiLab, mobilne laboratorium edukacji klimatycznej Fundacji Code for Green. Wydarzenie odb\u0119dzie si\u0119 26 wrze\u015bnia w godz. 16:00\u201322:00 i ju\u017c tradycyjnie wype\u0142ni przestrzenie M\u0142yna Wiedzy pokazami, warsztatami i spotkaniami z naukowcami z ca\u0142ej Polski. MobiLab stanie przed budynkiem [&hellip;]<\/p>\n","protected":false},"author":8,"featured_media":5507,"comment_status":"closed","ping_status":"closed","sticky":false,"template":"","format":"standard","meta":{"_acf_changed":false,"footnotes":""},"categories":[1,65,36],"tags":[112,230,95,79,231],"class_list":["post-7111","post","type-post","status-publish","format-standard","has-post-thumbnail","hentry","category-aktualnosci","category-edukacja-wodna","category-mobilab","tag-edukacja-o-wodzie","tag-magdalena-okolow","tag-mobilab","tag-piotr-nieznanski","tag-torunska-noc-naukowcow"],"acf":[],"yoast_head":"<!-- This site is optimized with the Yoast SEO Premium plugin v23.4 (Yoast SEO v27.4) - https:\/\/yoast.com\/product\/yoast-seo-premium-wordpress\/ -->\n<title>MobiLab na Toru\u0144skiej Nocy Naukowc\u00f3w 2025 w M\u0142ynie Wiedzy - Code for Green<\/title>\n<meta name=\"description\" content=\"Przed nami bardzo interesuj\u0105ce wydarzenie dla badaczy w ka\u017cdym wieku. Szczeg\u00f3lnie zapraszamy najm\u0142odszych do naszego MobiLabu.\" \/>\n<meta name=\"robots\" content=\"index, follow, max-snippet:-1, max-image-preview:large, max-video-preview:-1\" \/>\n<link rel=\"canonical\" href=\"https:\/\/www.cfg.edu.pl\/eng\/blog\/mobilab-na-torunskiej-nocy-naukowcow-2025-w-mlynie-wiedzy\/\" \/>\n<meta property=\"og:locale\" content=\"en_GB\" \/>\n<meta property=\"og:type\" content=\"article\" \/>\n<meta property=\"og:title\" content=\"MobiLab na Toru\u0144skiej Nocy Naukowc\u00f3w 2025 w M\u0142ynie Wiedzy\" \/>\n<meta property=\"og:description\" content=\"Przed nami bardzo interesuj\u0105ce wydarzenie dla badaczy w ka\u017cdym wieku. Szczeg\u00f3lnie zapraszamy najm\u0142odszych do naszego MobiLabu.\" \/>\n<meta property=\"og:url\" content=\"https:\/\/www.cfg.edu.pl\/eng\/blog\/mobilab-na-torunskiej-nocy-naukowcow-2025-w-mlynie-wiedzy\/\" \/>\n<meta property=\"og:site_name\" content=\"Code for Green\" \/>\n<meta property=\"article:publisher\" content=\"https:\/\/www.facebook.com\/FundacjaForumInicjatywSpolecznych\/\" \/>\n<meta property=\"article:published_time\" content=\"2025-09-23T04:54:00+00:00\" \/>\n<meta property=\"og:image\" content=\"https:\/\/www.cfg.edu.pl\/wp-content\/uploads\/2024\/09\/MobiLab11.jpg\" \/>\n\t<meta property=\"og:image:width\" content=\"2048\" \/>\n\t<meta property=\"og:image:height\" content=\"1537\" \/>\n\t<meta property=\"og:image:type\" content=\"image\/jpeg\" \/>\n<meta name=\"author\" content=\"Iwona Danilewicz\" \/>\n<meta name=\"twitter:card\" content=\"summary_large_image\" \/>\n<meta name=\"twitter:label1\" content=\"Written by\" \/>\n\t<meta name=\"twitter:data1\" content=\"Iwona Danilewicz\" \/>\n\t<meta name=\"twitter:label2\" content=\"Est. reading time\" \/>\n\t<meta name=\"twitter:data2\" content=\"2 minutes\" \/>\n<script type=\"application\/ld+json\" class=\"yoast-schema-graph\">{\"@context\":\"https:\\\/\\\/schema.org\",\"@graph\":[{\"@type\":\"Article\",\"@id\":\"https:\\\/\\\/www.cfg.edu.pl\\\/blog\\\/mobilab-na-torunskiej-nocy-naukowcow-2025-w-mlynie-wiedzy\\\/#article\",\"isPartOf\":{\"@id\":\"https:\\\/\\\/www.cfg.edu.pl\\\/blog\\\/mobilab-na-torunskiej-nocy-naukowcow-2025-w-mlynie-wiedzy\\\/\"},\"author\":{\"name\":\"Iwona Danilewicz\",\"@id\":\"https:\\\/\\\/www.cfg.edu.pl\\\/#\\\/schema\\\/person\\\/fdc9fdf7fb9849e5a56520737e800c31\"},\"headline\":\"MobiLab na Toru\u0144skiej Nocy Naukowc\u00f3w 2025 w M\u0142ynie Wiedzy\",\"datePublished\":\"2025-09-23T04:54:00+00:00\",\"mainEntityOfPage\":{\"@id\":\"https:\\\/\\\/www.cfg.edu.pl\\\/blog\\\/mobilab-na-torunskiej-nocy-naukowcow-2025-w-mlynie-wiedzy\\\/\"},\"wordCount\":340,\"publisher\":{\"@id\":\"https:\\\/\\\/www.cfg.edu.pl\\\/#organization\"},\"image\":{\"@id\":\"https:\\\/\\\/www.cfg.edu.pl\\\/blog\\\/mobilab-na-torunskiej-nocy-naukowcow-2025-w-mlynie-wiedzy\\\/#primaryimage\"},\"thumbnailUrl\":\"https:\\\/\\\/www.cfg.edu.pl\\\/wp-content\\\/uploads\\\/2024\\\/09\\\/MobiLab11.jpg\",\"keywords\":[\"edukacja o wodzie\",\"Magdalena Oko\u0142\u00f3w\",\"Mobilab\",\"Piotr Niezna\u0144ski\",\"Toru\u0144ska Noc Naukowc\u00f3w\"],\"articleSection\":[\"Aktualno\u015bci\",\"Edukacja wodna\",\"MobiLab\"],\"inLanguage\":\"en-GB\"},{\"@type\":\"WebPage\",\"@id\":\"https:\\\/\\\/www.cfg.edu.pl\\\/blog\\\/mobilab-na-torunskiej-nocy-naukowcow-2025-w-mlynie-wiedzy\\\/\",\"url\":\"https:\\\/\\\/www.cfg.edu.pl\\\/blog\\\/mobilab-na-torunskiej-nocy-naukowcow-2025-w-mlynie-wiedzy\\\/\",\"name\":\"MobiLab na Toru\u0144skiej Nocy Naukowc\u00f3w 2025 w M\u0142ynie Wiedzy - Code for Green\",\"isPartOf\":{\"@id\":\"https:\\\/\\\/www.cfg.edu.pl\\\/#website\"},\"primaryImageOfPage\":{\"@id\":\"https:\\\/\\\/www.cfg.edu.pl\\\/blog\\\/mobilab-na-torunskiej-nocy-naukowcow-2025-w-mlynie-wiedzy\\\/#primaryimage\"},\"image\":{\"@id\":\"https:\\\/\\\/www.cfg.edu.pl\\\/blog\\\/mobilab-na-torunskiej-nocy-naukowcow-2025-w-mlynie-wiedzy\\\/#primaryimage\"},\"thumbnailUrl\":\"https:\\\/\\\/www.cfg.edu.pl\\\/wp-content\\\/uploads\\\/2024\\\/09\\\/MobiLab11.jpg\",\"datePublished\":\"2025-09-23T04:54:00+00:00\",\"description\":\"Przed nami bardzo interesuj\u0105ce wydarzenie dla badaczy w ka\u017cdym wieku. Szczeg\u00f3lnie zapraszamy najm\u0142odszych do naszego MobiLabu.\",\"breadcrumb\":{\"@id\":\"https:\\\/\\\/www.cfg.edu.pl\\\/blog\\\/mobilab-na-torunskiej-nocy-naukowcow-2025-w-mlynie-wiedzy\\\/#breadcrumb\"},\"inLanguage\":\"en-GB\",\"potentialAction\":[{\"@type\":\"ReadAction\",\"target\":[\"https:\\\/\\\/www.cfg.edu.pl\\\/blog\\\/mobilab-na-torunskiej-nocy-naukowcow-2025-w-mlynie-wiedzy\\\/\"]}]},{\"@type\":\"ImageObject\",\"inLanguage\":\"en-GB\",\"@id\":\"https:\\\/\\\/www.cfg.edu.pl\\\/blog\\\/mobilab-na-torunskiej-nocy-naukowcow-2025-w-mlynie-wiedzy\\\/#primaryimage\",\"url\":\"https:\\\/\\\/www.cfg.edu.pl\\\/wp-content\\\/uploads\\\/2024\\\/09\\\/MobiLab11.jpg\",\"contentUrl\":\"https:\\\/\\\/www.cfg.edu.pl\\\/wp-content\\\/uploads\\\/2024\\\/09\\\/MobiLab11.jpg\",\"width\":2048,\"height\":1537},{\"@type\":\"BreadcrumbList\",\"@id\":\"https:\\\/\\\/www.cfg.edu.pl\\\/blog\\\/mobilab-na-torunskiej-nocy-naukowcow-2025-w-mlynie-wiedzy\\\/#breadcrumb\",\"itemListElement\":[{\"@type\":\"ListItem\",\"position\":1,\"name\":\"Home\",\"item\":\"https:\\\/\\\/www.cfg.edu.pl\\\/\"},{\"@type\":\"ListItem\",\"position\":2,\"name\":\"MobiLab na Toru\u0144skiej Nocy Naukowc\u00f3w 2025 w M\u0142ynie Wiedzy\"}]},{\"@type\":\"WebSite\",\"@id\":\"https:\\\/\\\/www.cfg.edu.pl\\\/#website\",\"url\":\"https:\\\/\\\/www.cfg.edu.pl\\\/\",\"name\":\"Fundacja Code for Green\",\"description\":\"Edukacja, \u015arodowisko, Sprawczo\u015b\u0107, Technologia\",\"publisher\":{\"@id\":\"https:\\\/\\\/www.cfg.edu.pl\\\/#organization\"},\"alternateName\":\"Code for Green\",\"potentialAction\":[{\"@type\":\"SearchAction\",\"target\":{\"@type\":\"EntryPoint\",\"urlTemplate\":\"https:\\\/\\\/www.cfg.edu.pl\\\/?s={search_term_string}\"},\"query-input\":{\"@type\":\"PropertyValueSpecification\",\"valueRequired\":true,\"valueName\":\"search_term_string\"}}],\"inLanguage\":\"en-GB\"},{\"@type\":\"Organization\",\"@id\":\"https:\\\/\\\/www.cfg.edu.pl\\\/#organization\",\"name\":\"Code for Green\",\"alternateName\":\"Fundacja Forum Inicjatyw Spo\u0142ecznych\",\"url\":\"https:\\\/\\\/www.cfg.edu.pl\\\/\",\"logo\":{\"@type\":\"ImageObject\",\"inLanguage\":\"en-GB\",\"@id\":\"https:\\\/\\\/www.cfg.edu.pl\\\/#\\\/schema\\\/logo\\\/image\\\/\",\"url\":\"https:\\\/\\\/www.cfg.edu.pl\\\/wp-content\\\/uploads\\\/2024\\\/02\\\/FUNDACJA_Code_for_Green_logo.svg\",\"contentUrl\":\"https:\\\/\\\/www.cfg.edu.pl\\\/wp-content\\\/uploads\\\/2024\\\/02\\\/FUNDACJA_Code_for_Green_logo.svg\",\"width\":236,\"height\":111,\"caption\":\"Code for Green\"},\"image\":{\"@id\":\"https:\\\/\\\/www.cfg.edu.pl\\\/#\\\/schema\\\/logo\\\/image\\\/\"},\"sameAs\":[\"https:\\\/\\\/www.facebook.com\\\/FundacjaForumInicjatywSpolecznych\\\/\",\"https:\\\/\\\/www.youtube.com\\\/@fundacjaforuminicjatywspoe6910\\\/featured\"],\"description\":\"Jeste\u015bmy polsk\u0105 organizacj\u0105 non-profit, kt\u00f3ra od 2018 roku aktywnie wprowadza sprawcza edukacj\u0119 \u015brodowiskow\u0105 do szk\u00f3\u0142, by m\u0142odzi potrafili rozwi\u0105zywa\u0107 lokalne problemy wykorzystuj\u0105c technologie cyfrowe. Kszta\u0142cimy nauczycieli \u2013 przekszta\u0142camy szko\u0142\u0119 w centrum edukacji \u015brodowiskowej.\",\"email\":\"biuro@ffis.edu.pl\",\"legalName\":\"Fundacja Forum Inicjatyw Spo\u0142ecznych\",\"vatID\":\"PL8442359966\",\"taxID\":\"8442359966\"},{\"@type\":\"Person\",\"@id\":\"https:\\\/\\\/www.cfg.edu.pl\\\/#\\\/schema\\\/person\\\/fdc9fdf7fb9849e5a56520737e800c31\",\"name\":\"Iwona Danilewicz\",\"image\":{\"@type\":\"ImageObject\",\"inLanguage\":\"en-GB\",\"@id\":\"https:\\\/\\\/secure.gravatar.com\\\/avatar\\\/2ae8921d776b718c1a50fff3daae571e64f82b2a3f1f3de3f168bdd28d48343d?s=96&d=mm&r=g\",\"url\":\"https:\\\/\\\/secure.gravatar.com\\\/avatar\\\/2ae8921d776b718c1a50fff3daae571e64f82b2a3f1f3de3f168bdd28d48343d?s=96&d=mm&r=g\",\"contentUrl\":\"https:\\\/\\\/secure.gravatar.com\\\/avatar\\\/2ae8921d776b718c1a50fff3daae571e64f82b2a3f1f3de3f168bdd28d48343d?s=96&d=mm&r=g\",\"caption\":\"Iwona Danilewicz\"}}]}<\/script>\n<!-- \/ Yoast SEO Premium plugin. -->","yoast_head_json":{"title":"MobiLab na Toru\u0144skiej Nocy Naukowc\u00f3w 2025 w M\u0142ynie Wiedzy - Code for Green","description":"Przed nami bardzo interesuj\u0105ce wydarzenie dla badaczy w ka\u017cdym wieku. Szczeg\u00f3lnie zapraszamy najm\u0142odszych do naszego MobiLabu.","robots":{"index":"index","follow":"follow","max-snippet":"max-snippet:-1","max-image-preview":"max-image-preview:large","max-video-preview":"max-video-preview:-1"},"canonical":"https:\/\/www.cfg.edu.pl\/eng\/blog\/mobilab-na-torunskiej-nocy-naukowcow-2025-w-mlynie-wiedzy\/","og_locale":"en_GB","og_type":"article","og_title":"MobiLab na Toru\u0144skiej Nocy Naukowc\u00f3w 2025 w M\u0142ynie Wiedzy","og_description":"Przed nami bardzo interesuj\u0105ce wydarzenie dla badaczy w ka\u017cdym wieku. Szczeg\u00f3lnie zapraszamy najm\u0142odszych do naszego MobiLabu.","og_url":"https:\/\/www.cfg.edu.pl\/eng\/blog\/mobilab-na-torunskiej-nocy-naukowcow-2025-w-mlynie-wiedzy\/","og_site_name":"Code for Green","article_publisher":"https:\/\/www.facebook.com\/FundacjaForumInicjatywSpolecznych\/","article_published_time":"2025-09-23T04:54:00+00:00","og_image":[{"width":2048,"height":1537,"url":"https:\/\/www.cfg.edu.pl\/wp-content\/uploads\/2024\/09\/MobiLab11.jpg","type":"image\/jpeg"}],"author":"Iwona Danilewicz","twitter_card":"summary_large_image","twitter_misc":{"Written by":"Iwona Danilewicz","Est. reading time":"2 minutes"},"schema":{"@context":"https:\/\/schema.org","@graph":[{"@type":"Article","@id":"https:\/\/www.cfg.edu.pl\/blog\/mobilab-na-torunskiej-nocy-naukowcow-2025-w-mlynie-wiedzy\/#article","isPartOf":{"@id":"https:\/\/www.cfg.edu.pl\/blog\/mobilab-na-torunskiej-nocy-naukowcow-2025-w-mlynie-wiedzy\/"},"author":{"name":"Iwona Danilewicz","@id":"https:\/\/www.cfg.edu.pl\/#\/schema\/person\/fdc9fdf7fb9849e5a56520737e800c31"},"headline":"MobiLab na Toru\u0144skiej Nocy Naukowc\u00f3w 2025 w M\u0142ynie Wiedzy","datePublished":"2025-09-23T04:54:00+00:00","mainEntityOfPage":{"@id":"https:\/\/www.cfg.edu.pl\/blog\/mobilab-na-torunskiej-nocy-naukowcow-2025-w-mlynie-wiedzy\/"},"wordCount":340,"publisher":{"@id":"https:\/\/www.cfg.edu.pl\/#organization"},"image":{"@id":"https:\/\/www.cfg.edu.pl\/blog\/mobilab-na-torunskiej-nocy-naukowcow-2025-w-mlynie-wiedzy\/#primaryimage"},"thumbnailUrl":"https:\/\/www.cfg.edu.pl\/wp-content\/uploads\/2024\/09\/MobiLab11.jpg","keywords":["edukacja o wodzie","Magdalena Oko\u0142\u00f3w","Mobilab","Piotr Niezna\u0144ski","Toru\u0144ska Noc Naukowc\u00f3w"],"articleSection":["Aktualno\u015bci","Edukacja wodna","MobiLab"],"inLanguage":"en-GB"},{"@type":"WebPage","@id":"https:\/\/www.cfg.edu.pl\/blog\/mobilab-na-torunskiej-nocy-naukowcow-2025-w-mlynie-wiedzy\/","url":"https:\/\/www.cfg.edu.pl\/blog\/mobilab-na-torunskiej-nocy-naukowcow-2025-w-mlynie-wiedzy\/","name":"MobiLab na Toru\u0144skiej Nocy Naukowc\u00f3w 2025 w M\u0142ynie Wiedzy - Code for Green","isPartOf":{"@id":"https:\/\/www.cfg.edu.pl\/#website"},"primaryImageOfPage":{"@id":"https:\/\/www.cfg.edu.pl\/blog\/mobilab-na-torunskiej-nocy-naukowcow-2025-w-mlynie-wiedzy\/#primaryimage"},"image":{"@id":"https:\/\/www.cfg.edu.pl\/blog\/mobilab-na-torunskiej-nocy-naukowcow-2025-w-mlynie-wiedzy\/#primaryimage"},"thumbnailUrl":"https:\/\/www.cfg.edu.pl\/wp-content\/uploads\/2024\/09\/MobiLab11.jpg","datePublished":"2025-09-23T04:54:00+00:00","description":"Przed nami bardzo interesuj\u0105ce wydarzenie dla badaczy w ka\u017cdym wieku. Szczeg\u00f3lnie zapraszamy najm\u0142odszych do naszego MobiLabu.","breadcrumb":{"@id":"https:\/\/www.cfg.edu.pl\/blog\/mobilab-na-torunskiej-nocy-naukowcow-2025-w-mlynie-wiedzy\/#breadcrumb"},"inLanguage":"en-GB","potentialAction":[{"@type":"ReadAction","target":["https:\/\/www.cfg.edu.pl\/blog\/mobilab-na-torunskiej-nocy-naukowcow-2025-w-mlynie-wiedzy\/"]}]},{"@type":"ImageObject","inLanguage":"en-GB","@id":"https:\/\/www.cfg.edu.pl\/blog\/mobilab-na-torunskiej-nocy-naukowcow-2025-w-mlynie-wiedzy\/#primaryimage","url":"https:\/\/www.cfg.edu.pl\/wp-content\/uploads\/2024\/09\/MobiLab11.jpg","contentUrl":"https:\/\/www.cfg.edu.pl\/wp-content\/uploads\/2024\/09\/MobiLab11.jpg","width":2048,"height":1537},{"@type":"BreadcrumbList","@id":"https:\/\/www.cfg.edu.pl\/blog\/mobilab-na-torunskiej-nocy-naukowcow-2025-w-mlynie-wiedzy\/#breadcrumb","itemListElement":[{"@type":"ListItem","position":1,"name":"Home","item":"https:\/\/www.cfg.edu.pl\/"},{"@type":"ListItem","position":2,"name":"MobiLab na Toru\u0144skiej Nocy Naukowc\u00f3w 2025 w M\u0142ynie Wiedzy"}]},{"@type":"WebSite","@id":"https:\/\/www.cfg.edu.pl\/#website","url":"https:\/\/www.cfg.edu.pl\/","name":"Code for Green Foundation","description":"Edukacja, \u015arodowisko, Sprawczo\u015b\u0107, Technologia","publisher":{"@id":"https:\/\/www.cfg.edu.pl\/#organization"},"alternateName":"Code for Green","potentialAction":[{"@type":"SearchAction","target":{"@type":"EntryPoint","urlTemplate":"https:\/\/www.cfg.edu.pl\/?s={search_term_string}"},"query-input":{"@type":"PropertyValueSpecification","valueRequired":true,"valueName":"search_term_string"}}],"inLanguage":"en-GB"},{"@type":"Organization","@id":"https:\/\/www.cfg.edu.pl\/#organization","name":"Code for Green","alternateName":"Fundacja Forum Inicjatyw Spo\u0142ecznych","url":"https:\/\/www.cfg.edu.pl\/","logo":{"@type":"ImageObject","inLanguage":"en-GB","@id":"https:\/\/www.cfg.edu.pl\/#\/schema\/logo\/image\/","url":"https:\/\/www.cfg.edu.pl\/wp-content\/uploads\/2024\/02\/FUNDACJA_Code_for_Green_logo.svg","contentUrl":"https:\/\/www.cfg.edu.pl\/wp-content\/uploads\/2024\/02\/FUNDACJA_Code_for_Green_logo.svg","width":236,"height":111,"caption":"Code for Green"},"image":{"@id":"https:\/\/www.cfg.edu.pl\/#\/schema\/logo\/image\/"},"sameAs":["https:\/\/www.facebook.com\/FundacjaForumInicjatywSpolecznych\/","https:\/\/www.youtube.com\/@fundacjaforuminicjatywspoe6910\/featured"],"description":"Jeste\u015bmy polsk\u0105 organizacj\u0105 non-profit, kt\u00f3ra od 2018 roku aktywnie wprowadza sprawcza edukacj\u0119 \u015brodowiskow\u0105 do szk\u00f3\u0142, by m\u0142odzi potrafili rozwi\u0105zywa\u0107 lokalne problemy wykorzystuj\u0105c technologie cyfrowe. Kszta\u0142cimy nauczycieli \u2013 przekszta\u0142camy szko\u0142\u0119 w centrum edukacji \u015brodowiskowej.","email":"biuro@ffis.edu.pl","legalName":"Fundacja Forum Inicjatyw Spo\u0142ecznych","vatID":"PL8442359966","taxID":"8442359966"},{"@type":"Person","@id":"https:\/\/www.cfg.edu.pl\/#\/schema\/person\/fdc9fdf7fb9849e5a56520737e800c31","name":"Iwona Danilewicz","image":{"@type":"ImageObject","inLanguage":"en-GB","@id":"https:\/\/secure.gravatar.com\/avatar\/2ae8921d776b718c1a50fff3daae571e64f82b2a3f1f3de3f168bdd28d48343d?s=96&d=mm&r=g","url":"https:\/\/secure.gravatar.com\/avatar\/2ae8921d776b718c1a50fff3daae571e64f82b2a3f1f3de3f168bdd28d48343d?s=96&d=mm&r=g","contentUrl":"https:\/\/secure.gravatar.com\/avatar\/2ae8921d776b718c1a50fff3daae571e64f82b2a3f1f3de3f168bdd28d48343d?s=96&d=mm&r=g","caption":"Iwona Danilewicz"}}]}},"_links":{"self":[{"href":"https:\/\/www.cfg.edu.pl\/eng\/wp-json\/wp\/v2\/posts\/7111","targetHints":{"allow":["GET"]}}],"collection":[{"href":"https:\/\/www.cfg.edu.pl\/eng\/wp-json\/wp\/v2\/posts"}],"about":[{"href":"https:\/\/www.cfg.edu.pl\/eng\/wp-json\/wp\/v2\/types\/post"}],"author":[{"embeddable":true,"href":"https:\/\/www.cfg.edu.pl\/eng\/wp-json\/wp\/v2\/users\/8"}],"replies":[{"embeddable":true,"href":"https:\/\/www.cfg.edu.pl\/eng\/wp-json\/wp\/v2\/comments?post=7111"}],"version-history":[{"count":1,"href":"https:\/\/www.cfg.edu.pl\/eng\/wp-json\/wp\/v2\/posts\/7111\/revisions"}],"predecessor-version":[{"id":7112,"href":"https:\/\/www.cfg.edu.pl\/eng\/wp-json\/wp\/v2\/posts\/7111\/revisions\/7112"}],"wp:featuredmedia":[{"embeddable":true,"href":"https:\/\/www.cfg.edu.pl\/eng\/wp-json\/wp\/v2\/media\/5507"}],"wp:attachment":[{"href":"https:\/\/www.cfg.edu.pl\/eng\/wp-json\/wp\/v2\/media?parent=7111"}],"wp:term":[{"taxonomy":"category","embeddable":true,"href":"https:\/\/www.cfg.edu.pl\/eng\/wp-json\/wp\/v2\/categories?post=7111"},{"taxonomy":"post_tag","embeddable":true,"href":"https:\/\/www.cfg.edu.pl\/eng\/wp-json\/wp\/v2\/tags?post=7111"}],"curies":[{"name":"wp","href":"https:\/\/api.w.org\/{rel}","templated":true}]}}