{"id":7135,"date":"2025-10-06T16:40:44","date_gmt":"2025-10-06T14:40:44","guid":{"rendered":"https:\/\/www.cfg.edu.pl\/?p=7135"},"modified":"2025-12-19T12:38:32","modified_gmt":"2025-12-19T11:38:32","slug":"uczniowie-z-pilotazu-code-for-blue-na-vii-miedzynarodowym-kongresie-miasto-woda-jakosc-zycia","status":"publish","type":"post","link":"https:\/\/www.cfg.edu.pl\/eng\/blog\/uczniowie-z-pilotazu-code-for-blue-na-vii-miedzynarodowym-kongresie-miasto-woda-jakosc-zycia\/","title":{"rendered":"Students from the Code for Blue pilot at the 7th International Congress City \u2013 Water \u2013 Quality of Life"},"content":{"rendered":"<h3 style=\"text-align: justify;\">Przedstawiciele Fundacji Code for Green wezm\u0105 udzia\u0142 w VII Mi\u0119dzynarodowym Kongresie <strong>Miasto \u2013 Woda \u2013 Jako\u015b\u0107 \u017bycia<\/strong>, kt\u00f3ry odb\u0119dzie si\u0119 21\u201322 pa\u017adziernika 2025 r. na Politechnice Wroc\u0142awskiej. To jedno z najwa\u017cniejszych w Polsce i Europie \u015arodkowej wydarze\u0144 po\u015bwi\u0119conych relacjom mi\u0119dzy wod\u0105, miastem i jako\u015bci\u0105 \u017cycia w dobie kryzysu klimatycznego.<\/h3>\n<p style=\"text-align: justify;\">Woda w miastach to temat, kt\u00f3ry dotyka nas wszystkich \u2013 to temat infrastruktury, bezpiecze\u0144stwa, codziennych nawyk\u00f3w. Podczas Kongresu spojrzymy na ni\u0105 z wielu stron: naukowej, spo\u0142ecznej i edukacyjnej. W tym pejza\u017cu wa\u017cny g\u0142os zabior\u0105 te\u017c uczniowie programu <strong>Code for Blue<\/strong>, kt\u00f3rzy przywioz\u0105 swoje projekty i pomys\u0142y pokazuj\u0105ce, jak m\u0142odzi ludzie wyobra\u017caj\u0105 sobie przysz\u0142o\u015b\u0107 miast \u201ena fali zmian\u201d. To okazja, by zobaczy\u0107, jak kreatywno\u015b\u0107 i \u015bwie\u017ce spojrzenie mog\u0105 uzupe\u0142nia\u0107 eksperckie debaty i inspirowa\u0107 do dzia\u0142ania.<\/p>\n<p style=\"text-align: justify;\"><strong>Nasza obecno\u015b\u0107 podczas Kongresu:<\/strong><\/p>\n<ul style=\"text-align: justify;\">\n<li><strong>dr Ma\u0142gorzata Snarska-Niezna\u0144ska<\/strong> (Prezeska Fundacji Code for Green, Cz\u0142onkini Zespo\u0142u ds. edukacji klimatycznej MEN, Cz\u0142onkini zespo\u0142u ds. Strategicznego Planu Polityki Ekologicznej MKI\u015a, European Union Climate Pact Ambassador) wyst\u0105pi w bloku:<br \/><em>JAKO\u015a\u0106 \u017bYCIA \u2013 SESJA EDUKACYJNA: NIE TYLKO PODR\u0118CZNIK \u2013 KREATYWNE SPOSOBY UCZENIA O WODZIE I KLIMACIE <\/em>z prezentacj\u0105 pt. <strong>\u201eRezylientna szko\u0142a i zielone kompetencje \u2013 nowa edukacja klimatyczno-\u015brodowiskowa\u201d<\/strong>.<\/li>\n<\/ul>\n<p><img fetchpriority=\"high\" decoding=\"async\" class=\"aligncenter size-large wp-image-7137\" src=\"https:\/\/www.cfg.edu.pl\/wp-content\/uploads\/2025\/10\/MSN_kongres-1024x1024.jpeg\" alt=\"\" width=\"800\" height=\"800\" srcset=\"https:\/\/www.cfg.edu.pl\/wp-content\/uploads\/2025\/10\/MSN_kongres-1024x1024.jpeg 1024w, https:\/\/www.cfg.edu.pl\/wp-content\/uploads\/2025\/10\/MSN_kongres-300x300.jpeg 300w, https:\/\/www.cfg.edu.pl\/wp-content\/uploads\/2025\/10\/MSN_kongres-150x150.jpeg 150w, https:\/\/www.cfg.edu.pl\/wp-content\/uploads\/2025\/10\/MSN_kongres-768x768.jpeg 768w, https:\/\/www.cfg.edu.pl\/wp-content\/uploads\/2025\/10\/MSN_kongres-12x12.jpeg 12w, https:\/\/www.cfg.edu.pl\/wp-content\/uploads\/2025\/10\/MSN_kongres-600x600.jpeg 600w, https:\/\/www.cfg.edu.pl\/wp-content\/uploads\/2025\/10\/MSN_kongres-100x100.jpeg 100w, https:\/\/www.cfg.edu.pl\/wp-content\/uploads\/2025\/10\/MSN_kongres.jpeg 1200w\" sizes=\"(max-width: 800px) 100vw, 800px\" \/><\/p>\n<ul style=\"text-align: justify;\">\n<li><strong>Piotr Niezna\u0144ski<\/strong> (Fundacja Code for Green) we\u017amie udzia\u0142 w panelu <strong>\u201ePsychospo\u0142eczne konsekwencje powodzi\u201d<\/strong>, po\u015bwi\u0119conym wp\u0142ywowi kl\u0119sk \u017cywio\u0142owych na lokalne spo\u0142eczno\u015bci.<\/li>\n<li>Uczniowie i nauczyciele uczestnicz\u0105cy w pilota\u017cu programu <strong>Code for Blue<\/strong> zaprezentuj\u0105 swoje <strong>prototypy oraz plakaty edukacyjne<\/strong>, pokazuj\u0105c nowe sposoby uczenia o wodzie i klimacie; wezm\u0105 te\u017c udzia\u0142 w wycieczce z przewodnikiem do Hydropolis.<\/li>\n<\/ul>\n<p style=\"text-align: justify;\">Kongres Miasto \u2013 Woda \u2013 Jako\u015b\u0107 \u017bycia to platforma edukacji i wymiany wiedzy, \u0142\u0105cz\u0105ca samorz\u0105dy, naukowc\u00f3w, biznes i organizacje spo\u0142eczne. Jego tegoroczna edycja, pod has\u0142em <strong>\u201eMiasta na fali zmian \u2013 czy potrafimy ujarzmi\u0107 \u017cywio\u0142 wody?\u201d<\/strong>, stawia pytania o strategie, jakie musimy wypracowa\u0107 wobec susz, powodzi b\u0142yskawicznych czy rosn\u0105cych koszt\u00f3w gospodarki wodnej.<\/p>\n<p style=\"text-align: justify;\">Wydarzenie odbywa si\u0119 pod patronatem Miasta Wroc\u0142aw, MPWiK Wroc\u0142aw, Fundacji GAP w Krakowie, Politechniki Wroc\u0142awskiej i Convention Bureau Wroc\u0142aw. Udzia\u0142 w Kongresie jest bezp\u0142atny \u2013 zar\u00f3wno stacjonarnie, jak i online, po wcze\u015bniejszej rejestracji na stronie: <strong><a href=\"http:\/\/www.watercity.com.pl\">www.watercity.com.pl<\/a><\/strong>.<\/p>\n\n\n<div class=\"wp-block-media-text is-stacked-on-mobile is-vertically-aligned-center\" style=\"grid-template-columns:15% auto\"><figure class=\"wp-block-media-text__media\"><img decoding=\"async\" width=\"1024\" height=\"1024\" src=\"https:\/\/www.cfg.edu.pl\/wp-content\/uploads\/2025\/10\/AXA_Logo.svg_-1024x1024.png\" alt=\"\" class=\"wp-image-7145 size-full\" srcset=\"https:\/\/www.cfg.edu.pl\/wp-content\/uploads\/2025\/10\/AXA_Logo.svg_-1024x1024.png 1024w, https:\/\/www.cfg.edu.pl\/wp-content\/uploads\/2025\/10\/AXA_Logo.svg_-300x300.png 300w, https:\/\/www.cfg.edu.pl\/wp-content\/uploads\/2025\/10\/AXA_Logo.svg_-150x150.png 150w, https:\/\/www.cfg.edu.pl\/wp-content\/uploads\/2025\/10\/AXA_Logo.svg_-768x768.png 768w, https:\/\/www.cfg.edu.pl\/wp-content\/uploads\/2025\/10\/AXA_Logo.svg_-12x12.png 12w, https:\/\/www.cfg.edu.pl\/wp-content\/uploads\/2025\/10\/AXA_Logo.svg_-600x600.png 600w, https:\/\/www.cfg.edu.pl\/wp-content\/uploads\/2025\/10\/AXA_Logo.svg_-100x100.png 100w, https:\/\/www.cfg.edu.pl\/wp-content\/uploads\/2025\/10\/AXA_Logo.svg_.png 1200w\" sizes=\"(max-width: 1024px) 100vw, 1024px\" \/><\/figure><div class=\"wp-block-media-text__content\">\n<p><em>Udzia\u0142 szk\u00f3\u0142 z programu Code for Blue w VII Mi\u0119dzynarodowym Kongresie Miasto\u2013Woda\u2013Jako\u015b\u0107 \u017bycia jest mo\u017cliwy dzi\u0119ki wsp\u00f3\u0142pracy i wsparciu <strong>AXA XL<\/strong>.<\/em><\/p>\n<\/div><\/div>","protected":false},"excerpt":{"rendered":"<p>Przedstawiciele Fundacji Code for Green wezm\u0105 udzia\u0142 w VII Mi\u0119dzynarodowym Kongresie Miasto \u2013 Woda \u2013 Jako\u015b\u0107 \u017bycia, kt\u00f3ry odb\u0119dzie si\u0119 21\u201322 pa\u017adziernika 2025 r. na Politechnice Wroc\u0142awskiej. To jedno z najwa\u017cniejszych w Polsce i Europie \u015arodkowej wydarze\u0144 po\u015bwi\u0119conych relacjom mi\u0119dzy wod\u0105, miastem i jako\u015bci\u0105 \u017cycia w dobie kryzysu klimatycznego. Woda w miastach to temat, kt\u00f3ry [&hellip;]<\/p>\n","protected":false},"author":8,"featured_media":7136,"comment_status":"closed","ping_status":"closed","sticky":false,"template":"","format":"standard","meta":{"_acf_changed":false,"footnotes":""},"categories":[74,239],"tags":[78,112,196,232,100,79],"class_list":["post-7135","post","type-post","status-publish","format-standard","has-post-thumbnail","hentry","category-code-for-blue","category-rzecznictwo","tag-code-for-blue","tag-edukacja-o-wodzie","tag-jerzy-hausner","tag-kongres-miasto-woda-jakosc-zycia-2","tag-malgorzata-snarska-nieznanska","tag-piotr-nieznanski"],"acf":[],"yoast_head":"<!-- This site is optimized with the Yoast SEO Premium plugin v23.4 (Yoast SEO v27.4) - https:\/\/yoast.com\/product\/yoast-seo-premium-wordpress\/ -->\n<title>Uczniowie z pilota\u017cu Code For Blue w\u015br\u00f3d ekspert\u00f3w<\/title>\n<meta name=\"description\" content=\"Szko\u0142y, kt\u00f3re uko\u0144czy\u0142y pilota\u017c Code For Blue zaprezentuj\u0105 efekty swojej pracy podczas Kongresu Miasto \u2013 Woda \u2013 Jako\u015b\u0107 \u017bycia we Wroc\u0142awiu.\" \/>\n<meta name=\"robots\" content=\"index, follow, max-snippet:-1, max-image-preview:large, max-video-preview:-1\" \/>\n<link rel=\"canonical\" href=\"https:\/\/www.cfg.edu.pl\/eng\/blog\/uczniowie-z-pilotazu-code-for-blue-na-vii-miedzynarodowym-kongresie-miasto-woda-jakosc-zycia\/\" \/>\n<meta property=\"og:locale\" content=\"en_GB\" \/>\n<meta property=\"og:type\" content=\"article\" \/>\n<meta property=\"og:title\" content=\"Uczniowie z pilota\u017cu Code For Blue na VII Mi\u0119dzynarodowym Kongresie Miasto \u2013 Woda \u2013 Jako\u015b\u0107 \u017bycia\" \/>\n<meta property=\"og:description\" content=\"Szko\u0142y, kt\u00f3re uko\u0144czy\u0142y pilota\u017c Code For Blue zaprezentuj\u0105 efekty swojej pracy podczas Kongresu Miasto \u2013 Woda \u2013 Jako\u015b\u0107 \u017bycia we Wroc\u0142awiu.\" \/>\n<meta property=\"og:url\" content=\"https:\/\/www.cfg.edu.pl\/eng\/blog\/uczniowie-z-pilotazu-code-for-blue-na-vii-miedzynarodowym-kongresie-miasto-woda-jakosc-zycia\/\" \/>\n<meta property=\"og:site_name\" content=\"Code for Green\" \/>\n<meta property=\"article:publisher\" content=\"https:\/\/www.facebook.com\/FundacjaForumInicjatywSpolecznych\/\" \/>\n<meta property=\"article:published_time\" content=\"2025-10-06T14:40:44+00:00\" \/>\n<meta property=\"article:modified_time\" content=\"2025-12-19T11:38:32+00:00\" \/>\n<meta property=\"og:image\" content=\"https:\/\/www.cfg.edu.pl\/wp-content\/uploads\/2025\/10\/WATER_CITY_2025_banery_1920x1080-Sredni.jpeg\" \/>\n\t<meta property=\"og:image:width\" content=\"640\" \/>\n\t<meta property=\"og:image:height\" content=\"360\" \/>\n\t<meta property=\"og:image:type\" content=\"image\/jpeg\" \/>\n<meta name=\"author\" content=\"Iwona Danilewicz\" \/>\n<meta name=\"twitter:card\" content=\"summary_large_image\" \/>\n<meta name=\"twitter:label1\" content=\"Written by\" \/>\n\t<meta name=\"twitter:data1\" content=\"Iwona Danilewicz\" \/>\n\t<meta name=\"twitter:label2\" content=\"Est. reading time\" \/>\n\t<meta name=\"twitter:data2\" content=\"3 minutes\" \/>\n<script type=\"application\/ld+json\" class=\"yoast-schema-graph\">{\"@context\":\"https:\\\/\\\/schema.org\",\"@graph\":[{\"@type\":\"Article\",\"@id\":\"https:\\\/\\\/www.cfg.edu.pl\\\/blog\\\/uczniowie-z-pilotazu-code-for-blue-na-vii-miedzynarodowym-kongresie-miasto-woda-jakosc-zycia\\\/#article\",\"isPartOf\":{\"@id\":\"https:\\\/\\\/www.cfg.edu.pl\\\/blog\\\/uczniowie-z-pilotazu-code-for-blue-na-vii-miedzynarodowym-kongresie-miasto-woda-jakosc-zycia\\\/\"},\"author\":{\"name\":\"Iwona Danilewicz\",\"@id\":\"https:\\\/\\\/www.cfg.edu.pl\\\/#\\\/schema\\\/person\\\/fdc9fdf7fb9849e5a56520737e800c31\"},\"headline\":\"Uczniowie z pilota\u017cu Code For Blue na VII Mi\u0119dzynarodowym Kongresie Miasto \u2013 Woda \u2013 Jako\u015b\u0107 \u017bycia\",\"datePublished\":\"2025-10-06T14:40:44+00:00\",\"dateModified\":\"2025-12-19T11:38:32+00:00\",\"mainEntityOfPage\":{\"@id\":\"https:\\\/\\\/www.cfg.edu.pl\\\/blog\\\/uczniowie-z-pilotazu-code-for-blue-na-vii-miedzynarodowym-kongresie-miasto-woda-jakosc-zycia\\\/\"},\"wordCount\":423,\"publisher\":{\"@id\":\"https:\\\/\\\/www.cfg.edu.pl\\\/#organization\"},\"image\":{\"@id\":\"https:\\\/\\\/www.cfg.edu.pl\\\/blog\\\/uczniowie-z-pilotazu-code-for-blue-na-vii-miedzynarodowym-kongresie-miasto-woda-jakosc-zycia\\\/#primaryimage\"},\"thumbnailUrl\":\"https:\\\/\\\/www.cfg.edu.pl\\\/wp-content\\\/uploads\\\/2025\\\/10\\\/WATER_CITY_2025_banery_1920x1080-Sredni.jpeg\",\"keywords\":[\"Code for Blue\",\"edukacja o wodzie\",\"Jerzy Hausner\",\"Kongres Miasto \u2013 Woda \u2013 Jako\u015b\u0107 \u017bycia\",\"Ma\u0142gorzata Snarska-Niezna\u0144ska\",\"Piotr Niezna\u0144ski\"],\"articleSection\":[\"Code for Blue\",\"Rzecznictwo\"],\"inLanguage\":\"en-GB\"},{\"@type\":\"WebPage\",\"@id\":\"https:\\\/\\\/www.cfg.edu.pl\\\/blog\\\/uczniowie-z-pilotazu-code-for-blue-na-vii-miedzynarodowym-kongresie-miasto-woda-jakosc-zycia\\\/\",\"url\":\"https:\\\/\\\/www.cfg.edu.pl\\\/blog\\\/uczniowie-z-pilotazu-code-for-blue-na-vii-miedzynarodowym-kongresie-miasto-woda-jakosc-zycia\\\/\",\"name\":\"Uczniowie z pilota\u017cu Code For Blue w\u015br\u00f3d ekspert\u00f3w\",\"isPartOf\":{\"@id\":\"https:\\\/\\\/www.cfg.edu.pl\\\/#website\"},\"primaryImageOfPage\":{\"@id\":\"https:\\\/\\\/www.cfg.edu.pl\\\/blog\\\/uczniowie-z-pilotazu-code-for-blue-na-vii-miedzynarodowym-kongresie-miasto-woda-jakosc-zycia\\\/#primaryimage\"},\"image\":{\"@id\":\"https:\\\/\\\/www.cfg.edu.pl\\\/blog\\\/uczniowie-z-pilotazu-code-for-blue-na-vii-miedzynarodowym-kongresie-miasto-woda-jakosc-zycia\\\/#primaryimage\"},\"thumbnailUrl\":\"https:\\\/\\\/www.cfg.edu.pl\\\/wp-content\\\/uploads\\\/2025\\\/10\\\/WATER_CITY_2025_banery_1920x1080-Sredni.jpeg\",\"datePublished\":\"2025-10-06T14:40:44+00:00\",\"dateModified\":\"2025-12-19T11:38:32+00:00\",\"description\":\"Szko\u0142y, kt\u00f3re uko\u0144czy\u0142y pilota\u017c Code For Blue zaprezentuj\u0105 efekty swojej pracy podczas Kongresu Miasto \u2013 Woda \u2013 Jako\u015b\u0107 \u017bycia we Wroc\u0142awiu.\",\"breadcrumb\":{\"@id\":\"https:\\\/\\\/www.cfg.edu.pl\\\/blog\\\/uczniowie-z-pilotazu-code-for-blue-na-vii-miedzynarodowym-kongresie-miasto-woda-jakosc-zycia\\\/#breadcrumb\"},\"inLanguage\":\"en-GB\",\"potentialAction\":[{\"@type\":\"ReadAction\",\"target\":[\"https:\\\/\\\/www.cfg.edu.pl\\\/blog\\\/uczniowie-z-pilotazu-code-for-blue-na-vii-miedzynarodowym-kongresie-miasto-woda-jakosc-zycia\\\/\"]}]},{\"@type\":\"ImageObject\",\"inLanguage\":\"en-GB\",\"@id\":\"https:\\\/\\\/www.cfg.edu.pl\\\/blog\\\/uczniowie-z-pilotazu-code-for-blue-na-vii-miedzynarodowym-kongresie-miasto-woda-jakosc-zycia\\\/#primaryimage\",\"url\":\"https:\\\/\\\/www.cfg.edu.pl\\\/wp-content\\\/uploads\\\/2025\\\/10\\\/WATER_CITY_2025_banery_1920x1080-Sredni.jpeg\",\"contentUrl\":\"https:\\\/\\\/www.cfg.edu.pl\\\/wp-content\\\/uploads\\\/2025\\\/10\\\/WATER_CITY_2025_banery_1920x1080-Sredni.jpeg\",\"width\":640,\"height\":360},{\"@type\":\"BreadcrumbList\",\"@id\":\"https:\\\/\\\/www.cfg.edu.pl\\\/blog\\\/uczniowie-z-pilotazu-code-for-blue-na-vii-miedzynarodowym-kongresie-miasto-woda-jakosc-zycia\\\/#breadcrumb\",\"itemListElement\":[{\"@type\":\"ListItem\",\"position\":1,\"name\":\"Home\",\"item\":\"https:\\\/\\\/www.cfg.edu.pl\\\/\"},{\"@type\":\"ListItem\",\"position\":2,\"name\":\"Uczniowie z pilota\u017cu Code For Blue na VII Mi\u0119dzynarodowym Kongresie Miasto \u2013 Woda \u2013 Jako\u015b\u0107 \u017bycia\"}]},{\"@type\":\"WebSite\",\"@id\":\"https:\\\/\\\/www.cfg.edu.pl\\\/#website\",\"url\":\"https:\\\/\\\/www.cfg.edu.pl\\\/\",\"name\":\"Fundacja Code for Green\",\"description\":\"Edukacja, \u015arodowisko, Sprawczo\u015b\u0107, Technologia\",\"publisher\":{\"@id\":\"https:\\\/\\\/www.cfg.edu.pl\\\/#organization\"},\"alternateName\":\"Code for Green\",\"potentialAction\":[{\"@type\":\"SearchAction\",\"target\":{\"@type\":\"EntryPoint\",\"urlTemplate\":\"https:\\\/\\\/www.cfg.edu.pl\\\/?s={search_term_string}\"},\"query-input\":{\"@type\":\"PropertyValueSpecification\",\"valueRequired\":true,\"valueName\":\"search_term_string\"}}],\"inLanguage\":\"en-GB\"},{\"@type\":\"Organization\",\"@id\":\"https:\\\/\\\/www.cfg.edu.pl\\\/#organization\",\"name\":\"Code for Green\",\"alternateName\":\"Fundacja Forum Inicjatyw Spo\u0142ecznych\",\"url\":\"https:\\\/\\\/www.cfg.edu.pl\\\/\",\"logo\":{\"@type\":\"ImageObject\",\"inLanguage\":\"en-GB\",\"@id\":\"https:\\\/\\\/www.cfg.edu.pl\\\/#\\\/schema\\\/logo\\\/image\\\/\",\"url\":\"https:\\\/\\\/www.cfg.edu.pl\\\/wp-content\\\/uploads\\\/2024\\\/02\\\/FUNDACJA_Code_for_Green_logo.svg\",\"contentUrl\":\"https:\\\/\\\/www.cfg.edu.pl\\\/wp-content\\\/uploads\\\/2024\\\/02\\\/FUNDACJA_Code_for_Green_logo.svg\",\"width\":236,\"height\":111,\"caption\":\"Code for Green\"},\"image\":{\"@id\":\"https:\\\/\\\/www.cfg.edu.pl\\\/#\\\/schema\\\/logo\\\/image\\\/\"},\"sameAs\":[\"https:\\\/\\\/www.facebook.com\\\/FundacjaForumInicjatywSpolecznych\\\/\",\"https:\\\/\\\/www.youtube.com\\\/@fundacjaforuminicjatywspoe6910\\\/featured\"],\"description\":\"Jeste\u015bmy polsk\u0105 organizacj\u0105 non-profit, kt\u00f3ra od 2018 roku aktywnie wprowadza sprawcza edukacj\u0119 \u015brodowiskow\u0105 do szk\u00f3\u0142, by m\u0142odzi potrafili rozwi\u0105zywa\u0107 lokalne problemy wykorzystuj\u0105c technologie cyfrowe. Kszta\u0142cimy nauczycieli \u2013 przekszta\u0142camy szko\u0142\u0119 w centrum edukacji \u015brodowiskowej.\",\"email\":\"biuro@ffis.edu.pl\",\"legalName\":\"Fundacja Forum Inicjatyw Spo\u0142ecznych\",\"vatID\":\"PL8442359966\",\"taxID\":\"8442359966\"},{\"@type\":\"Person\",\"@id\":\"https:\\\/\\\/www.cfg.edu.pl\\\/#\\\/schema\\\/person\\\/fdc9fdf7fb9849e5a56520737e800c31\",\"name\":\"Iwona Danilewicz\",\"image\":{\"@type\":\"ImageObject\",\"inLanguage\":\"en-GB\",\"@id\":\"https:\\\/\\\/secure.gravatar.com\\\/avatar\\\/2ae8921d776b718c1a50fff3daae571e64f82b2a3f1f3de3f168bdd28d48343d?s=96&d=mm&r=g\",\"url\":\"https:\\\/\\\/secure.gravatar.com\\\/avatar\\\/2ae8921d776b718c1a50fff3daae571e64f82b2a3f1f3de3f168bdd28d48343d?s=96&d=mm&r=g\",\"contentUrl\":\"https:\\\/\\\/secure.gravatar.com\\\/avatar\\\/2ae8921d776b718c1a50fff3daae571e64f82b2a3f1f3de3f168bdd28d48343d?s=96&d=mm&r=g\",\"caption\":\"Iwona Danilewicz\"}}]}<\/script>\n<!-- \/ Yoast SEO Premium plugin. -->","yoast_head_json":{"title":"Uczniowie z pilota\u017cu Code For Blue w\u015br\u00f3d ekspert\u00f3w","description":"Szko\u0142y, kt\u00f3re uko\u0144czy\u0142y pilota\u017c Code For Blue zaprezentuj\u0105 efekty swojej pracy podczas Kongresu Miasto \u2013 Woda \u2013 Jako\u015b\u0107 \u017bycia we Wroc\u0142awiu.","robots":{"index":"index","follow":"follow","max-snippet":"max-snippet:-1","max-image-preview":"max-image-preview:large","max-video-preview":"max-video-preview:-1"},"canonical":"https:\/\/www.cfg.edu.pl\/eng\/blog\/uczniowie-z-pilotazu-code-for-blue-na-vii-miedzynarodowym-kongresie-miasto-woda-jakosc-zycia\/","og_locale":"en_GB","og_type":"article","og_title":"Uczniowie z pilota\u017cu Code For Blue na VII Mi\u0119dzynarodowym Kongresie Miasto \u2013 Woda \u2013 Jako\u015b\u0107 \u017bycia","og_description":"Szko\u0142y, kt\u00f3re uko\u0144czy\u0142y pilota\u017c Code For Blue zaprezentuj\u0105 efekty swojej pracy podczas Kongresu Miasto \u2013 Woda \u2013 Jako\u015b\u0107 \u017bycia we Wroc\u0142awiu.","og_url":"https:\/\/www.cfg.edu.pl\/eng\/blog\/uczniowie-z-pilotazu-code-for-blue-na-vii-miedzynarodowym-kongresie-miasto-woda-jakosc-zycia\/","og_site_name":"Code for Green","article_publisher":"https:\/\/www.facebook.com\/FundacjaForumInicjatywSpolecznych\/","article_published_time":"2025-10-06T14:40:44+00:00","article_modified_time":"2025-12-19T11:38:32+00:00","og_image":[{"width":640,"height":360,"url":"https:\/\/www.cfg.edu.pl\/wp-content\/uploads\/2025\/10\/WATER_CITY_2025_banery_1920x1080-Sredni.jpeg","type":"image\/jpeg"}],"author":"Iwona Danilewicz","twitter_card":"summary_large_image","twitter_misc":{"Written by":"Iwona Danilewicz","Est. reading time":"3 minutes"},"schema":{"@context":"https:\/\/schema.org","@graph":[{"@type":"Article","@id":"https:\/\/www.cfg.edu.pl\/blog\/uczniowie-z-pilotazu-code-for-blue-na-vii-miedzynarodowym-kongresie-miasto-woda-jakosc-zycia\/#article","isPartOf":{"@id":"https:\/\/www.cfg.edu.pl\/blog\/uczniowie-z-pilotazu-code-for-blue-na-vii-miedzynarodowym-kongresie-miasto-woda-jakosc-zycia\/"},"author":{"name":"Iwona Danilewicz","@id":"https:\/\/www.cfg.edu.pl\/#\/schema\/person\/fdc9fdf7fb9849e5a56520737e800c31"},"headline":"Uczniowie z pilota\u017cu Code For Blue na VII Mi\u0119dzynarodowym Kongresie Miasto \u2013 Woda \u2013 Jako\u015b\u0107 \u017bycia","datePublished":"2025-10-06T14:40:44+00:00","dateModified":"2025-12-19T11:38:32+00:00","mainEntityOfPage":{"@id":"https:\/\/www.cfg.edu.pl\/blog\/uczniowie-z-pilotazu-code-for-blue-na-vii-miedzynarodowym-kongresie-miasto-woda-jakosc-zycia\/"},"wordCount":423,"publisher":{"@id":"https:\/\/www.cfg.edu.pl\/#organization"},"image":{"@id":"https:\/\/www.cfg.edu.pl\/blog\/uczniowie-z-pilotazu-code-for-blue-na-vii-miedzynarodowym-kongresie-miasto-woda-jakosc-zycia\/#primaryimage"},"thumbnailUrl":"https:\/\/www.cfg.edu.pl\/wp-content\/uploads\/2025\/10\/WATER_CITY_2025_banery_1920x1080-Sredni.jpeg","keywords":["Code for Blue","edukacja o wodzie","Jerzy Hausner","Kongres Miasto \u2013 Woda \u2013 Jako\u015b\u0107 \u017bycia","Ma\u0142gorzata Snarska-Niezna\u0144ska","Piotr Niezna\u0144ski"],"articleSection":["Code for Blue","Rzecznictwo"],"inLanguage":"en-GB"},{"@type":"WebPage","@id":"https:\/\/www.cfg.edu.pl\/blog\/uczniowie-z-pilotazu-code-for-blue-na-vii-miedzynarodowym-kongresie-miasto-woda-jakosc-zycia\/","url":"https:\/\/www.cfg.edu.pl\/blog\/uczniowie-z-pilotazu-code-for-blue-na-vii-miedzynarodowym-kongresie-miasto-woda-jakosc-zycia\/","name":"Uczniowie z pilota\u017cu Code For Blue w\u015br\u00f3d ekspert\u00f3w","isPartOf":{"@id":"https:\/\/www.cfg.edu.pl\/#website"},"primaryImageOfPage":{"@id":"https:\/\/www.cfg.edu.pl\/blog\/uczniowie-z-pilotazu-code-for-blue-na-vii-miedzynarodowym-kongresie-miasto-woda-jakosc-zycia\/#primaryimage"},"image":{"@id":"https:\/\/www.cfg.edu.pl\/blog\/uczniowie-z-pilotazu-code-for-blue-na-vii-miedzynarodowym-kongresie-miasto-woda-jakosc-zycia\/#primaryimage"},"thumbnailUrl":"https:\/\/www.cfg.edu.pl\/wp-content\/uploads\/2025\/10\/WATER_CITY_2025_banery_1920x1080-Sredni.jpeg","datePublished":"2025-10-06T14:40:44+00:00","dateModified":"2025-12-19T11:38:32+00:00","description":"Szko\u0142y, kt\u00f3re uko\u0144czy\u0142y pilota\u017c Code For Blue zaprezentuj\u0105 efekty swojej pracy podczas Kongresu Miasto \u2013 Woda \u2013 Jako\u015b\u0107 \u017bycia we Wroc\u0142awiu.","breadcrumb":{"@id":"https:\/\/www.cfg.edu.pl\/blog\/uczniowie-z-pilotazu-code-for-blue-na-vii-miedzynarodowym-kongresie-miasto-woda-jakosc-zycia\/#breadcrumb"},"inLanguage":"en-GB","potentialAction":[{"@type":"ReadAction","target":["https:\/\/www.cfg.edu.pl\/blog\/uczniowie-z-pilotazu-code-for-blue-na-vii-miedzynarodowym-kongresie-miasto-woda-jakosc-zycia\/"]}]},{"@type":"ImageObject","inLanguage":"en-GB","@id":"https:\/\/www.cfg.edu.pl\/blog\/uczniowie-z-pilotazu-code-for-blue-na-vii-miedzynarodowym-kongresie-miasto-woda-jakosc-zycia\/#primaryimage","url":"https:\/\/www.cfg.edu.pl\/wp-content\/uploads\/2025\/10\/WATER_CITY_2025_banery_1920x1080-Sredni.jpeg","contentUrl":"https:\/\/www.cfg.edu.pl\/wp-content\/uploads\/2025\/10\/WATER_CITY_2025_banery_1920x1080-Sredni.jpeg","width":640,"height":360},{"@type":"BreadcrumbList","@id":"https:\/\/www.cfg.edu.pl\/blog\/uczniowie-z-pilotazu-code-for-blue-na-vii-miedzynarodowym-kongresie-miasto-woda-jakosc-zycia\/#breadcrumb","itemListElement":[{"@type":"ListItem","position":1,"name":"Home","item":"https:\/\/www.cfg.edu.pl\/"},{"@type":"ListItem","position":2,"name":"Uczniowie z pilota\u017cu Code For Blue na VII Mi\u0119dzynarodowym Kongresie Miasto \u2013 Woda \u2013 Jako\u015b\u0107 \u017bycia"}]},{"@type":"WebSite","@id":"https:\/\/www.cfg.edu.pl\/#website","url":"https:\/\/www.cfg.edu.pl\/","name":"Code for Green Foundation","description":"Edukacja, \u015arodowisko, Sprawczo\u015b\u0107, Technologia","publisher":{"@id":"https:\/\/www.cfg.edu.pl\/#organization"},"alternateName":"Code for Green","potentialAction":[{"@type":"SearchAction","target":{"@type":"EntryPoint","urlTemplate":"https:\/\/www.cfg.edu.pl\/?s={search_term_string}"},"query-input":{"@type":"PropertyValueSpecification","valueRequired":true,"valueName":"search_term_string"}}],"inLanguage":"en-GB"},{"@type":"Organization","@id":"https:\/\/www.cfg.edu.pl\/#organization","name":"Code for Green","alternateName":"Fundacja Forum Inicjatyw Spo\u0142ecznych","url":"https:\/\/www.cfg.edu.pl\/","logo":{"@type":"ImageObject","inLanguage":"en-GB","@id":"https:\/\/www.cfg.edu.pl\/#\/schema\/logo\/image\/","url":"https:\/\/www.cfg.edu.pl\/wp-content\/uploads\/2024\/02\/FUNDACJA_Code_for_Green_logo.svg","contentUrl":"https:\/\/www.cfg.edu.pl\/wp-content\/uploads\/2024\/02\/FUNDACJA_Code_for_Green_logo.svg","width":236,"height":111,"caption":"Code for Green"},"image":{"@id":"https:\/\/www.cfg.edu.pl\/#\/schema\/logo\/image\/"},"sameAs":["https:\/\/www.facebook.com\/FundacjaForumInicjatywSpolecznych\/","https:\/\/www.youtube.com\/@fundacjaforuminicjatywspoe6910\/featured"],"description":"Jeste\u015bmy polsk\u0105 organizacj\u0105 non-profit, kt\u00f3ra od 2018 roku aktywnie wprowadza sprawcza edukacj\u0119 \u015brodowiskow\u0105 do szk\u00f3\u0142, by m\u0142odzi potrafili rozwi\u0105zywa\u0107 lokalne problemy wykorzystuj\u0105c technologie cyfrowe. Kszta\u0142cimy nauczycieli \u2013 przekszta\u0142camy szko\u0142\u0119 w centrum edukacji \u015brodowiskowej.","email":"biuro@ffis.edu.pl","legalName":"Fundacja Forum Inicjatyw Spo\u0142ecznych","vatID":"PL8442359966","taxID":"8442359966"},{"@type":"Person","@id":"https:\/\/www.cfg.edu.pl\/#\/schema\/person\/fdc9fdf7fb9849e5a56520737e800c31","name":"Iwona Danilewicz","image":{"@type":"ImageObject","inLanguage":"en-GB","@id":"https:\/\/secure.gravatar.com\/avatar\/2ae8921d776b718c1a50fff3daae571e64f82b2a3f1f3de3f168bdd28d48343d?s=96&d=mm&r=g","url":"https:\/\/secure.gravatar.com\/avatar\/2ae8921d776b718c1a50fff3daae571e64f82b2a3f1f3de3f168bdd28d48343d?s=96&d=mm&r=g","contentUrl":"https:\/\/secure.gravatar.com\/avatar\/2ae8921d776b718c1a50fff3daae571e64f82b2a3f1f3de3f168bdd28d48343d?s=96&d=mm&r=g","caption":"Iwona Danilewicz"}}]}},"_links":{"self":[{"href":"https:\/\/www.cfg.edu.pl\/eng\/wp-json\/wp\/v2\/posts\/7135","targetHints":{"allow":["GET"]}}],"collection":[{"href":"https:\/\/www.cfg.edu.pl\/eng\/wp-json\/wp\/v2\/posts"}],"about":[{"href":"https:\/\/www.cfg.edu.pl\/eng\/wp-json\/wp\/v2\/types\/post"}],"author":[{"embeddable":true,"href":"https:\/\/www.cfg.edu.pl\/eng\/wp-json\/wp\/v2\/users\/8"}],"replies":[{"embeddable":true,"href":"https:\/\/www.cfg.edu.pl\/eng\/wp-json\/wp\/v2\/comments?post=7135"}],"version-history":[{"count":4,"href":"https:\/\/www.cfg.edu.pl\/eng\/wp-json\/wp\/v2\/posts\/7135\/revisions"}],"predecessor-version":[{"id":7150,"href":"https:\/\/www.cfg.edu.pl\/eng\/wp-json\/wp\/v2\/posts\/7135\/revisions\/7150"}],"wp:featuredmedia":[{"embeddable":true,"href":"https:\/\/www.cfg.edu.pl\/eng\/wp-json\/wp\/v2\/media\/7136"}],"wp:attachment":[{"href":"https:\/\/www.cfg.edu.pl\/eng\/wp-json\/wp\/v2\/media?parent=7135"}],"wp:term":[{"taxonomy":"category","embeddable":true,"href":"https:\/\/www.cfg.edu.pl\/eng\/wp-json\/wp\/v2\/categories?post=7135"},{"taxonomy":"post_tag","embeddable":true,"href":"https:\/\/www.cfg.edu.pl\/eng\/wp-json\/wp\/v2\/tags?post=7135"}],"curies":[{"name":"wp","href":"https:\/\/api.w.org\/{rel}","templated":true}]}}